{"id":31462,"date":"2022-08-03T12:20:23","date_gmt":"2022-08-03T09:20:23","guid":{"rendered":"https:\/\/www.adanaseshaber.com\/?p=31462"},"modified":"2022-08-03T12:21:16","modified_gmt":"2022-08-03T09:21:16","slug":"fenerbahce-yeni-kalecisini-buldu","status":"publish","type":"post","link":"https:\/\/adanaseshaber.com.tr\/?p=31462","title":{"rendered":"Fenerbah\u00e7e yeni kalecisini buldu"},"content":{"rendered":"<p>Uzun bir s\u00fcredir yedek kaleci aray\u0131\u015f\u0131nda olan Fenerbah\u00e7e\u2019de \u00f6nemli bir isim konu\u015fuluyor. Ba\u015far\u0131l\u0131 kaleci Altay Bay\u0131nd\u0131r\u2019\u0131n yan\u0131na yedek kaleci almak isteyen Fenerbah\u00e7e\u2019nin g\u00f6r\u00fc\u015fmeleri yo\u011funla\u015ft\u0131. Sar\u0131-lacivertli tak\u0131m kaleci transferi i\u00e7in \u00f6nemli bir isimle g\u00fcndeme geldi. Fenerbah\u00e7e\u2019den G\u00f6ztepe\u2019nin gen\u00e7 kalecisine resmi teklif gitti. Daha \u00f6nce farkl\u0131 T\u00fcrk kalecileri de mercek alt\u0131na alan Fenerbah\u00e7e, parasal anlamda olumlu d\u00f6n\u00fc\u015fler alamam\u0131\u015ft\u0131. Fenerbah\u00e7e Ba\u015fkan\u0131 Ali Ko\u00e7\u2019un kaleci transferi yap\u0131laca\u011f\u0131na dair a\u00e7\u0131klamas\u0131n\u0131n ard\u0131ndan sar\u0131-lacivertlilerde kaleci transferi i\u00e7in \u00e7al\u0131\u015fmalar h\u0131zland\u0131. Ba\u015far\u0131l\u0131 kaleci Altay Bay\u0131nd\u0131r\u2019\u0131 yedeklemek i\u00e7in \u00e7al\u0131\u015fmalara ba\u015flayan Fenerbah\u00e7e, G\u00f6ztepe\u2019nin kalecisi \u0130rfan Can E\u011fribayat\u2019a resmi teklif yapt\u0131. \u0130\u015fte detaylar\u2026<\/p>\n<p><strong>\u0130RFAN CAN E\u011eR\u0130BAYAT\u2019A TEKL\u0130F G\u0130TT\u0130<\/strong><\/p>\n<p>Ge\u00e7ti\u011fimiz g\u00fcnlerde oynanan Dinamo Kiev ma\u00e7\u0131nda sakatl\u0131k ya\u015fayan Altay Bay\u0131nd\u0131r\u2019\u0131 yedeklemek i\u00e7in \u00e7al\u0131\u015fmalara ba\u015flayan Fenerbah\u00e7e, \u00e7ok \u00f6nemli bir isimle g\u00fcndeme geldi. Daha \u00f6nce farkl\u0131 T\u00fcrk kalecileri de mercek alt\u0131na alan Fenerbah\u00e7e, parasal anlamda olumlu d\u00f6n\u00fc\u015fler alamam\u0131\u015ft\u0131. Sar\u0131-lacivertlilerin en son kaleci aray\u0131\u015f\u0131nda g\u00fcndemine ald\u0131\u011f\u0131 isim ise \u0130talya Serie A\u2019da forma giyen Salvatore Sirigu olmu\u015ftu. Ancak T\u00fcrk oyuncu kural\u0131n\u0131 da g\u00f6z \u00f6n\u00fcnde bulunduran Fenerbah\u00e7e, G\u00f6ztepe\u2019nin gen\u00e7 kalecisi \u0130rfan Can E\u011fribayat\u2019a resmi teklifte bulundu.<\/p>\n<p><img loading=\"lazy\" decoding=\"async\" class=\"aligncenter wp-image-31466 size-full\" src=\"https:\/\/adanaseshaber.com.tr\/wp-content\/uploads\/2022\/08\/fenerbahce-yeni-kalecisini-buldu.jpg\" alt=\"\" width=\"1280\" height=\"720\" srcset=\"https:\/\/adanaseshaber.com.tr\/wp-content\/uploads\/2022\/08\/fenerbahce-yeni-kalecisini-buldu.jpg 1280w, https:\/\/adanaseshaber.com.tr\/wp-content\/uploads\/2022\/08\/fenerbahce-yeni-kalecisini-buldu-300x169.jpg 300w, https:\/\/adanaseshaber.com.tr\/wp-content\/uploads\/2022\/08\/fenerbahce-yeni-kalecisini-buldu-1024x576.jpg 1024w, https:\/\/adanaseshaber.com.tr\/wp-content\/uploads\/2022\/08\/fenerbahce-yeni-kalecisini-buldu-768x432.jpg 768w, https:\/\/adanaseshaber.com.tr\/wp-content\/uploads\/2022\/08\/fenerbahce-yeni-kalecisini-buldu-390x220.jpg 390w\" sizes=\"auto, (max-width: 1280px) 100vw, 1280px\" \/><\/p>\n<p><strong>\u0130RFAN CAN E\u011eR\u0130BAYAT K\u0130MD\u0130R?<\/strong><\/p>\n<p>30 Haziran 1998 y\u0131l\u0131nda Adana\u2019da d\u00fcnyaya gelen \u0130rfan Can E\u011fribayat, futbola ise 2007 y\u0131l\u0131nda Adanaspor\u2019un altyap\u0131s\u0131nda ba\u015flad\u0131. 7 y\u0131l boyunca \u00e7e\u015fitli kategorilerde forma giyen E\u011fribayat, 2014 y\u0131l\u0131nda ise profesyonel imzas\u0131n\u0131 att\u0131. K\u0131sa s\u00fcre i\u00e7erisinde g\u00f6z dolduran performans\u0131 ile t\u00fcm dikkatleri \u00fczerine toplayan \u0130rfan Can, gen\u00e7 milli tak\u0131mlara \u00e7a\u011f\u0131r\u0131ld\u0131. Son olarak G\u00f6ztepe formas\u0131 giyen gen\u00e7 kaleci, geride b\u0131rakt\u0131\u011f\u0131m\u0131z sezon 32 ma\u00e7ta g\u00f6rev alm\u0131\u015ft\u0131. 1.93 boyunda olan kaleci \u0130rfan Can E\u011fribayat, Adanaspor\u2019dan G\u00f6ztepe\u2019ye transfer olmu\u015ftu.<\/p>\n","protected":false},"excerpt":{"rendered":"<p>Uzun bir s\u00fcredir yedek kaleci aray\u0131\u015f\u0131nda olan Fenerbah\u00e7e\u2019de \u00f6nemli bir isim konu\u015fuluyor. Ba\u015far\u0131l\u0131 kaleci Altay Bay\u0131nd\u0131r\u2019\u0131n yan\u0131na yedek kaleci almak isteyen Fenerbah\u00e7e\u2019nin g\u00f6r\u00fc\u015fmeleri yo\u011funla\u015ft\u0131. Sar\u0131-lacivertli tak\u0131m kaleci transferi i\u00e7in \u00f6nemli bir isimle g\u00fcndeme geldi. Fenerbah\u00e7e\u2019den G\u00f6ztepe\u2019nin gen\u00e7 kalecisine resmi teklif gitti. Daha \u00f6nce farkl\u0131 T\u00fcrk kalecileri de mercek alt\u0131na alan Fenerbah\u00e7e, parasal anlamda olumlu d\u00f6n\u00fc\u015fler &hellip;<\/p>\n","protected":false},"author":6,"featured_media":31463,"comment_status":"closed","ping_status":"closed","sticky":false,"template":"","format":"standard","meta":{"footnotes":""},"categories":[5],"tags":[],"class_list":["post-31462","post","type-post","status-publish","format-standard","has-post-thumbnail","hentry","category-spor"],"amp_enabled":true,"_links":{"self":[{"href":"https:\/\/adanaseshaber.com.tr\/index.php?rest_route=\/wp\/v2\/posts\/31462","targetHints":{"allow":["GET"]}}],"collection":[{"href":"https:\/\/adanaseshaber.com.tr\/index.php?rest_route=\/wp\/v2\/posts"}],"about":[{"href":"https:\/\/adanaseshaber.com.tr\/index.php?rest_route=\/wp\/v2\/types\/post"}],"author":[{"embeddable":true,"href":"https:\/\/adanaseshaber.com.tr\/index.php?rest_route=\/wp\/v2\/users\/6"}],"replies":[{"embeddable":true,"href":"https:\/\/adanaseshaber.com.tr\/index.php?rest_route=%2Fwp%2Fv2%2Fcomments&post=31462"}],"version-history":[{"count":2,"href":"https:\/\/adanaseshaber.com.tr\/index.php?rest_route=\/wp\/v2\/posts\/31462\/revisions"}],"predecessor-version":[{"id":31467,"href":"https:\/\/adanaseshaber.com.tr\/index.php?rest_route=\/wp\/v2\/posts\/31462\/revisions\/31467"}],"wp:featuredmedia":[{"embeddable":true,"href":"https:\/\/adanaseshaber.com.tr\/index.php?rest_route=\/wp\/v2\/media\/31463"}],"wp:attachment":[{"href":"https:\/\/adanaseshaber.com.tr\/index.php?rest_route=%2Fwp%2Fv2%2Fmedia&parent=31462"}],"wp:term":[{"taxonomy":"category","embeddable":true,"href":"https:\/\/adanaseshaber.com.tr\/index.php?rest_route=%2Fwp%2Fv2%2Fcategories&post=31462"},{"taxonomy":"post_tag","embeddable":true,"href":"https:\/\/adanaseshaber.com.tr\/index.php?rest_route=%2Fwp%2Fv2%2Ftags&post=31462"}],"curies":[{"name":"wp","href":"https:\/\/api.w.org\/{rel}","templated":true}]}}