{"id":31500,"date":"2022-08-03T13:51:40","date_gmt":"2022-08-03T10:51:40","guid":{"rendered":"https:\/\/www.adanaseshaber.com\/?p=31500"},"modified":"2022-08-03T13:59:14","modified_gmt":"2022-08-03T10:59:14","slug":"kpss-krizi-buyuyor-devlet-denetleme-kurulu-problemli-bir-durum-var-gibi-gozukuyor","status":"publish","type":"post","link":"https:\/\/adanaseshaber.com.tr\/?p=31500","title":{"rendered":"KPSS krizi b\u00fcy\u00fcyor! Devlet Denetleme Kurulu: Problemli bir durum var gibi g\u00f6z\u00fck\u00fcyor"},"content":{"rendered":"<p>31 Temmuz 2022 Pazar g\u00fcn\u00fc ger\u00e7ekle\u015ftirilen KPSS Lisans oturumuyla ilgili kriz b\u00fcy\u00fcyor. 2022 KPSS sorular\u0131n\u0131n s\u0131zd\u0131r\u0131ld\u0131\u011f\u0131na dair iddialar g\u00fcndemi sarsarken Cumhurba\u015fkan\u0131 Recep Tayyip Erdo\u011fan&#8217;dan Devlet Denetleme Kurulu\u2019na \u00f6zel talimat verilmi\u015f ve konunun incelenmesi istenilmi\u015fti. T\u00fcm bu ya\u015fananlardan sonra Resmi Gazete\u2019de yay\u0131mlanan kararla \u00d6SYM Ba\u015fkan\u0131 Prof. Dr. Halis Ayg\u00fcn g\u00f6revden al\u0131nm\u0131\u015ft\u0131. DDK, KPSS sorular\u0131na ili\u015fkin iddialarla ilgili a\u00e7\u0131klama yapt\u0131. Cumhurba\u015fkan\u0131 Erdo\u011fan\u2019\u0131n KPSS s\u0131nav\u0131yla ilgili \u00f6zel inceleme talimat\u0131 verdi\u011fi Devlet Denetleme Kurulu\u2019ndan a\u00e7\u0131klama geldi. DDK Ba\u015fkan\u0131 Yunus Ar\u0131nc\u0131, \u2018Problemli bir durum var gibi g\u00f6z\u00fck\u00fcyor\u2019 a\u00e7\u0131klamas\u0131n\u0131 yapt\u0131. Bu a\u00e7\u0131klaman\u0131n ard\u0131ndan Devlet Denetleme Kurulu m\u00fcfetti\u015flerinin de harekete ge\u00e7ti\u011fi \u00f6\u011frenildi. M\u00fcfetti\u015fler, KPSS sorular\u0131na ili\u015fkin iddialarla ilgili bug\u00fcn \u00d6SYM\u2019ye gidecek.<\/p>\n<p><strong>KPSS SINAVINDA KR\u0130Z<\/strong><\/p>\n<p>31 Temmuz 2022 Pazar g\u00fcn\u00fc \u00d6SYM taraf\u0131ndan ger\u00e7ekle\u015ftirilen KPSS Lisans oturumunun ard\u0131ndan d\u00fcn g\u00fcndemi sarsan bir iddia ortaya at\u0131ld\u0131. S\u0131nava kat\u0131l\u0131m sa\u011flayan baz\u0131 adaylar, yay\u0131nlanan cevap anahtar\u0131 ile bir yay\u0131nevinin deneme sorular\u0131n\u0131n birebir ayn\u0131 oldu\u011funu iddia etti. S\u00f6z konusu iddia k\u0131sa s\u00fcrede g\u00fcndem oldu ve tepkiler \u00e7\u0131\u011f gibi b\u00fcy\u00fcd\u00fc.<\/p>\n<p><strong>\u00d6SYM BA\u015eKANI G\u00d6REVDEN ALINDI<\/strong><\/p>\n<p>Konuyla ilgili g\u00f6zlerin \u00e7evrildi\u011fi \u00d6SYM&#8217;den gelen ilk a\u00e7\u0131klamada ise incelemeler sonucunda iddialar\u0131n as\u0131ls\u0131z oldu\u011fu ifadelerine yer verildi. Ancak devreye giren Cumhurba\u015fkan\u0131 Recep Tayyip Erdo\u011fan, Devlet Denetleme Kurulu&#8217;na \u00f6zel talimat vererek konunun incelenmesini istedi. T\u00fcm bu geli\u015fmelerin ard\u0131ndan 3 A\u011fustos 2022 tarihli Resmi Gazete karar\u0131 kapsam\u0131nda \u00d6SYM Ba\u015fkan\u0131 Prof. Dr. Halis Ayg\u00fcn g\u00f6revden al\u0131nd\u0131.<\/p>\n<p><img loading=\"lazy\" decoding=\"async\" class=\"aligncenter wp-image-31508 size-full\" src=\"https:\/\/adanaseshaber.com.tr\/wp-content\/uploads\/2022\/08\/kpss-krizi-buyuyor-devlet-denetleme-kurulu-problemli-bir-durum-var-gibi-gozukuyor-1.jpg\" alt=\"\" width=\"1280\" height=\"720\" srcset=\"https:\/\/adanaseshaber.com.tr\/wp-content\/uploads\/2022\/08\/kpss-krizi-buyuyor-devlet-denetleme-kurulu-problemli-bir-durum-var-gibi-gozukuyor-1.jpg 1280w, https:\/\/adanaseshaber.com.tr\/wp-content\/uploads\/2022\/08\/kpss-krizi-buyuyor-devlet-denetleme-kurulu-problemli-bir-durum-var-gibi-gozukuyor-1-300x169.jpg 300w, https:\/\/adanaseshaber.com.tr\/wp-content\/uploads\/2022\/08\/kpss-krizi-buyuyor-devlet-denetleme-kurulu-problemli-bir-durum-var-gibi-gozukuyor-1-1024x576.jpg 1024w, https:\/\/adanaseshaber.com.tr\/wp-content\/uploads\/2022\/08\/kpss-krizi-buyuyor-devlet-denetleme-kurulu-problemli-bir-durum-var-gibi-gozukuyor-1-768x432.jpg 768w, https:\/\/adanaseshaber.com.tr\/wp-content\/uploads\/2022\/08\/kpss-krizi-buyuyor-devlet-denetleme-kurulu-problemli-bir-durum-var-gibi-gozukuyor-1-390x220.jpg 390w\" sizes=\"auto, (max-width: 1280px) 100vw, 1280px\" \/><\/p>\n<p><strong>DDK&#8217;DAN A\u00c7IKLAMA GELD\u0130<\/strong><\/p>\n<p>\u00d6SYM Ba\u015fkan\u0131 Ayg\u00fcn&#8217;\u00fcn g\u00f6revden al\u0131nmas\u0131n\u0131n ard\u0131ndan Devlet Denetleme Kurulu m\u00fcfetti\u015fleri de harekete ge\u00e7ti. M\u00fcfetti\u015flerin iddialar\u0131 incelemek \u00fczere bug\u00fcn \u00d6SYM&#8217;ye gidece\u011fi \u00f6\u011frenildi. \u00d6te yandan Devlet Denetleme Kurulu Ba\u015fkan\u0131 Yunus Ar\u0131nc\u0131&#8217;dan gelen a\u00e7\u0131klamada ise &#8216;KPSS konusunda ilk izlenimlerde problemli durumun varl\u0131\u011f\u0131n\u0131 g\u00f6rd\u00fck. Kamuoyunu ayd\u0131nlatmak i\u00e7in h\u0131zl\u0131ca soru\u015fturmay\u0131 tamamlayaca\u011f\u0131z.&#8217; dedi.<\/p>\n","protected":false},"excerpt":{"rendered":"<p>31 Temmuz 2022 Pazar g\u00fcn\u00fc ger\u00e7ekle\u015ftirilen KPSS Lisans oturumuyla ilgili kriz b\u00fcy\u00fcyor. 2022 KPSS sorular\u0131n\u0131n s\u0131zd\u0131r\u0131ld\u0131\u011f\u0131na dair iddialar g\u00fcndemi sarsarken Cumhurba\u015fkan\u0131 Recep Tayyip Erdo\u011fan&#8217;dan Devlet Denetleme Kurulu\u2019na \u00f6zel talimat verilmi\u015f ve konunun incelenmesi istenilmi\u015fti. T\u00fcm bu ya\u015fananlardan sonra Resmi Gazete\u2019de yay\u0131mlanan kararla \u00d6SYM Ba\u015fkan\u0131 Prof. Dr. Halis Ayg\u00fcn g\u00f6revden al\u0131nm\u0131\u015ft\u0131. DDK, KPSS sorular\u0131na ili\u015fkin iddialarla &hellip;<\/p>\n","protected":false},"author":6,"featured_media":31501,"comment_status":"closed","ping_status":"closed","sticky":false,"template":"","format":"standard","meta":{"footnotes":""},"categories":[1],"tags":[],"class_list":["post-31500","post","type-post","status-publish","format-standard","has-post-thumbnail","hentry","category-genel"],"amp_enabled":true,"_links":{"self":[{"href":"https:\/\/adanaseshaber.com.tr\/index.php?rest_route=\/wp\/v2\/posts\/31500","targetHints":{"allow":["GET"]}}],"collection":[{"href":"https:\/\/adanaseshaber.com.tr\/index.php?rest_route=\/wp\/v2\/posts"}],"about":[{"href":"https:\/\/adanaseshaber.com.tr\/index.php?rest_route=\/wp\/v2\/types\/post"}],"author":[{"embeddable":true,"href":"https:\/\/adanaseshaber.com.tr\/index.php?rest_route=\/wp\/v2\/users\/6"}],"replies":[{"embeddable":true,"href":"https:\/\/adanaseshaber.com.tr\/index.php?rest_route=%2Fwp%2Fv2%2Fcomments&post=31500"}],"version-history":[{"count":6,"href":"https:\/\/adanaseshaber.com.tr\/index.php?rest_route=\/wp\/v2\/posts\/31500\/revisions"}],"predecessor-version":[{"id":31509,"href":"https:\/\/adanaseshaber.com.tr\/index.php?rest_route=\/wp\/v2\/posts\/31500\/revisions\/31509"}],"wp:featuredmedia":[{"embeddable":true,"href":"https:\/\/adanaseshaber.com.tr\/index.php?rest_route=\/wp\/v2\/media\/31501"}],"wp:attachment":[{"href":"https:\/\/adanaseshaber.com.tr\/index.php?rest_route=%2Fwp%2Fv2%2Fmedia&parent=31500"}],"wp:term":[{"taxonomy":"category","embeddable":true,"href":"https:\/\/adanaseshaber.com.tr\/index.php?rest_route=%2Fwp%2Fv2%2Fcategories&post=31500"},{"taxonomy":"post_tag","embeddable":true,"href":"https:\/\/adanaseshaber.com.tr\/index.php?rest_route=%2Fwp%2Fv2%2Ftags&post=31500"}],"curies":[{"name":"wp","href":"https:\/\/api.w.org\/{rel}","templated":true}]}}