{"id":31511,"date":"2022-08-03T14:20:47","date_gmt":"2022-08-03T11:20:47","guid":{"rendered":"https:\/\/www.adanaseshaber.com\/?p=31511"},"modified":"2022-08-03T14:21:43","modified_gmt":"2022-08-03T11:21:43","slug":"oyuncu-miguel-angel-silvestre-hande-erceli-takibe-aldi","status":"publish","type":"post","link":"https:\/\/adanaseshaber.com.tr\/?p=31511","title":{"rendered":"Oyuncu Miguel Angel Silvestre Hande Er\u00e7el\u2019i takibe ald\u0131"},"content":{"rendered":"<p>Oyunculu\u011fu kadar \u00f6zel hayat\u0131yla da s\u0131k s\u0131k g\u00fcndeme gelen Hande Er\u00e7el, a\u015fk hayat\u0131yla da s\u0131k s\u0131k magazin man\u015fetlerinin en \u00fcst s\u0131ralar\u0131nda yer al\u0131yor. D\u00fcnyaca \u00fcnl\u00fc oyuncu Miguel Angel Silvestre\u2019nin Instagram\u2019dan takip etmeye ba\u015flad\u0131\u011f\u0131 g\u00fczel oyuncu bir kez daha magazin g\u00fcndemindeki yerini ald\u0131. Er\u00e7el\u2019e kafay\u0131 takan Silvestre, payla\u015f\u0131mlara yorum yapmay\u0131 da ihmal etmedi. Kaan Y\u0131ld\u0131r\u0131m ile a\u015fk\u0131 ya\u015famaya ba\u015flayan ancak ili\u015fkileri k\u0131sa s\u00fcren Hande Er\u00e7el, ge\u00e7ti\u011fimiz haftalarda Y\u0131ld\u0131r\u0131m ile yollar\u0131n\u0131 ay\u0131rm\u0131\u015ft\u0131. \u015eimdilerde hayat\u0131nda kimse olmayan Er\u00e7el, d\u00fcnyaca \u00fcnl\u00fc oyuncu Miguel Angel Silvestre taraf\u0131ndan yak\u0131n takibe al\u0131nd\u0131. Oyuncu Silvestre, Er\u00e7el\u2019i Instagram\u2019dan takip etmeye ba\u015flad\u0131.<\/p>\n<p><strong>INSTAGRAM\u2019DAN TAK\u0130P ETT\u0130<\/strong><\/p>\n<p>Yay\u0131nland\u0131\u011f\u0131 d\u00f6nemin en \u00e7ok izlenen yap\u0131mlar\u0131 aras\u0131nda olan Sen \u00c7al Kap\u0131m\u0131 dizisindeki partneri Kerem B\u00fcrsin ile a\u015fk ya\u015fayan ve bir s\u00fcre sonra ili\u015fkisini noktalayan g\u00fczel oyuncu Hande Er\u00e7el, \u00f6zel hayat\u0131yla g\u00fcndemden d\u00fc\u015fm\u00fcyor. K\u0131sa bir s\u00fcre \u00f6nce Kaan Y\u0131ld\u0131r\u0131m ile ili\u015fkisini noktalayan Er\u00e7el, d\u00fcnyaca \u00fcnl\u00fc oyuncu Miguel Angel Silvestre taraf\u0131ndan yak\u0131n takibe al\u0131nd\u0131. Silvestre, Instagram\u2019dan takip etmeye ba\u015flad\u0131\u011f\u0131 Er\u00e7el\u2019in payla\u015f\u0131mlar\u0131na yorum yapmay\u0131 da ihmal etmiyor.<\/p>\n<p><img loading=\"lazy\" decoding=\"async\" class=\"aligncenter wp-image-31515 size-full\" src=\"https:\/\/adanaseshaber.com.tr\/wp-content\/uploads\/2022\/08\/oyuncu-miguel-angel-silvestre-hande-erceli-takibe-aldi.jpg\" alt=\"\" width=\"1280\" height=\"720\" srcset=\"https:\/\/adanaseshaber.com.tr\/wp-content\/uploads\/2022\/08\/oyuncu-miguel-angel-silvestre-hande-erceli-takibe-aldi.jpg 1280w, https:\/\/adanaseshaber.com.tr\/wp-content\/uploads\/2022\/08\/oyuncu-miguel-angel-silvestre-hande-erceli-takibe-aldi-300x169.jpg 300w, https:\/\/adanaseshaber.com.tr\/wp-content\/uploads\/2022\/08\/oyuncu-miguel-angel-silvestre-hande-erceli-takibe-aldi-1024x576.jpg 1024w, https:\/\/adanaseshaber.com.tr\/wp-content\/uploads\/2022\/08\/oyuncu-miguel-angel-silvestre-hande-erceli-takibe-aldi-768x432.jpg 768w, https:\/\/adanaseshaber.com.tr\/wp-content\/uploads\/2022\/08\/oyuncu-miguel-angel-silvestre-hande-erceli-takibe-aldi-390x220.jpg 390w\" sizes=\"auto, (max-width: 1280px) 100vw, 1280px\" \/><\/p>\n<p><strong>G\u00dcL\u00dcC\u00dcK EMOJ\u0130L\u0130 YORUM<\/strong><\/p>\n<p>Geride b\u0131rakt\u0131\u011f\u0131m\u0131z May\u0131s ay\u0131nda kendisiyle \u00e7al\u0131\u015fmak isteyen Hande Er\u00e7el\u2019in foto\u011fraf\u0131n\u0131 sosyal medya hesab\u0131ndan payla\u015fan Silvestre, \u2018Can\u0131m Hande, haydi hayallerimizi ger\u00e7ekle\u015ftirelim. Ben de seninle \u00e7al\u0131\u015fmay\u0131 isterim.\u2019 notunu d\u00fc\u015fm\u00fc\u015ft\u00fc. G\u00fczel oyuncuyu Instagram2da takip etmeye ba\u015flayan Silvestre, Er\u00e7el\u2019in son payla\u015ft\u0131\u011f\u0131 foto\u011frafa da g\u00fcl\u00fcc\u00fck emojisi koydu.<\/p>\n","protected":false},"excerpt":{"rendered":"<p>Oyunculu\u011fu kadar \u00f6zel hayat\u0131yla da s\u0131k s\u0131k g\u00fcndeme gelen Hande Er\u00e7el, a\u015fk hayat\u0131yla da s\u0131k s\u0131k magazin man\u015fetlerinin en \u00fcst s\u0131ralar\u0131nda yer al\u0131yor. D\u00fcnyaca \u00fcnl\u00fc oyuncu Miguel Angel Silvestre\u2019nin Instagram\u2019dan takip etmeye ba\u015flad\u0131\u011f\u0131 g\u00fczel oyuncu bir kez daha magazin g\u00fcndemindeki yerini ald\u0131. Er\u00e7el\u2019e kafay\u0131 takan Silvestre, payla\u015f\u0131mlara yorum yapmay\u0131 da ihmal etmedi. Kaan Y\u0131ld\u0131r\u0131m ile &hellip;<\/p>\n","protected":false},"author":6,"featured_media":31512,"comment_status":"closed","ping_status":"closed","sticky":false,"template":"","format":"standard","meta":{"footnotes":""},"categories":[15431],"tags":[],"class_list":["post-31511","post","type-post","status-publish","format-standard","has-post-thumbnail","hentry","category-medya"],"amp_enabled":true,"_links":{"self":[{"href":"https:\/\/adanaseshaber.com.tr\/index.php?rest_route=\/wp\/v2\/posts\/31511","targetHints":{"allow":["GET"]}}],"collection":[{"href":"https:\/\/adanaseshaber.com.tr\/index.php?rest_route=\/wp\/v2\/posts"}],"about":[{"href":"https:\/\/adanaseshaber.com.tr\/index.php?rest_route=\/wp\/v2\/types\/post"}],"author":[{"embeddable":true,"href":"https:\/\/adanaseshaber.com.tr\/index.php?rest_route=\/wp\/v2\/users\/6"}],"replies":[{"embeddable":true,"href":"https:\/\/adanaseshaber.com.tr\/index.php?rest_route=%2Fwp%2Fv2%2Fcomments&post=31511"}],"version-history":[{"count":4,"href":"https:\/\/adanaseshaber.com.tr\/index.php?rest_route=\/wp\/v2\/posts\/31511\/revisions"}],"predecessor-version":[{"id":31517,"href":"https:\/\/adanaseshaber.com.tr\/index.php?rest_route=\/wp\/v2\/posts\/31511\/revisions\/31517"}],"wp:featuredmedia":[{"embeddable":true,"href":"https:\/\/adanaseshaber.com.tr\/index.php?rest_route=\/wp\/v2\/media\/31512"}],"wp:attachment":[{"href":"https:\/\/adanaseshaber.com.tr\/index.php?rest_route=%2Fwp%2Fv2%2Fmedia&parent=31511"}],"wp:term":[{"taxonomy":"category","embeddable":true,"href":"https:\/\/adanaseshaber.com.tr\/index.php?rest_route=%2Fwp%2Fv2%2Fcategories&post=31511"},{"taxonomy":"post_tag","embeddable":true,"href":"https:\/\/adanaseshaber.com.tr\/index.php?rest_route=%2Fwp%2Fv2%2Ftags&post=31511"}],"curies":[{"name":"wp","href":"https:\/\/api.w.org\/{rel}","templated":true}]}}