{"id":31561,"date":"2022-08-03T15:59:40","date_gmt":"2022-08-03T12:59:40","guid":{"rendered":"https:\/\/www.adanaseshaber.com\/?p=31561"},"modified":"2022-08-03T15:59:04","modified_gmt":"2022-08-03T12:59:04","slug":"konyada-medyum-dehseti-falda-cikan-a-harfi-ortaligi-karistirdi","status":"publish","type":"post","link":"https:\/\/adanaseshaber.com.tr\/?p=31561","title":{"rendered":"Konya\u2019da medyum deh\u015feti! Falda \u00e7\u0131kan A harfi ortal\u0131\u011f\u0131 kar\u0131\u015ft\u0131rd\u0131"},"content":{"rendered":"<p>Konya\u2019da meydana gelen ve duyanlar\u0131 \u015fa\u015fk\u0131na \u00e7eviren olayda 27 ya\u015f\u0131ndaki Hasan Karaa\u011fa\u00e7, kendisini medyum olarak tan\u0131tt\u0131 ve fal\u0131na bakt\u0131\u011f\u0131 kad\u0131na beraber ya\u015fad\u0131\u011f\u0131 ki\u015finin kendisini aldatt\u0131\u011f\u0131n\u0131 s\u00f6yledi. Falda \u00e7\u0131kanlar \u00fczerine eve giden kad\u0131n beraber ya\u015fad\u0131\u011f\u0131 sevgilisi Ferhat Y\u0131lmaz ile tart\u0131\u015ft\u0131. B\u00fcy\u00fck tart\u0131\u015fma ya\u015fayan \u00e7iftin ayr\u0131lma noktas\u0131na geldi\u011fi \u00f6\u011frenilirken fal olay\u0131n\u0131 \u00f6\u011frenen Ferhat Y\u0131lmaz ise medyumun evini bast\u0131. Sevgilisinin falda kendisine s\u00f6ylenenlerin ard\u0131ndan eve gelip tart\u0131\u015fma ya\u015fad\u0131\u011f\u0131 Ferhat Y\u0131lmaz, Hasan Karaa\u011fa\u00e7\u2019\u0131n evine giderek tart\u0131\u015fmaya ba\u015flad\u0131. Tart\u0131\u015fma an\u0131nda medyum Karaa\u011fa\u00e7, Ferhat Y\u0131lmaz\u2019\u0131 b\u0131\u00e7aklayarak a\u011f\u0131r yaralad\u0131. Olay\u0131n ard\u0131ndan hasan Karaa\u011fa\u00e7 g\u00f6zalt\u0131na al\u0131n\u0131rken a\u011f\u0131r yaralanan Ferhat Y\u0131lmaz ise hastanede tedavi alt\u0131na al\u0131nd\u0131. \u0130\u015fte detaylar\u2026<\/p>\n<p><strong>FALDA \u00c7IKAN A HARF\u0130 ORTALI\u011eI KARI\u015eTIRDI<\/strong><\/p>\n<p>Olay, Konya merkez Meram il\u00e7esi Derecamikebir Mahallesi\u2019nde meydana geldi. Al\u0131nan bilgilere g\u00f6re, kendisini medyum olarak tan\u0131tan 27 ya\u015f\u0131ndaki Hasan Karaa\u011fa\u00e7, \u015e.K. isimli kad\u0131n\u0131n 150 TL kar\u015f\u0131l\u0131\u011f\u0131nda fal\u0131na bakt\u0131. Fal\u0131na bakt\u0131\u011f\u0131 kad\u0131na beraber ya\u015fad\u0131\u011f\u0131 sevgilisinin kendisini aldatt\u0131\u011f\u0131n\u0131 s\u00f6yleyen ve bu ki\u015finin isminde A harfi oldu\u011funu belirten medyum, ortal\u0131\u011f\u0131 kar\u0131\u015ft\u0131rd\u0131. Fal\u0131nda \u00e7\u0131kanlara sinirlenen \u015e.K., eve giderek sevgilisi Ferhat Y\u0131lmaz\u2019la tart\u0131\u015fmaya ba\u015flad\u0131. B\u00fcy\u00fck bir tart\u0131\u015fma ya\u015fayan \u00e7ift ayr\u0131lma noktas\u0131na gelirken fal olay\u0131n\u0131 \u00f6\u011frenen Ferhat Y\u0131lmaz ise solu\u011fu medyumun evinde ald\u0131.<\/p>\n<p><strong>A\u011eIR YARALANDI<\/strong><\/p>\n<p>Medyum Hasan Karaa\u011fa\u00e7\u2019\u0131n evini basan ve hem Karaa\u011fa\u00e7 hem de yan\u0131ndakilerle tart\u0131\u015fan Ferhat Y\u0131lmaz, tart\u0131\u015fman\u0131n kavgaya d\u00f6n\u00fc\u015fmesi \u00fczerine karn\u0131ndan b\u0131\u00e7aklanan Y\u0131lmaz, a\u011f\u0131r yaral\u0131 \u015fekilde hastaneye kald\u0131r\u0131larak tedavi alt\u0131na al\u0131nd\u0131.<\/p>\n<p><strong>HASAN KARAA\u011eA\u00c7 G\u00d6ZALTINA ALINDI<\/strong><\/p>\n<p>Tart\u0131\u015fma s\u0131ras\u0131nda b\u0131\u00e7aklanarak a\u011f\u0131r yaralanan Ferhat Y\u0131lmaz olay yerine gelen ambulansla hastaneye kald\u0131r\u0131l\u0131rken medyum Hasan Karaa\u011fa\u00e7 ise Meram Su\u00e7 \u00d6nleme ve Soru\u015fturma B\u00fcro Amirli\u011fi ekipleri taraf\u0131ndan g\u00f6zalt\u0131na al\u0131nd\u0131.<\/p>\n","protected":false},"excerpt":{"rendered":"<p>Konya\u2019da meydana gelen ve duyanlar\u0131 \u015fa\u015fk\u0131na \u00e7eviren olayda 27 ya\u015f\u0131ndaki Hasan Karaa\u011fa\u00e7, kendisini medyum olarak tan\u0131tt\u0131 ve fal\u0131na bakt\u0131\u011f\u0131 kad\u0131na beraber ya\u015fad\u0131\u011f\u0131 ki\u015finin kendisini aldatt\u0131\u011f\u0131n\u0131 s\u00f6yledi. Falda \u00e7\u0131kanlar \u00fczerine eve giden kad\u0131n beraber ya\u015fad\u0131\u011f\u0131 sevgilisi Ferhat Y\u0131lmaz ile tart\u0131\u015ft\u0131. B\u00fcy\u00fck tart\u0131\u015fma ya\u015fayan \u00e7iftin ayr\u0131lma noktas\u0131na geldi\u011fi \u00f6\u011frenilirken fal olay\u0131n\u0131 \u00f6\u011frenen Ferhat Y\u0131lmaz ise medyumun evini &hellip;<\/p>\n","protected":false},"author":6,"featured_media":31565,"comment_status":"closed","ping_status":"closed","sticky":false,"template":"","format":"standard","meta":{"footnotes":""},"categories":[1],"tags":[],"class_list":["post-31561","post","type-post","status-publish","format-standard","has-post-thumbnail","hentry","category-genel"],"amp_enabled":true,"_links":{"self":[{"href":"https:\/\/adanaseshaber.com.tr\/index.php?rest_route=\/wp\/v2\/posts\/31561","targetHints":{"allow":["GET"]}}],"collection":[{"href":"https:\/\/adanaseshaber.com.tr\/index.php?rest_route=\/wp\/v2\/posts"}],"about":[{"href":"https:\/\/adanaseshaber.com.tr\/index.php?rest_route=\/wp\/v2\/types\/post"}],"author":[{"embeddable":true,"href":"https:\/\/adanaseshaber.com.tr\/index.php?rest_route=\/wp\/v2\/users\/6"}],"replies":[{"embeddable":true,"href":"https:\/\/adanaseshaber.com.tr\/index.php?rest_route=%2Fwp%2Fv2%2Fcomments&post=31561"}],"version-history":[{"count":1,"href":"https:\/\/adanaseshaber.com.tr\/index.php?rest_route=\/wp\/v2\/posts\/31561\/revisions"}],"predecessor-version":[{"id":31566,"href":"https:\/\/adanaseshaber.com.tr\/index.php?rest_route=\/wp\/v2\/posts\/31561\/revisions\/31566"}],"wp:featuredmedia":[{"embeddable":true,"href":"https:\/\/adanaseshaber.com.tr\/index.php?rest_route=\/wp\/v2\/media\/31565"}],"wp:attachment":[{"href":"https:\/\/adanaseshaber.com.tr\/index.php?rest_route=%2Fwp%2Fv2%2Fmedia&parent=31561"}],"wp:term":[{"taxonomy":"category","embeddable":true,"href":"https:\/\/adanaseshaber.com.tr\/index.php?rest_route=%2Fwp%2Fv2%2Fcategories&post=31561"},{"taxonomy":"post_tag","embeddable":true,"href":"https:\/\/adanaseshaber.com.tr\/index.php?rest_route=%2Fwp%2Fv2%2Ftags&post=31561"}],"curies":[{"name":"wp","href":"https:\/\/api.w.org\/{rel}","templated":true}]}}