{"id":31569,"date":"2022-08-03T16:16:42","date_gmt":"2022-08-03T13:16:42","guid":{"rendered":"https:\/\/www.adanaseshaber.com\/?p=31569"},"modified":"2022-08-03T16:17:33","modified_gmt":"2022-08-03T13:17:33","slug":"kilicdaroglunu-hatirlatti-zafer-partisi-genel-baskani-umit-ozdag-osym-binasi-onune-gitti","status":"publish","type":"post","link":"https:\/\/adanaseshaber.com.tr\/?p=31569","title":{"rendered":"K\u0131l\u0131\u00e7daro\u011flu\u2019nu hat\u0131rlatt\u0131! Zafer Partisi Genel Ba\u015fkan\u0131 \u00dcmit \u00d6zda\u011f \u00d6SYM binas\u0131 \u00f6n\u00fcne gitti"},"content":{"rendered":"<p>2022 KPSS s\u0131nav\u0131 ile ilgili ortaya at\u0131lan skandal iddialar\u0131n ard\u0131ndan s\u0131cak geli\u015fmeler ya\u015fan\u0131yor. KPSS s\u0131nav\u0131ndaki baz\u0131 sorular\u0131n bir yay\u0131nevinin deneme s\u0131navlar\u0131ndaki sorularla birebir ayn\u0131 olmas\u0131n\u0131n ard\u0131ndan sosyal medya aya\u011fa kalkm\u0131\u015f ve \u015fikayet \u00fcst\u00fcne \u015fikayet ya\u011fm\u0131\u015ft\u0131. T\u00fcm bu geli\u015fmelerin ard\u0131ndan Cumhurba\u015fkan\u0131 Erdo\u011fan devreye girmi\u015f ve konuyla ilgili DDK\u2019ya inceleme talimat\u0131 vermi\u015fti. DDK M\u00fcfetti\u015fleri \u00d6SYM\u2019ye giderek denetleme ba\u015flat\u0131rken \u00d6SYM binas\u0131na giden bir isim de Zafer Partisi Genel Ba\u015fkan\u0131 \u00dcmit \u00d6zda\u011f oldu. T\u00fcrkiye g\u00fcndemini sarsan 2022 KPSS s\u0131nav sorular\u0131n\u0131n s\u0131zd\u0131r\u0131ld\u0131\u011f\u0131 iddialar\u0131yla ilgili geli\u015fmeler yak\u0131ndan takip edilirken son olarak \u00d6SYM Ba\u015fkan\u0131 Prof. Dr. Halis Ayg\u00fcn\u2019\u00fcn g\u00f6revden al\u0131nmas\u0131n\u0131n ard\u0131ndan Devlet Denetleme Kurulu M\u00fcfetti\u015fleri harekete ge\u00e7mi\u015f ve \u00d6SYM\u2019ye giderek denetlemelerine ba\u015flam\u0131\u015ft\u0131. Zafer Partisi Genel Ba\u015fkan\u0131 \u00dcmit \u00d6zda\u011f da \u00d6SYM binas\u0131 \u00f6n\u00fcne giderek a\u00e7\u0131klamalarda bulundu. \u00d6zda\u011f\u2019\u0131n bu hareketi CHP lideri Kemal K\u0131l\u0131\u00e7daro\u011flu\u2019nu hat\u0131rlatt\u0131.<\/p>\n<p><strong>KPSS KR\u0130Z\u0130<\/strong><\/p>\n<p>31 Temmuz 2022 Pazar g\u00fcn\u00fc ger\u00e7ekle\u015ftirilen KPSS Lisans oturumuyla ilgili kriz ya\u015fan\u0131yor. T\u00fcrkiye g\u00fcndemini sarsan 2022 KPSS s\u0131nav sorular\u0131n\u0131n s\u0131zd\u0131r\u0131ld\u0131\u011f\u0131na dair iddialar g\u00fcndeme bomba gibi d\u00fc\u015fm\u00fc\u015ft\u00fc. Bu iddialar\u0131n ard\u0131ndan Cumhurba\u015fkan\u0131 Recep Tayyip Erdo\u011fan, Devlet Denetleme Kurulu\u2019na \u00f6zel talimat vererek konunun incelenmesini istedi. S\u0131cak geli\u015fmelerin pe\u015f pe\u015fe geldi\u011fi olayda son olarak \u00d6SYM Ba\u015fkan\u0131 Prof. Dr. Halis Ayg\u00fcn Resmi Gazete\u2019de yay\u0131mlanan kararla g\u00f6revden al\u0131nd\u0131. Ayg\u00fcn\u2019\u00fcn g\u00f6revden al\u0131nmas\u0131n\u0131n ard\u0131ndan DDK M\u00fcfetti\u015fleri de harekete ge\u00e7ti ve \u00d6SYM binas\u0131na giderek denetlemelere ba\u015flad\u0131.<\/p>\n<p><strong>\u00dcM\u0130T \u00d6ZDA\u011e\u2019DAN \u00d6SYM B\u0130NASI \u00d6N\u00dcNDE A\u00c7IKLAMALAR<\/strong><\/p>\n<p>2022 KPSS krizi devam ederken Zafer Partisi Genel Ba\u015fkan\u0131 \u00dcmit \u00d6zda\u011f da \u00d6SYM binas\u0131 \u00f6n\u00fcne giderek gazetecilere a\u00e7\u0131klamalarda bulundu. \u00d6SYM binas\u0131 \u00f6n\u00fcnden a\u00e7\u0131klama yapan \u00d6zda\u011f, 2022 KPSS Lisans oturumundaki baz\u0131 sorulara ili\u015fkin iddialarla ilgili Devlet Denetleme Kurulu taraf\u0131ndan ba\u015flat\u0131lan soru\u015fturman\u0131n sadece 16 soruyla s\u0131n\u0131rl\u0131 kalmamas\u0131 gerekti\u011fini s\u00f6yledi ve bundan \u00f6nceki s\u0131navlarda kullan\u0131lan \u015fifreleme y\u00f6ntemiyle cevapland\u0131rman\u0131n da ara\u015ft\u0131r\u0131lmas\u0131 gerekti\u011fini belirtti. \u00d6te yandan \u00d6zda\u011f, Cumhurba\u015fkan\u0131 Erdo\u011fan taraf\u0131ndan Devlet Denetleme Kurulu\u2019na inceleme talimat\u0131 verilmesinin de olumlu bir ad\u0131m oldu\u011funu ifade etti.<\/p>\n<p><img loading=\"lazy\" decoding=\"async\" class=\"aligncenter wp-image-31572 size-full\" src=\"https:\/\/adanaseshaber.com.tr\/wp-content\/uploads\/2022\/08\/kilicdaroglunu-hatirlatti-zafer-partisi-genel-baskani-umit-ozdag-osym-binasi-onune-gitti-1.jpg\" alt=\"\" width=\"1280\" height=\"720\" srcset=\"https:\/\/adanaseshaber.com.tr\/wp-content\/uploads\/2022\/08\/kilicdaroglunu-hatirlatti-zafer-partisi-genel-baskani-umit-ozdag-osym-binasi-onune-gitti-1.jpg 1280w, https:\/\/adanaseshaber.com.tr\/wp-content\/uploads\/2022\/08\/kilicdaroglunu-hatirlatti-zafer-partisi-genel-baskani-umit-ozdag-osym-binasi-onune-gitti-1-300x169.jpg 300w, https:\/\/adanaseshaber.com.tr\/wp-content\/uploads\/2022\/08\/kilicdaroglunu-hatirlatti-zafer-partisi-genel-baskani-umit-ozdag-osym-binasi-onune-gitti-1-1024x576.jpg 1024w, https:\/\/adanaseshaber.com.tr\/wp-content\/uploads\/2022\/08\/kilicdaroglunu-hatirlatti-zafer-partisi-genel-baskani-umit-ozdag-osym-binasi-onune-gitti-1-768x432.jpg 768w, https:\/\/adanaseshaber.com.tr\/wp-content\/uploads\/2022\/08\/kilicdaroglunu-hatirlatti-zafer-partisi-genel-baskani-umit-ozdag-osym-binasi-onune-gitti-1-390x220.jpg 390w\" sizes=\"auto, (max-width: 1280px) 100vw, 1280px\" \/><\/p>\n<p><strong>AKILLARA KILI\u00c7DARO\u011eLU\u2019NU GET\u0130RD\u0130<\/strong><\/p>\n<p>A\u00e7\u0131klamas\u0131n\u0131n devam\u0131nda bu s\u0131nav ve bundan \u00f6nce yap\u0131lan birka\u00e7 s\u0131navla ilgili tespit edilen \u015fifreli yolsuzlu\u011fu ilerleyen g\u00fcnlerde T\u00fcrk kamuoyuyla payla\u015facaklar\u0131n\u0131 s\u00f6yleyen \u00d6zda\u011f, bu konuyla ilgili baz\u0131 \u00e7al\u0131\u015fmalar yapt\u0131klar\u0131n\u0131 aktard\u0131. Zafer Partisi Genel Ba\u015fkan\u0131 \u00d6zda\u011f\u2019\u0131n \u00d6SYM binas\u0131n\u0131n \u00f6n\u00fcne gitmesi ise ak\u0131llara geride b\u0131rakt\u0131\u011f\u0131m\u0131z aylarda T\u00dc\u0130K, MEB, SADAT, Et ve S\u00fct Kurumu binalar\u0131na \u00e7\u0131kartma yapan CHP Genel Ba\u015fkan\u0131 kemal K\u0131l\u0131\u00e7daro\u011flu\u2019nu getirdi.<\/p>\n","protected":false},"excerpt":{"rendered":"<p>2022 KPSS s\u0131nav\u0131 ile ilgili ortaya at\u0131lan skandal iddialar\u0131n ard\u0131ndan s\u0131cak geli\u015fmeler ya\u015fan\u0131yor. KPSS s\u0131nav\u0131ndaki baz\u0131 sorular\u0131n bir yay\u0131nevinin deneme s\u0131navlar\u0131ndaki sorularla birebir ayn\u0131 olmas\u0131n\u0131n ard\u0131ndan sosyal medya aya\u011fa kalkm\u0131\u015f ve \u015fikayet \u00fcst\u00fcne \u015fikayet ya\u011fm\u0131\u015ft\u0131. T\u00fcm bu geli\u015fmelerin ard\u0131ndan Cumhurba\u015fkan\u0131 Erdo\u011fan devreye girmi\u015f ve konuyla ilgili DDK\u2019ya inceleme talimat\u0131 vermi\u015fti. DDK M\u00fcfetti\u015fleri \u00d6SYM\u2019ye giderek denetleme &hellip;<\/p>\n","protected":false},"author":6,"featured_media":31570,"comment_status":"closed","ping_status":"closed","sticky":false,"template":"","format":"standard","meta":{"footnotes":""},"categories":[1],"tags":[],"class_list":["post-31569","post","type-post","status-publish","format-standard","has-post-thumbnail","hentry","category-genel"],"amp_enabled":true,"_links":{"self":[{"href":"https:\/\/adanaseshaber.com.tr\/index.php?rest_route=\/wp\/v2\/posts\/31569","targetHints":{"allow":["GET"]}}],"collection":[{"href":"https:\/\/adanaseshaber.com.tr\/index.php?rest_route=\/wp\/v2\/posts"}],"about":[{"href":"https:\/\/adanaseshaber.com.tr\/index.php?rest_route=\/wp\/v2\/types\/post"}],"author":[{"embeddable":true,"href":"https:\/\/adanaseshaber.com.tr\/index.php?rest_route=\/wp\/v2\/users\/6"}],"replies":[{"embeddable":true,"href":"https:\/\/adanaseshaber.com.tr\/index.php?rest_route=%2Fwp%2Fv2%2Fcomments&post=31569"}],"version-history":[{"count":3,"href":"https:\/\/adanaseshaber.com.tr\/index.php?rest_route=\/wp\/v2\/posts\/31569\/revisions"}],"predecessor-version":[{"id":31574,"href":"https:\/\/adanaseshaber.com.tr\/index.php?rest_route=\/wp\/v2\/posts\/31569\/revisions\/31574"}],"wp:featuredmedia":[{"embeddable":true,"href":"https:\/\/adanaseshaber.com.tr\/index.php?rest_route=\/wp\/v2\/media\/31570"}],"wp:attachment":[{"href":"https:\/\/adanaseshaber.com.tr\/index.php?rest_route=%2Fwp%2Fv2%2Fmedia&parent=31569"}],"wp:term":[{"taxonomy":"category","embeddable":true,"href":"https:\/\/adanaseshaber.com.tr\/index.php?rest_route=%2Fwp%2Fv2%2Fcategories&post=31569"},{"taxonomy":"post_tag","embeddable":true,"href":"https:\/\/adanaseshaber.com.tr\/index.php?rest_route=%2Fwp%2Fv2%2Ftags&post=31569"}],"curies":[{"name":"wp","href":"https:\/\/api.w.org\/{rel}","templated":true}]}}