{"id":31629,"date":"2022-08-03T18:28:37","date_gmt":"2022-08-03T15:28:37","guid":{"rendered":"https:\/\/www.adanaseshaber.com\/?p=31629"},"modified":"2022-08-03T18:38:45","modified_gmt":"2022-08-03T15:38:45","slug":"sirnakta-askeri-muhimmat-deposu-patladi-sirnak-valisi-acikladi-yaralilar-var","status":"publish","type":"post","link":"https:\/\/adanaseshaber.com.tr\/?p=31629","title":{"rendered":"\u015e\u0131rnak\u2019ta askeri m\u00fchimmat deposu patlad\u0131! \u015e\u0131rnak Valisi a\u00e7\u0131klad\u0131: Yaral\u0131lar var"},"content":{"rendered":"<p>\u015e\u0131rnak\u2019ta askeri m\u00fchimmat deposu patlad\u0131. \u00c7ak\u0131rs\u00f6\u011f\u00fct Jandarma Tugay Komutanl\u0131\u011f\u0131\u2019nda m\u00fchimmat deposunda say\u0131m yap\u0131ld\u0131\u011f\u0131 s\u0131rada patlama meydana geldi. Korkutan patlamada 2 askerin elinden yaraland\u0131\u011f\u0131 bilgisi payla\u015f\u0131ld\u0131. Kameralara saniye saniye yans\u0131yan patlaman\u0131n ard\u0131ndan \u015e\u0131rnak Valisi Osman Bilgin\u2019den patlamaya ili\u015fkin a\u00e7\u0131klama geldi. M\u00fchimmat deposundaki say\u0131m, bak\u0131m ve kontrol s\u0131ras\u0131nda patlama meydana geldi. Patlamaya ili\u015fkin \u015e\u0131rnak Valisi Osman Bilgin\u2019den a\u00e7\u0131klama geldi. Vali Bilgin, patlamada 2 askerin hafif yaraland\u0131\u011f\u0131n\u0131 duyurdu. Patlaman\u0131n ard\u0131ndan \u00e7\u0131kan yang\u0131n ise kontrol alt\u0131na al\u0131nd\u0131. Korkutan patlama an\u0131 kameralara saniye saniye yans\u0131d\u0131.<\/p>\n<p><strong>ASKER\u0130 M\u00dcH\u0130MMAT DEPOSU PATLADI<\/strong><\/p>\n<p>\u015e\u0131rnak \u00c7ak\u0131rs\u00f6\u011f\u00fct Jandarma Tugay Komutanl\u0131\u011f\u0131&#8217;nda askeri m\u00fchimmat deposunda patlama meydana geldi. M\u00fchimmat deposunda say\u0131m, bak\u0131m ve kontrol esnas\u0131nda meydana gelen patlamada 2 askerin hafif \u015fekilde yaraland\u0131\u011f\u0131 a\u00e7\u0131kland\u0131. Patlaman\u0131n ard\u0131ndan \u00e7\u0131kan yang\u0131n ise kontrol alt\u0131na al\u0131nd\u0131. Kameralara saniye saniye yans\u0131yan patlamaya ili\u015fkin \u015e\u0131rnak Valisi&#8217;nden a\u00e7\u0131klama geldi.<\/p>\n<p><strong>CAN KAYBI YOK<\/strong><\/p>\n<p>M\u00fchimmat deposundaki patlamaya ili\u015fkin a\u00e7\u0131klama yapan \u015e\u0131rnak Valisi Osman Bilgin, 2 askerin ellerinden yaraland\u0131\u011f\u0131n\u0131 aktard\u0131. Herhangi bir can kayb\u0131 olmad\u0131\u011f\u0131n\u0131 s\u00f6yleyen Vali Bilgin, &#8216;Vatanda\u015flar ve personel zarar g\u00f6rmeden yang\u0131n s\u00f6nd\u00fcr\u00fcld\u00fc. \u015eu anda hafif orman yang\u0131nlar\u0131 s\u00f6z konusu. Bu, patlama nedeniyle m\u00fchimmat\u0131n s\u0131\u00e7ramas\u0131 sonucu meydana geldi. Bu yang\u0131nlar da kontrol alt\u0131na al\u0131nd\u0131. Hem merkez hem Cizre Belediyesi hem de Emniyet M\u00fcd\u00fcrl\u00fc\u011f\u00fcm\u00fcz ve Jandarma Komutanl\u0131\u011f\u0131m\u0131za ba\u011fl\u0131 Toplumsal Olaylara M\u00fcdahale Ara\u00e7lar\u0131 ile yang\u0131na m\u00fcdahale ettik. Toplam 22 yang\u0131n s\u00f6nd\u00fcrme arac\u0131 ve 80 personelle yang\u0131na m\u00fcdahale ettik. \u00d6ncelikle birli\u011fimize, \u015e\u0131rnak halk\u0131m\u0131za ge\u00e7mi\u015f olsun. Hepimize ge\u00e7mi\u015f olsun.&#8217; ifadelerini kulland\u0131.<\/p>\n<p><img loading=\"lazy\" decoding=\"async\" class=\"aligncenter wp-image-31635 size-full\" src=\"https:\/\/adanaseshaber.com.tr\/wp-content\/uploads\/2022\/08\/sirnakta-askeri-muhimmat-deposu-patladi-sirnak-valisi-acikladi-yaralilar-var-1.jpg\" alt=\"\" width=\"1280\" height=\"720\" srcset=\"https:\/\/adanaseshaber.com.tr\/wp-content\/uploads\/2022\/08\/sirnakta-askeri-muhimmat-deposu-patladi-sirnak-valisi-acikladi-yaralilar-var-1.jpg 1280w, https:\/\/adanaseshaber.com.tr\/wp-content\/uploads\/2022\/08\/sirnakta-askeri-muhimmat-deposu-patladi-sirnak-valisi-acikladi-yaralilar-var-1-300x169.jpg 300w, https:\/\/adanaseshaber.com.tr\/wp-content\/uploads\/2022\/08\/sirnakta-askeri-muhimmat-deposu-patladi-sirnak-valisi-acikladi-yaralilar-var-1-1024x576.jpg 1024w, https:\/\/adanaseshaber.com.tr\/wp-content\/uploads\/2022\/08\/sirnakta-askeri-muhimmat-deposu-patladi-sirnak-valisi-acikladi-yaralilar-var-1-768x432.jpg 768w, https:\/\/adanaseshaber.com.tr\/wp-content\/uploads\/2022\/08\/sirnakta-askeri-muhimmat-deposu-patladi-sirnak-valisi-acikladi-yaralilar-var-1-390x220.jpg 390w\" sizes=\"auto, (max-width: 1280px) 100vw, 1280px\" \/><\/p>\n<p><strong>PERSONEL\u0130N D\u0130KKATS\u0130ZL\u0130\u011e\u0130 SONUCU PATLAMA YA\u015eANDI<\/strong><\/p>\n<p>Meydana gelen patlaman\u0131n ard\u0131ndan \u015e\u0131rnak Valisi Osman Bilgin, \u015e\u0131rnak Belediye Ba\u015fkan\u0131 Mehmet Yarka, \u0130l Jandarma Komutan\u0131 ve \u0130l Emniyet M\u00fcd\u00fcr\u00fc olay yerine giderek incelemelerde bulundu. Patlaman\u0131n askeri birlikteki depolar\u0131n say\u0131m ve kontrol\u00fc esnas\u0131nda meydana geldi\u011fini aktaran Vali Bilgin, DM-16 ayd\u0131nlatma m\u00fchimmat\u0131n\u0131n personelin dikkatsizli\u011fi sonucu ate\u015f al\u0131p patlad\u0131\u011f\u0131n\u0131 ve patlaman\u0131n ard\u0131ndan yang\u0131n \u00e7\u0131kt\u0131\u011f\u0131n\u0131 belirtti.<\/p>\n<p>&nbsp;<\/p>\n","protected":false},"excerpt":{"rendered":"<p>\u015e\u0131rnak\u2019ta askeri m\u00fchimmat deposu patlad\u0131. \u00c7ak\u0131rs\u00f6\u011f\u00fct Jandarma Tugay Komutanl\u0131\u011f\u0131\u2019nda m\u00fchimmat deposunda say\u0131m yap\u0131ld\u0131\u011f\u0131 s\u0131rada patlama meydana geldi. Korkutan patlamada 2 askerin elinden yaraland\u0131\u011f\u0131 bilgisi payla\u015f\u0131ld\u0131. Kameralara saniye saniye yans\u0131yan patlaman\u0131n ard\u0131ndan \u015e\u0131rnak Valisi Osman Bilgin\u2019den patlamaya ili\u015fkin a\u00e7\u0131klama geldi. M\u00fchimmat deposundaki say\u0131m, bak\u0131m ve kontrol s\u0131ras\u0131nda patlama meydana geldi. Patlamaya ili\u015fkin \u015e\u0131rnak Valisi Osman Bilgin\u2019den &hellip;<\/p>\n","protected":false},"author":6,"featured_media":31630,"comment_status":"closed","ping_status":"closed","sticky":false,"template":"","format":"standard","meta":{"footnotes":""},"categories":[1],"tags":[],"class_list":["post-31629","post","type-post","status-publish","format-standard","has-post-thumbnail","hentry","category-genel"],"amp_enabled":true,"_links":{"self":[{"href":"https:\/\/adanaseshaber.com.tr\/index.php?rest_route=\/wp\/v2\/posts\/31629","targetHints":{"allow":["GET"]}}],"collection":[{"href":"https:\/\/adanaseshaber.com.tr\/index.php?rest_route=\/wp\/v2\/posts"}],"about":[{"href":"https:\/\/adanaseshaber.com.tr\/index.php?rest_route=\/wp\/v2\/types\/post"}],"author":[{"embeddable":true,"href":"https:\/\/adanaseshaber.com.tr\/index.php?rest_route=\/wp\/v2\/users\/6"}],"replies":[{"embeddable":true,"href":"https:\/\/adanaseshaber.com.tr\/index.php?rest_route=%2Fwp%2Fv2%2Fcomments&post=31629"}],"version-history":[{"count":5,"href":"https:\/\/adanaseshaber.com.tr\/index.php?rest_route=\/wp\/v2\/posts\/31629\/revisions"}],"predecessor-version":[{"id":31636,"href":"https:\/\/adanaseshaber.com.tr\/index.php?rest_route=\/wp\/v2\/posts\/31629\/revisions\/31636"}],"wp:featuredmedia":[{"embeddable":true,"href":"https:\/\/adanaseshaber.com.tr\/index.php?rest_route=\/wp\/v2\/media\/31630"}],"wp:attachment":[{"href":"https:\/\/adanaseshaber.com.tr\/index.php?rest_route=%2Fwp%2Fv2%2Fmedia&parent=31629"}],"wp:term":[{"taxonomy":"category","embeddable":true,"href":"https:\/\/adanaseshaber.com.tr\/index.php?rest_route=%2Fwp%2Fv2%2Fcategories&post=31629"},{"taxonomy":"post_tag","embeddable":true,"href":"https:\/\/adanaseshaber.com.tr\/index.php?rest_route=%2Fwp%2Fv2%2Ftags&post=31629"}],"curies":[{"name":"wp","href":"https:\/\/api.w.org\/{rel}","templated":true}]}}