{"id":31665,"date":"2022-08-03T19:14:08","date_gmt":"2022-08-03T16:14:08","guid":{"rendered":"https:\/\/www.adanaseshaber.com\/?p=31665"},"modified":"2022-08-03T19:53:47","modified_gmt":"2022-08-03T16:53:47","slug":"ddk-mufettisleri-osymdeki-incelemesini-tamamladi-savciliga-suc-duyurusunda-bulunulacak","status":"publish","type":"post","link":"https:\/\/adanaseshaber.com.tr\/?p=31665","title":{"rendered":"DDK M\u00fcfetti\u015fleri \u00d6SYM\u2019deki incelemesini tamamlad\u0131! Savc\u0131l\u0131\u011fa su\u00e7 duyurusunda bulunulacak"},"content":{"rendered":"<p>2022 KPSS s\u0131nav sorular\u0131n\u0131n s\u0131zd\u0131r\u0131ld\u0131\u011f\u0131na dair iddialar\u0131n ard\u0131ndan s\u0131cak geli\u015fmeler pe\u015f pe\u015fe gelmi\u015fti. \u00d6SYM\u2019den gelen a\u00e7\u0131klamada iddialar\u0131n as\u0131ls\u0131z oldu\u011fu belirtilirken devreye giren Cumhurba\u015fkan\u0131 Recep Tayyip Erdo\u011fan ise Devlet Denetleme Kurulu\u2019na \u00f6zel inceleme talimat\u0131 vermi\u015fti. \u00d6SYM Ba\u015fkan\u0131 Halis Ayg\u00fcn\u2019\u00fcn g\u00f6revden al\u0131nmas\u0131n\u0131n ard\u0131ndan harekete ge\u00e7en DDK M\u00fcfetti\u015fleri \u00d6SYM\u2019deki incelemesini tamamlad\u0131. \u00d6SYM\u2019deki incelemelerini tamamlayan Devlet Denetleme Kurulu M\u00fcfetti\u015fleri\u2019nden yap\u0131lan a\u00e7\u0131klamada \u2018Savc\u0131l\u0131\u011fa su\u00e7 duyurusunda bulunaca\u011f\u0131z\u2019 ifadelerine yer verildi. Bu a\u00e7\u0131klaman\u0131n ard\u0131ndan g\u00f6zler KPSS s\u0131nav\u0131na \u00e7evrildi. Sosyal medyada s\u0131nav\u0131n iptal olmas\u0131 talebi y\u00fckselmi\u015fti. KPSS s\u0131nav\u0131n\u0131n tekrarlan\u0131p tekrarlanmayaca\u011f\u0131 konusunda hen\u00fcz resmi bir a\u00e7\u0131klama yap\u0131lmad\u0131.<\/p>\n<p><strong>M\u00dcFETT\u0130\u015eLER \u0130NCELEME \u0130\u00c7\u0130N \u00d6SYM&#8217;YE G\u0130TT\u0130<\/strong><\/p>\n<p>31 Temmuz 2022 Pazar g\u00fcn\u00fc ger\u00e7ekle\u015ftirilen KPSS Lisans oturumuyla ilgili g\u00fcndemi sarsan iddialar ortaya at\u0131lm\u0131\u015ft\u0131. S\u0131nava kat\u0131l\u0131m sa\u011flayan baz\u0131 adaylar, yay\u0131nlanan cevap anahtar\u0131 ile bir yay\u0131nevinin deneme sorular\u0131n\u0131n birebir ayn\u0131 oldu\u011funu \u00f6ne s\u00fcrd\u00fc. Sosyal medyay\u0131 aya\u011fa kald\u0131ran iddian\u0131n ard\u0131ndan son dakika geli\u015fmeleri de pe\u015f pe\u015fe geldi. \u00d6SYM Ba\u015fkan\u0131 Prof. Dr. Hlis Ayg\u00fcn, 3 A\u011fustos 2022 tarihli Resmi Gazete karar\u0131 ile g\u00f6revden al\u0131n\u0131rken Devlet Denetleme Kurulu N\u00fcfetti\u015fleri de bug\u00fcn inceleme i\u00e7in \u00d6SYM&#8217;ye gitti.<\/p>\n<p><img loading=\"lazy\" decoding=\"async\" class=\"aligncenter wp-image-31681 size-full\" src=\"https:\/\/adanaseshaber.com.tr\/wp-content\/uploads\/2022\/08\/ddk-mufettisleri-osymdeki-incelemesini-tamamladi-savciliga-suc-duyurusunda-bulunulacak-1.jpg\" alt=\"\" width=\"1280\" height=\"720\" srcset=\"https:\/\/adanaseshaber.com.tr\/wp-content\/uploads\/2022\/08\/ddk-mufettisleri-osymdeki-incelemesini-tamamladi-savciliga-suc-duyurusunda-bulunulacak-1.jpg 1280w, https:\/\/adanaseshaber.com.tr\/wp-content\/uploads\/2022\/08\/ddk-mufettisleri-osymdeki-incelemesini-tamamladi-savciliga-suc-duyurusunda-bulunulacak-1-300x169.jpg 300w, https:\/\/adanaseshaber.com.tr\/wp-content\/uploads\/2022\/08\/ddk-mufettisleri-osymdeki-incelemesini-tamamladi-savciliga-suc-duyurusunda-bulunulacak-1-1024x576.jpg 1024w, https:\/\/adanaseshaber.com.tr\/wp-content\/uploads\/2022\/08\/ddk-mufettisleri-osymdeki-incelemesini-tamamladi-savciliga-suc-duyurusunda-bulunulacak-1-768x432.jpg 768w, https:\/\/adanaseshaber.com.tr\/wp-content\/uploads\/2022\/08\/ddk-mufettisleri-osymdeki-incelemesini-tamamladi-savciliga-suc-duyurusunda-bulunulacak-1-390x220.jpg 390w\" sizes=\"auto, (max-width: 1280px) 100vw, 1280px\" \/><\/p>\n<p><strong>SU\u00c7 DUYURUSUNDA BULUNULACAK<\/strong><\/p>\n<p>Devlet Denetleme Kurulu M\u00fcfetti\u015fleri \u00d6SYM&#8217;deki ilk g\u00fcn i\u015flemlerini tamamlad\u0131 ve yap\u0131lan incelemeler sonucunda KPSS hakk\u0131nda Ankara Cumhuriyet Ba\u015fsavc\u0131l\u0131\u011f\u0131&#8217;na su\u00e7 duyrusunda bulunulaca\u011f\u0131 bildirildi.<\/p>\n<p><strong>DDK BA\u015eKANI A\u00c7IKLAMA YAPMI\u015eTI<\/strong><\/p>\n<p>Devlet Denetleme Kurulu Ba\u015fkan\u0131 Yunus Ar\u0131nc\u0131, inceleme talimat\u0131n\u0131n ard\u0131ndan yapt\u0131\u011f\u0131 ilk a\u00e7\u0131klamada &#8216;Bir sorun g\u00f6r\u00fcn\u00fcyor. KPSS ile ilgili sorunun ne boyutta oldu\u011funu m\u00fcfetti\u015f arkada\u015flar\u0131m\u0131z\u0131n \u00e7al\u0131\u015fmas\u0131 g\u00f6sterecek.&#8217; dedi. G\u00f6revlendirilen m\u00fcfetti\u015f heyetinin yerinde inceleme yapaca\u011f\u0131n\u0131 s\u00f6yleyen Ar\u0131nc\u0131, &#8216;\u00d6SYM&#8217;deki inceleme ve ara\u015ft\u0131rma s\u00fcrecine ili\u015fkin bir s\u00fcre vermemiz \u015fu a\u015famada m\u00fcmk\u00fcn de\u011fil. Tabloyu tam olarak g\u00f6rmemiz laz\u0131m. Ancak m\u00fcmk\u00fcn olan en k\u0131sa s\u00fcrede raporumuzu Cumhurba\u015fkan\u0131na sunaca\u011f\u0131z. Bir sorun g\u00f6r\u00fcnd\u00fc\u011f\u00fcn\u00fc ifade etmi\u015ftim. Sorunun ne boyutta oldu\u011funu m\u00fcfetti\u015f arkada\u015flar\u0131m\u0131z\u0131n \u00e7al\u0131\u015fmas\u0131 g\u00f6sterecek.&#8217; ifadelerini kullanm\u0131\u015ft\u0131.<\/p>\n","protected":false},"excerpt":{"rendered":"<p>2022 KPSS s\u0131nav sorular\u0131n\u0131n s\u0131zd\u0131r\u0131ld\u0131\u011f\u0131na dair iddialar\u0131n ard\u0131ndan s\u0131cak geli\u015fmeler pe\u015f pe\u015fe gelmi\u015fti. \u00d6SYM\u2019den gelen a\u00e7\u0131klamada iddialar\u0131n as\u0131ls\u0131z oldu\u011fu belirtilirken devreye giren Cumhurba\u015fkan\u0131 Recep Tayyip Erdo\u011fan ise Devlet Denetleme Kurulu\u2019na \u00f6zel inceleme talimat\u0131 vermi\u015fti. \u00d6SYM Ba\u015fkan\u0131 Halis Ayg\u00fcn\u2019\u00fcn g\u00f6revden al\u0131nmas\u0131n\u0131n ard\u0131ndan harekete ge\u00e7en DDK M\u00fcfetti\u015fleri \u00d6SYM\u2019deki incelemesini tamamlad\u0131. \u00d6SYM\u2019deki incelemelerini tamamlayan Devlet Denetleme Kurulu M\u00fcfetti\u015fleri\u2019nden &hellip;<\/p>\n","protected":false},"author":6,"featured_media":31666,"comment_status":"closed","ping_status":"closed","sticky":false,"template":"","format":"standard","meta":{"footnotes":""},"categories":[1],"tags":[],"class_list":["post-31665","post","type-post","status-publish","format-standard","has-post-thumbnail","hentry","category-genel"],"amp_enabled":true,"_links":{"self":[{"href":"https:\/\/adanaseshaber.com.tr\/index.php?rest_route=\/wp\/v2\/posts\/31665","targetHints":{"allow":["GET"]}}],"collection":[{"href":"https:\/\/adanaseshaber.com.tr\/index.php?rest_route=\/wp\/v2\/posts"}],"about":[{"href":"https:\/\/adanaseshaber.com.tr\/index.php?rest_route=\/wp\/v2\/types\/post"}],"author":[{"embeddable":true,"href":"https:\/\/adanaseshaber.com.tr\/index.php?rest_route=\/wp\/v2\/users\/6"}],"replies":[{"embeddable":true,"href":"https:\/\/adanaseshaber.com.tr\/index.php?rest_route=%2Fwp%2Fv2%2Fcomments&post=31665"}],"version-history":[{"count":5,"href":"https:\/\/adanaseshaber.com.tr\/index.php?rest_route=\/wp\/v2\/posts\/31665\/revisions"}],"predecessor-version":[{"id":31682,"href":"https:\/\/adanaseshaber.com.tr\/index.php?rest_route=\/wp\/v2\/posts\/31665\/revisions\/31682"}],"wp:featuredmedia":[{"embeddable":true,"href":"https:\/\/adanaseshaber.com.tr\/index.php?rest_route=\/wp\/v2\/media\/31666"}],"wp:attachment":[{"href":"https:\/\/adanaseshaber.com.tr\/index.php?rest_route=%2Fwp%2Fv2%2Fmedia&parent=31665"}],"wp:term":[{"taxonomy":"category","embeddable":true,"href":"https:\/\/adanaseshaber.com.tr\/index.php?rest_route=%2Fwp%2Fv2%2Fcategories&post=31665"},{"taxonomy":"post_tag","embeddable":true,"href":"https:\/\/adanaseshaber.com.tr\/index.php?rest_route=%2Fwp%2Fv2%2Ftags&post=31665"}],"curies":[{"name":"wp","href":"https:\/\/api.w.org\/{rel}","templated":true}]}}