{"id":31688,"date":"2022-08-04T00:19:10","date_gmt":"2022-08-03T21:19:10","guid":{"rendered":"https:\/\/www.adanaseshaber.com\/?p=31688"},"modified":"2022-08-04T00:22:23","modified_gmt":"2022-08-03T21:22:23","slug":"yediiklim-yayinevine-ait-adreslerde-arama-baslatildi-operasyondan-ilk-goruntuler","status":"publish","type":"post","link":"https:\/\/adanaseshaber.com.tr\/?p=31688","title":{"rendered":"Yediiklim Yay\u0131nevi\u2019ne ait adreslerde arama ba\u015flat\u0131ld\u0131! Operasyondan ilk g\u00f6r\u00fcnt\u00fcler"},"content":{"rendered":"<p>2022 KPSS s\u0131nav\u0131 krizi devam ederken son olarak Devlet Denetleme Kurulu M\u00fcfetti\u015flerinin incelemelerinin ard\u0131ndan yapt\u0131\u011f\u0131 su\u00e7 duyurusu sonras\u0131nda emniyet d\u00fc\u011fmeye bast\u0131. DDK\u2019n\u0131n su\u00e7 duyurusu sonras\u0131nda Ankara Emniyet M\u00fcd\u00fcrl\u00fc\u011f\u00fc Mali Su\u00e7larla M\u00fccadele \u015eubesi ekipleri, Yediiklim Yay\u0131nevi\u2019ne ait 2 farkl\u0131 adreste arama ba\u015flatt\u0131. T\u00fcrkiye, KPSS Lisans oturumundaki sorular\u0131n s\u0131zd\u0131r\u0131lmas\u0131 iddias\u0131n\u0131 konu\u015fuyor. G\u00fcndemi sarsan iddialar\u0131n ard\u0131ndan son dakika geli\u015fmeleri pe\u015f pe\u015fe gelmi\u015f ve \u00d6SYM Ba\u015fkan\u0131 Prof. Dr. Halis Ayg\u00fcn g\u00f6revden al\u0131nm\u0131\u015ft\u0131. T\u00fcm bu ya\u015fananlar\u0131n ard\u0131ndan g\u00f6zler iddialar\u0131n oda\u011f\u0131nda olan Yediiklim Yay\u0131nevi\u2019ne \u00e7evrilmi\u015fti. Devlet Denetleme Kurulu M\u00fcfetti\u015flerinin \u00d6SYM\u2019deki incelemelerini tamamlamas\u0131n\u0131n ard\u0131ndan yapt\u0131\u011f\u0131 su\u00e7 duyurusu sonras\u0131nda polis ekipleri s\u00f6z konusu yay\u0131nevinin 2 farkl\u0131 adresinde arama ba\u015flatt\u0131.<\/p>\n<p><strong>SORU\u015eTURMA BA\u015eLATILDI<\/strong><\/p>\n<p>\u00d6SYM Ba\u015fkan\u0131 Halis Ayg\u00fcn\u2019\u00fcn g\u00f6revden al\u0131nmas\u0131n\u0131n ard\u0131ndan Devlet Denetleme Kurulu, Cumhurba\u015fkan\u0131 Recep Tayyip Erdo\u011fan\u2019\u0131n verdi\u011fi \u00f6zel talimatla incelemelerine ba\u015flad\u0131. DDK M\u00fcfetti\u015fleri, \u00d6SYM binas\u0131na giderek incelemelerde bulundu. M\u00fcffetti\u015fler incelemelerini tamamlad\u0131ktan sonra Ankara Cumhuriyet Ba\u015fsavc\u0131l\u0131\u011f\u0131\u2019na su\u00e7 duyurusunda bulundu. Ankara Cumhuriyet Ba\u015fsavc\u0131l\u0131\u011f\u0131, DDK\u2019n\u0131n 2022 KPSS Lisans oturumuna ili\u015fkin iddialar\u0131n ard\u0131ndan yapt\u0131\u011f\u0131 su\u00e7 duyurusu \u00fczerine \u2018Sahtecilik\u2019, \u2018Kamu aleyhine doland\u0131r\u0131c\u0131l\u0131k\u2019 ve \u2018G\u00f6revi k\u00f6t\u00fcye kullanma su\u00e7lar\u0131ndan soru\u015fturma ba\u015flatt\u0131. Soru\u015fturman\u0131n savc\u0131l\u0131k ve DDK taraf\u0131ndan koordineli bir \u015fekilde y\u00fcr\u00fct\u00fclece\u011fi bilgisine ula\u015f\u0131ld\u0131.<\/p>\n<p><img loading=\"lazy\" decoding=\"async\" class=\"aligncenter wp-image-31695 size-full\" src=\"https:\/\/adanaseshaber.com.tr\/wp-content\/uploads\/2022\/08\/yediiklim-yayinevine-ait-adreslerde-arama-baslatildi-operasyondan-ilk-goruntuler-3.jpg\" alt=\"\" width=\"1280\" height=\"720\" srcset=\"https:\/\/adanaseshaber.com.tr\/wp-content\/uploads\/2022\/08\/yediiklim-yayinevine-ait-adreslerde-arama-baslatildi-operasyondan-ilk-goruntuler-3.jpg 1280w, https:\/\/adanaseshaber.com.tr\/wp-content\/uploads\/2022\/08\/yediiklim-yayinevine-ait-adreslerde-arama-baslatildi-operasyondan-ilk-goruntuler-3-300x169.jpg 300w, https:\/\/adanaseshaber.com.tr\/wp-content\/uploads\/2022\/08\/yediiklim-yayinevine-ait-adreslerde-arama-baslatildi-operasyondan-ilk-goruntuler-3-1024x576.jpg 1024w, https:\/\/adanaseshaber.com.tr\/wp-content\/uploads\/2022\/08\/yediiklim-yayinevine-ait-adreslerde-arama-baslatildi-operasyondan-ilk-goruntuler-3-768x432.jpg 768w, https:\/\/adanaseshaber.com.tr\/wp-content\/uploads\/2022\/08\/yediiklim-yayinevine-ait-adreslerde-arama-baslatildi-operasyondan-ilk-goruntuler-3-390x220.jpg 390w\" sizes=\"auto, (max-width: 1280px) 100vw, 1280px\" \/><\/p>\n<p><strong>YED\u0130\u0130KL\u0130M YAYINEV\u0130\u2019NE OPERASYON<\/strong><\/p>\n<p>Ba\u015flat\u0131lan soru\u015fturma kapsam\u0131nda Ankara Emniyeti harekete ge\u00e7ti ve skandal iddialar\u0131n ba\u015frol\u00fcndeki Yediiklim Yay\u0131nevi\u2019ne operasyon d\u00fczenledi. Ankara Emniyeti Mali Su\u00e7larla M\u00fccadele \u015eube M\u00fcd\u00fcrl\u00fc\u011f\u00fc ekipleri, Yediiklim Yay\u0131nlar\u0131\u2019na ait olan K\u0131z\u0131lay Ostim\u2019deki 2 farkl\u0131 adrese operasyon d\u00fczenleyerek arama ba\u015flatt\u0131. Ekiplerin, burada bulunan dijital materyal ve t\u00fcm KPSS dok\u00fcmanlar\u0131ndan birer n\u00fcsha alaca\u011f\u0131 \u00f6\u011frenildi. \u0130\u015fte Yediiklim Yay\u0131nevi\u2019ne yap\u0131lan operasyondan g\u00f6r\u00fcnt\u00fcler.<\/p>\n<p><img loading=\"lazy\" decoding=\"async\" class=\"aligncenter wp-image-31693 size-full\" src=\"https:\/\/adanaseshaber.com.tr\/wp-content\/uploads\/2022\/08\/yediiklim-yayinevine-ait-adreslerde-arama-baslatildi-operasyondan-ilk-goruntuler-2.jpg\" alt=\"\" width=\"1280\" height=\"720\" srcset=\"https:\/\/adanaseshaber.com.tr\/wp-content\/uploads\/2022\/08\/yediiklim-yayinevine-ait-adreslerde-arama-baslatildi-operasyondan-ilk-goruntuler-2.jpg 1280w, https:\/\/adanaseshaber.com.tr\/wp-content\/uploads\/2022\/08\/yediiklim-yayinevine-ait-adreslerde-arama-baslatildi-operasyondan-ilk-goruntuler-2-300x169.jpg 300w, https:\/\/adanaseshaber.com.tr\/wp-content\/uploads\/2022\/08\/yediiklim-yayinevine-ait-adreslerde-arama-baslatildi-operasyondan-ilk-goruntuler-2-1024x576.jpg 1024w, https:\/\/adanaseshaber.com.tr\/wp-content\/uploads\/2022\/08\/yediiklim-yayinevine-ait-adreslerde-arama-baslatildi-operasyondan-ilk-goruntuler-2-768x432.jpg 768w, https:\/\/adanaseshaber.com.tr\/wp-content\/uploads\/2022\/08\/yediiklim-yayinevine-ait-adreslerde-arama-baslatildi-operasyondan-ilk-goruntuler-2-390x220.jpg 390w\" sizes=\"auto, (max-width: 1280px) 100vw, 1280px\" \/><\/p>\n<p><img loading=\"lazy\" decoding=\"async\" class=\"aligncenter wp-image-31691 size-full\" src=\"https:\/\/adanaseshaber.com.tr\/wp-content\/uploads\/2022\/08\/yediiklim-yayinevine-ait-adreslerde-arama-baslatildi-operasyondan-ilk-goruntuler-1.jpg\" alt=\"\" width=\"1280\" height=\"720\" srcset=\"https:\/\/adanaseshaber.com.tr\/wp-content\/uploads\/2022\/08\/yediiklim-yayinevine-ait-adreslerde-arama-baslatildi-operasyondan-ilk-goruntuler-1.jpg 1280w, https:\/\/adanaseshaber.com.tr\/wp-content\/uploads\/2022\/08\/yediiklim-yayinevine-ait-adreslerde-arama-baslatildi-operasyondan-ilk-goruntuler-1-300x169.jpg 300w, https:\/\/adanaseshaber.com.tr\/wp-content\/uploads\/2022\/08\/yediiklim-yayinevine-ait-adreslerde-arama-baslatildi-operasyondan-ilk-goruntuler-1-1024x576.jpg 1024w, https:\/\/adanaseshaber.com.tr\/wp-content\/uploads\/2022\/08\/yediiklim-yayinevine-ait-adreslerde-arama-baslatildi-operasyondan-ilk-goruntuler-1-768x432.jpg 768w, https:\/\/adanaseshaber.com.tr\/wp-content\/uploads\/2022\/08\/yediiklim-yayinevine-ait-adreslerde-arama-baslatildi-operasyondan-ilk-goruntuler-1-390x220.jpg 390w\" sizes=\"auto, (max-width: 1280px) 100vw, 1280px\" \/><\/p>\n","protected":false},"excerpt":{"rendered":"<p>2022 KPSS s\u0131nav\u0131 krizi devam ederken son olarak Devlet Denetleme Kurulu M\u00fcfetti\u015flerinin incelemelerinin ard\u0131ndan yapt\u0131\u011f\u0131 su\u00e7 duyurusu sonras\u0131nda emniyet d\u00fc\u011fmeye bast\u0131. DDK\u2019n\u0131n su\u00e7 duyurusu sonras\u0131nda Ankara Emniyet M\u00fcd\u00fcrl\u00fc\u011f\u00fc Mali Su\u00e7larla M\u00fccadele \u015eubesi ekipleri, Yediiklim Yay\u0131nevi\u2019ne ait 2 farkl\u0131 adreste arama ba\u015flatt\u0131. T\u00fcrkiye, KPSS Lisans oturumundaki sorular\u0131n s\u0131zd\u0131r\u0131lmas\u0131 iddias\u0131n\u0131 konu\u015fuyor. G\u00fcndemi sarsan iddialar\u0131n ard\u0131ndan son dakika &hellip;<\/p>\n","protected":false},"author":6,"featured_media":31689,"comment_status":"closed","ping_status":"closed","sticky":false,"template":"","format":"standard","meta":{"footnotes":""},"categories":[1],"tags":[],"class_list":["post-31688","post","type-post","status-publish","format-standard","has-post-thumbnail","hentry","category-genel"],"amp_enabled":true,"_links":{"self":[{"href":"https:\/\/adanaseshaber.com.tr\/index.php?rest_route=\/wp\/v2\/posts\/31688","targetHints":{"allow":["GET"]}}],"collection":[{"href":"https:\/\/adanaseshaber.com.tr\/index.php?rest_route=\/wp\/v2\/posts"}],"about":[{"href":"https:\/\/adanaseshaber.com.tr\/index.php?rest_route=\/wp\/v2\/types\/post"}],"author":[{"embeddable":true,"href":"https:\/\/adanaseshaber.com.tr\/index.php?rest_route=\/wp\/v2\/users\/6"}],"replies":[{"embeddable":true,"href":"https:\/\/adanaseshaber.com.tr\/index.php?rest_route=%2Fwp%2Fv2%2Fcomments&post=31688"}],"version-history":[{"count":4,"href":"https:\/\/adanaseshaber.com.tr\/index.php?rest_route=\/wp\/v2\/posts\/31688\/revisions"}],"predecessor-version":[{"id":31696,"href":"https:\/\/adanaseshaber.com.tr\/index.php?rest_route=\/wp\/v2\/posts\/31688\/revisions\/31696"}],"wp:featuredmedia":[{"embeddable":true,"href":"https:\/\/adanaseshaber.com.tr\/index.php?rest_route=\/wp\/v2\/media\/31689"}],"wp:attachment":[{"href":"https:\/\/adanaseshaber.com.tr\/index.php?rest_route=%2Fwp%2Fv2%2Fmedia&parent=31688"}],"wp:term":[{"taxonomy":"category","embeddable":true,"href":"https:\/\/adanaseshaber.com.tr\/index.php?rest_route=%2Fwp%2Fv2%2Fcategories&post=31688"},{"taxonomy":"post_tag","embeddable":true,"href":"https:\/\/adanaseshaber.com.tr\/index.php?rest_route=%2Fwp%2Fv2%2Ftags&post=31688"}],"curies":[{"name":"wp","href":"https:\/\/api.w.org\/{rel}","templated":true}]}}