{"id":31768,"date":"2022-08-04T13:12:08","date_gmt":"2022-08-04T10:12:08","guid":{"rendered":"https:\/\/www.adanaseshaber.com\/?p=31768"},"modified":"2022-08-04T13:13:41","modified_gmt":"2022-08-04T10:13:41","slug":"et-ve-sut-kurumu-duyurdu-et-fiyatlarina-yuzde-25-indirim","status":"publish","type":"post","link":"https:\/\/adanaseshaber.com.tr\/?p=31768","title":{"rendered":"Et ve S\u00fct Kurumu duyurdu: Et fiyatlar\u0131na y\u00fczde 25 indirim"},"content":{"rendered":"<p>Kuzu eti sat\u0131\u015f fiyatlar\u0131nda indirim kampanyas\u0131 ba\u015flatan Et ve S\u00fct Kurumu, y\u00fczde 25\u2019lik indirim haberini payla\u015ft\u0131. Fiyatlarda yap\u0131lan indirimle kuzu etinin daha fazla t\u00fcketiciye ula\u015ft\u0131r\u0131lmas\u0131n\u0131n hedeflendi\u011fi belirtildi. \u0130ndirim haberinin ard\u0131ndan hangi etin ka\u00e7 para oldu\u011fu merak edilmeye ba\u015fland\u0131. Ayn\u0131 zamanda s\u00f6z konusu indirimin ba\u015flayaca\u011f\u0131 tarih ara\u015ft\u0131r\u0131lan konular aras\u0131nda yer al\u0131yor. Tar\u0131m ve Orman Bakan\u0131 Vahit Kiri\u015f\u00e7i, Et ve S\u00fct Kurumu olarak kuzu eti fiyatlar\u0131yla ilgili y\u00fczde 25\u2019lik indirim yap\u0131laca\u011f\u0131n\u0131 duyurdu. Kuzu eti sat\u0131\u015f fiyatlar\u0131nda indirim kampanyas\u0131 ba\u015flatan Et ve S\u00fct Kurumu, bu kampanya ile kuzu etinin daha fazla t\u00fcketiciye ula\u015fmas\u0131n\u0131 hedefliyor. \u0130\u015fte yap\u0131lan indirimle ilgili t\u00fcm detaylar\u2026<\/p>\n<p><strong>Y\u00dcZDE 25\u2019L\u0130K \u0130ND\u0130R\u0130M<\/strong><\/p>\n<p>Et ve S\u00fct Kurumu, kuzu eti sat\u0131\u015f fiyatlar\u0131nda indirim kampanyas\u0131 ba\u015flatt\u0131 ve y\u00fczde 25\u2019lik indirim m\u00fcjdesini verdi. Konuyla ilgili a\u00e7\u0131klama yapan Tar\u0131m ve Orman Bakan\u0131 Vahit Kiri\u015f\u00e7i, \u2018Et ve S\u00fct Kurumu olarak kuzu eti fiyatlar\u0131yla ilgili y\u00fczde 25\u2019lik bir indirim yapaca\u011f\u0131z.\u2019 dedi.<\/p>\n<p><strong>\u2018HEM \u00dcRET\u0130C\u0130M\u0130Z HEM DE T\u00dcKET\u0130C\u0130M\u0130Z KAZANACAK\u2019<\/strong><\/p>\n<p>Et ve S\u00fct Kurumu, s\u00f6z konusu indirim kampanyas\u0131 ile koyun ve kuzu eti t\u00fcketiminde fark\u0131ndal\u0131k olu\u015fturmay\u0131 ama\u00e7l\u0131yor. \u2018Hem \u00fcreticimiz hem de t\u00fcketicimiz kazanacak\u2019 diyen Et ve S\u00fct Kurumu, \u00fcreticiden koyun-kuzu al\u0131m\u0131n\u0131 art\u0131rarak fiyatlarda istikrar\u0131 korumay\u0131 hedefliyor.<\/p>\n<p><img loading=\"lazy\" decoding=\"async\" class=\"aligncenter wp-image-31771 size-full\" src=\"https:\/\/adanaseshaber.com.tr\/wp-content\/uploads\/2022\/08\/et-ve-sut-kurumu-duyurdu-et-fiyatlarina-yuzde-25-indirim-1.jpg\" alt=\"\" width=\"1280\" height=\"720\" srcset=\"https:\/\/adanaseshaber.com.tr\/wp-content\/uploads\/2022\/08\/et-ve-sut-kurumu-duyurdu-et-fiyatlarina-yuzde-25-indirim-1.jpg 1280w, https:\/\/adanaseshaber.com.tr\/wp-content\/uploads\/2022\/08\/et-ve-sut-kurumu-duyurdu-et-fiyatlarina-yuzde-25-indirim-1-300x169.jpg 300w, https:\/\/adanaseshaber.com.tr\/wp-content\/uploads\/2022\/08\/et-ve-sut-kurumu-duyurdu-et-fiyatlarina-yuzde-25-indirim-1-1024x576.jpg 1024w, https:\/\/adanaseshaber.com.tr\/wp-content\/uploads\/2022\/08\/et-ve-sut-kurumu-duyurdu-et-fiyatlarina-yuzde-25-indirim-1-768x432.jpg 768w, https:\/\/adanaseshaber.com.tr\/wp-content\/uploads\/2022\/08\/et-ve-sut-kurumu-duyurdu-et-fiyatlarina-yuzde-25-indirim-1-390x220.jpg 390w\" sizes=\"auto, (max-width: 1280px) 100vw, 1280px\" \/><\/p>\n<p><strong>F\u0130YATLAR NASIL OLACAK?<\/strong><\/p>\n<p>Et ve S\u00fct Kurumu\u2019ndan gelen y\u00fczde 25\u2019lik indirim haberinin ard\u0131ndan g\u00f6zler indirimin ba\u015flayaca\u011f\u0131 tarihe ve et fiyatlar\u0131na \u00e7evrildi. Bu kapsamda Et ve S\u00fct Kurumu ma\u011fazalar\u0131nda sat\u0131lan koyun, kuzu, toklu etinde y\u00fczde 25\u2019e varan indirim yap\u0131ld\u0131. \u0130ndirimli sat\u0131\u015flar ise 5 A\u011fustos 2022 Cuma g\u00fcn\u00fc ba\u015flayacak. Et ve S\u00fct Kurumu\u2019nun ba\u015flatt\u0131\u011f\u0131 indirimli kuzu-koyun eti kampanyas\u0131 kapsam\u0131nda g\u00f6vde kuzu 129,75 liradan y\u00fczde 25 indirimle 98 liraya sat\u0131lacak. 181,50 lira olan kuzu pirzola ise yap\u0131lan y\u00fczde 25\u2019lik indirimle 137 liraya d\u00fc\u015fecek. Kuzu gerdan ise 114,50 liradan 86 liraya inecek.<\/p>\n","protected":false},"excerpt":{"rendered":"<p>Kuzu eti sat\u0131\u015f fiyatlar\u0131nda indirim kampanyas\u0131 ba\u015flatan Et ve S\u00fct Kurumu, y\u00fczde 25\u2019lik indirim haberini payla\u015ft\u0131. Fiyatlarda yap\u0131lan indirimle kuzu etinin daha fazla t\u00fcketiciye ula\u015ft\u0131r\u0131lmas\u0131n\u0131n hedeflendi\u011fi belirtildi. \u0130ndirim haberinin ard\u0131ndan hangi etin ka\u00e7 para oldu\u011fu merak edilmeye ba\u015fland\u0131. Ayn\u0131 zamanda s\u00f6z konusu indirimin ba\u015flayaca\u011f\u0131 tarih ara\u015ft\u0131r\u0131lan konular aras\u0131nda yer al\u0131yor. Tar\u0131m ve Orman Bakan\u0131 Vahit &hellip;<\/p>\n","protected":false},"author":6,"featured_media":31769,"comment_status":"closed","ping_status":"closed","sticky":false,"template":"","format":"standard","meta":{"footnotes":""},"categories":[1],"tags":[],"class_list":["post-31768","post","type-post","status-publish","format-standard","has-post-thumbnail","hentry","category-genel"],"amp_enabled":true,"_links":{"self":[{"href":"https:\/\/adanaseshaber.com.tr\/index.php?rest_route=\/wp\/v2\/posts\/31768","targetHints":{"allow":["GET"]}}],"collection":[{"href":"https:\/\/adanaseshaber.com.tr\/index.php?rest_route=\/wp\/v2\/posts"}],"about":[{"href":"https:\/\/adanaseshaber.com.tr\/index.php?rest_route=\/wp\/v2\/types\/post"}],"author":[{"embeddable":true,"href":"https:\/\/adanaseshaber.com.tr\/index.php?rest_route=\/wp\/v2\/users\/6"}],"replies":[{"embeddable":true,"href":"https:\/\/adanaseshaber.com.tr\/index.php?rest_route=%2Fwp%2Fv2%2Fcomments&post=31768"}],"version-history":[{"count":3,"href":"https:\/\/adanaseshaber.com.tr\/index.php?rest_route=\/wp\/v2\/posts\/31768\/revisions"}],"predecessor-version":[{"id":31773,"href":"https:\/\/adanaseshaber.com.tr\/index.php?rest_route=\/wp\/v2\/posts\/31768\/revisions\/31773"}],"wp:featuredmedia":[{"embeddable":true,"href":"https:\/\/adanaseshaber.com.tr\/index.php?rest_route=\/wp\/v2\/media\/31769"}],"wp:attachment":[{"href":"https:\/\/adanaseshaber.com.tr\/index.php?rest_route=%2Fwp%2Fv2%2Fmedia&parent=31768"}],"wp:term":[{"taxonomy":"category","embeddable":true,"href":"https:\/\/adanaseshaber.com.tr\/index.php?rest_route=%2Fwp%2Fv2%2Fcategories&post=31768"},{"taxonomy":"post_tag","embeddable":true,"href":"https:\/\/adanaseshaber.com.tr\/index.php?rest_route=%2Fwp%2Fv2%2Ftags&post=31768"}],"curies":[{"name":"wp","href":"https:\/\/api.w.org\/{rel}","templated":true}]}}