{"id":31775,"date":"2022-08-04T13:20:08","date_gmt":"2022-08-04T10:20:08","guid":{"rendered":"https:\/\/www.adanaseshaber.com\/?p=31775"},"modified":"2022-08-04T13:48:17","modified_gmt":"2022-08-04T10:48:17","slug":"2022-kpss-lisans-ne-zaman-yapilacak-yeni-kpss-ne-zaman-hangi-tarihte-osym-acikladi","status":"publish","type":"post","link":"https:\/\/adanaseshaber.com.tr\/?p=31775","title":{"rendered":"2022 KPSS Lisans ne zaman yap\u0131lacak? Yeni KPSS ne zaman, hangi tarihte? \u00d6SYM a\u00e7\u0131klad\u0131"},"content":{"rendered":"<p>31 Temmuz 2022 Pazar g\u00fcn\u00fc uygulanan ve sorular\u0131n s\u0131zd\u0131r\u0131ld\u0131\u011f\u0131 iddias\u0131yla inceleme ba\u015flat\u0131lan 2022 KPSS Lisans oturumuyla ilgili yeni bir geli\u015fme ya\u015fand\u0131. Son dakika geli\u015fmelerinin pe\u015f pe\u015fe geldi\u011fi KPSS s\u0131nav\u0131 iptal edildi. Sorular\u0131n s\u0131zd\u0131r\u0131ld\u0131\u011f\u0131na dair g\u00fcndemi sarsan skandal iddialar sonras\u0131nda \u00d6SYM Ba\u015fkan\u0131 Prof. Dr. Halis Ayg\u00fcn g\u00f6revden al\u0131nm\u0131\u015ft\u0131. 2022 KPSS Lisans oturumu son dakika karar\u0131yla iptal edildi. Milyonlarca aday\u0131n kat\u0131l\u0131m sa\u011flad\u0131\u011f\u0131 KPSS s\u0131nav\u0131n\u0131n iptalinin ard\u0131ndan g\u00f6zler yeni KPSS tarihine \u00e7evrildi. Peki, 2022 KPSS Lisans ne zaman yap\u0131lacak? Yeni KPSS ne zaman, hangi tarihte, hangi g\u00fcn? \u0130\u015fte detaylar\u2026<\/p>\n<p><b>KPSS SINAVI \u0130PTAL ED\u0130LD\u0130<\/b><\/p>\n<p>31 Temmuz 2022 Pazar g\u00fcn\u00fc ger\u00e7ekle\u015ftirilen KPSS Lisans oturumu bug\u00fcn yap\u0131lan son dakika a\u00e7\u0131klamas\u0131yla iptal edildi. Sorular\u0131n s\u0131zd\u0131r\u0131ld\u0131\u011f\u0131na dair iddialar\u0131n ard\u0131ndan son dakika geli\u015fmeleri pe\u015f pe\u015fe gelmi\u015f ve \u00d6SYM Ba\u015fkan\u0131 Prof. Dr. Halis Ayg\u00fcn g\u00f6revden al\u0131nm\u0131\u015ft\u0131. Bug\u00fcn yeni \u00d6SYM Ba\u015fkan\u0131 Bayram Ali Ersoy taraf\u0131ndan yap\u0131lan a\u00e7\u0131klama ile KPSS Lisans oturumunun iptal edildi\u011fi duyuruldu.<\/p>\n<p><strong>YEN\u0130 KPSS TAKV\u0130M\u0130 A\u00c7IKLANDI<\/strong><\/p>\n<p>31 Temmuz tarihinde ger\u00e7ekle\u015ftirilen KPSS s\u0131nav\u0131n\u0131n iptal edildi\u011fini duyuran \u00d6SYM Ba\u015fkan\u0131 Ersoy, yeni KPSS takviminin ise 17 Eyl\u00fcl&#8217;de ba\u015flayaca\u011f\u0131n\u0131 bildirdi.<\/p>\n<p><img loading=\"lazy\" decoding=\"async\" class=\"aligncenter wp-image-31796 size-full\" src=\"https:\/\/adanaseshaber.com.tr\/wp-content\/uploads\/2022\/08\/2022-kpss-lisans-ne-zaman-yapilacak-yeni-kpss-ne-zaman-hangi-tarihte-osym-acikladi-1.jpg\" alt=\"\" width=\"1280\" height=\"720\" srcset=\"https:\/\/adanaseshaber.com.tr\/wp-content\/uploads\/2022\/08\/2022-kpss-lisans-ne-zaman-yapilacak-yeni-kpss-ne-zaman-hangi-tarihte-osym-acikladi-1.jpg 1280w, https:\/\/adanaseshaber.com.tr\/wp-content\/uploads\/2022\/08\/2022-kpss-lisans-ne-zaman-yapilacak-yeni-kpss-ne-zaman-hangi-tarihte-osym-acikladi-1-300x169.jpg 300w, https:\/\/adanaseshaber.com.tr\/wp-content\/uploads\/2022\/08\/2022-kpss-lisans-ne-zaman-yapilacak-yeni-kpss-ne-zaman-hangi-tarihte-osym-acikladi-1-1024x576.jpg 1024w, https:\/\/adanaseshaber.com.tr\/wp-content\/uploads\/2022\/08\/2022-kpss-lisans-ne-zaman-yapilacak-yeni-kpss-ne-zaman-hangi-tarihte-osym-acikladi-1-768x432.jpg 768w, https:\/\/adanaseshaber.com.tr\/wp-content\/uploads\/2022\/08\/2022-kpss-lisans-ne-zaman-yapilacak-yeni-kpss-ne-zaman-hangi-tarihte-osym-acikladi-1-390x220.jpg 390w\" sizes=\"auto, (max-width: 1280px) 100vw, 1280px\" \/><\/p>\n<p><strong>\u00d6Z\u00dcR D\u0130LED\u0130<\/strong><\/p>\n<p>\u0130ptal edilen ve ertelenen KPSS s\u0131navlar\u0131 ile ilgili yeni takvimin en k\u0131sa s\u00fcrede kamuoyuyla payla\u015f\u0131laca\u011f\u0131n\u0131 s\u00f6yleyen \u00d6SYM Ba\u015fkan\u0131 Ersoy, Yeni KPSS takviminin 17 Eyl\u00fcl 2022 tarihinde ba\u015flayaca\u011f\u0131n\u0131 belirtti. G\u00f6reve gelir gelmez ilk a\u00e7\u0131klamas\u0131n\u0131 KPSS&#8217;nin iptal edildi\u011fini duyurarak yapan Ersoy, &#8216;Hi\u00e7 arzu etmedi\u011fimiz \u015fekilde iptal ve ertelemelere sebebiyet veren bu talihsiz s\u00fcre\u00e7ten dolay\u0131 t\u00fcm adaylardan \u00f6z\u00fcr diliyoruz.&#8217; dedi.<\/p>\n","protected":false},"excerpt":{"rendered":"<p>31 Temmuz 2022 Pazar g\u00fcn\u00fc uygulanan ve sorular\u0131n s\u0131zd\u0131r\u0131ld\u0131\u011f\u0131 iddias\u0131yla inceleme ba\u015flat\u0131lan 2022 KPSS Lisans oturumuyla ilgili yeni bir geli\u015fme ya\u015fand\u0131. Son dakika geli\u015fmelerinin pe\u015f pe\u015fe geldi\u011fi KPSS s\u0131nav\u0131 iptal edildi. Sorular\u0131n s\u0131zd\u0131r\u0131ld\u0131\u011f\u0131na dair g\u00fcndemi sarsan skandal iddialar sonras\u0131nda \u00d6SYM Ba\u015fkan\u0131 Prof. Dr. Halis Ayg\u00fcn g\u00f6revden al\u0131nm\u0131\u015ft\u0131. 2022 KPSS Lisans oturumu son dakika karar\u0131yla iptal &hellip;<\/p>\n","protected":false},"author":6,"featured_media":31778,"comment_status":"closed","ping_status":"closed","sticky":false,"template":"","format":"standard","meta":{"footnotes":""},"categories":[1],"tags":[],"class_list":["post-31775","post","type-post","status-publish","format-standard","has-post-thumbnail","hentry","category-genel"],"amp_enabled":true,"_links":{"self":[{"href":"https:\/\/adanaseshaber.com.tr\/index.php?rest_route=\/wp\/v2\/posts\/31775","targetHints":{"allow":["GET"]}}],"collection":[{"href":"https:\/\/adanaseshaber.com.tr\/index.php?rest_route=\/wp\/v2\/posts"}],"about":[{"href":"https:\/\/adanaseshaber.com.tr\/index.php?rest_route=\/wp\/v2\/types\/post"}],"author":[{"embeddable":true,"href":"https:\/\/adanaseshaber.com.tr\/index.php?rest_route=\/wp\/v2\/users\/6"}],"replies":[{"embeddable":true,"href":"https:\/\/adanaseshaber.com.tr\/index.php?rest_route=%2Fwp%2Fv2%2Fcomments&post=31775"}],"version-history":[{"count":7,"href":"https:\/\/adanaseshaber.com.tr\/index.php?rest_route=\/wp\/v2\/posts\/31775\/revisions"}],"predecessor-version":[{"id":31797,"href":"https:\/\/adanaseshaber.com.tr\/index.php?rest_route=\/wp\/v2\/posts\/31775\/revisions\/31797"}],"wp:featuredmedia":[{"embeddable":true,"href":"https:\/\/adanaseshaber.com.tr\/index.php?rest_route=\/wp\/v2\/media\/31778"}],"wp:attachment":[{"href":"https:\/\/adanaseshaber.com.tr\/index.php?rest_route=%2Fwp%2Fv2%2Fmedia&parent=31775"}],"wp:term":[{"taxonomy":"category","embeddable":true,"href":"https:\/\/adanaseshaber.com.tr\/index.php?rest_route=%2Fwp%2Fv2%2Fcategories&post=31775"},{"taxonomy":"post_tag","embeddable":true,"href":"https:\/\/adanaseshaber.com.tr\/index.php?rest_route=%2Fwp%2Fv2%2Ftags&post=31775"}],"curies":[{"name":"wp","href":"https:\/\/api.w.org\/{rel}","templated":true}]}}