{"id":31782,"date":"2022-08-04T13:30:59","date_gmt":"2022-08-04T10:30:59","guid":{"rendered":"https:\/\/www.adanaseshaber.com\/?p=31782"},"modified":"2022-08-04T13:36:31","modified_gmt":"2022-08-04T10:36:31","slug":"kpss-on-lisans-oabt-sinavi-ne-zaman-yapilacak-6-7-agustos-2022-kpss-sinavi-iptal-mi-2022-osym-yeni-sinav-takvimi","status":"publish","type":"post","link":"https:\/\/adanaseshaber.com.tr\/?p=31782","title":{"rendered":"KPSS \u00f6n lisans, \u00d6ABT s\u0131nav\u0131 ne zaman yap\u0131lacak? 6-7 A\u011fustos 2022 KPSS s\u0131nav\u0131 iptal mi? 2022 \u00d6SYM yeni s\u0131nav takvimi"},"content":{"rendered":"<p>Ge\u00e7ti\u011fimiz Pazar g\u00fcn\u00fc d\u00fczenlenen KPSS Lisans oturumuyla ilgili ortaya at\u0131lan ve g\u00fcndemi derinden sarsan sorular\u0131n s\u0131zd\u0131r\u0131ld\u0131\u011f\u0131 iddialar\u0131n\u0131n ard\u0131ndan bug\u00fcn yap\u0131lan son dakika a\u00e7\u0131klamas\u0131nda KPSS s\u0131nav\u0131n\u0131n iptal edildi\u011fi duyuruldu. Yeni \u00d6SYM Ba\u015fkan\u0131\u2019n\u0131n yapt\u0131\u011f\u0131 a\u00e7\u0131klamada, 2022 KPSS Lisans s\u0131nav\u0131n\u0131n iptal edildi\u011fi duyuruldu ve yeni KPSS takvimiyle ilgili bilgi verildi. KPSS s\u0131nav\u0131n\u0131n son dakika a\u00e7\u0131klamas\u0131yla iptal edilmesinin ard\u0131ndan g\u00f6zler yeni s\u0131nav takvimine \u00e7evrildi. \u00d6te yandan 6-7 A\u011fustos 2022 tarihlerinde yap\u0131lacak olan KPSS s\u0131nav\u0131n\u0131n iptal edilip edilmedi\u011fi de merak konusu oldu. Peki, KPSS \u00f6n lisans, \u00d6ABT s\u0131nav\u0131 ne zaman yap\u0131lacak? 6-7 A\u011fustos 2022 KPSS s\u0131nav\u0131 iptal mi? Yeni KPSS s\u0131nav\u0131 ne zaman? \u0130\u015fte detaylar\u2026<\/p>\n<p><strong>2022 KPSS L\u0130SANS OTURUMU \u0130PTAL ED\u0130LD\u0130<\/strong><\/p>\n<p>T\u00fcrkiye g\u00fcndemini derinden sarsan 2022 KPSS s\u0131nav\u0131nda sorular\u0131n s\u0131zd\u0131r\u0131ld\u0131\u011f\u0131 iddias\u0131n\u0131n yank\u0131lar\u0131 s\u00fcr\u00fcyor. D\u00fcn gece g\u00f6reve atanan yeni \u00d6SYM Ba\u015fkan\u0131 Bayram Ali Ersoy, 31 Temmuz 2022 tarihinde ger\u00e7ekle\u015ftirilen ve sorular\u0131n s\u0131zd\u0131r\u0131ld\u0131\u011f\u0131 iddias\u0131yla inceleme ba\u015flat\u0131lan KPSS Lisans oturumun iptal edildi\u011fini a\u00e7\u0131klad\u0131.<\/p>\n<p><b>T\u00dcM OTURUMLAR ERTELEND\u0130<\/b><\/p>\n<p>2022 KPSS Lisans oturumunda sorular\u0131n s\u0131zd\u0131r\u0131ld\u0131\u011f\u0131 iddias\u0131 g\u00fcndeme bomba gibi d\u00fc\u015fm\u00fc\u015f ve konuyla ilgili inceleme ba\u015flat\u0131lm\u0131\u015ft\u0131. T\u00fcm bu geli\u015fmelerin ard\u0131ndan \u00d6SYM Ba\u015fkan\u0131 Halis Ayg\u00fcn g\u00f6revden al\u0131nm\u0131\u015f ve yerine Prof. Dr. Bayram Ali Ersoy atanm\u0131\u015ft\u0131. Bug\u00fcn yeni \u00d6SYM Ba\u015fkan\u0131 Ersoy&#8217;dan gelen son dakika a\u00e7\u0131klamas\u0131nda 2022 KPSS Lisans oturumunun iptal edildi\u011fi bildirildi. Ersoy, 6-7 A\u011fustos ve 14 A\u011fustos tarihlerinde yap\u0131lacak olan KPSS oturumlar\u0131n\u0131n da ertelendi\u011fini duyurdu.<\/p>\n","protected":false},"excerpt":{"rendered":"<p>Ge\u00e7ti\u011fimiz Pazar g\u00fcn\u00fc d\u00fczenlenen KPSS Lisans oturumuyla ilgili ortaya at\u0131lan ve g\u00fcndemi derinden sarsan sorular\u0131n s\u0131zd\u0131r\u0131ld\u0131\u011f\u0131 iddialar\u0131n\u0131n ard\u0131ndan bug\u00fcn yap\u0131lan son dakika a\u00e7\u0131klamas\u0131nda KPSS s\u0131nav\u0131n\u0131n iptal edildi\u011fi duyuruldu. Yeni \u00d6SYM Ba\u015fkan\u0131\u2019n\u0131n yapt\u0131\u011f\u0131 a\u00e7\u0131klamada, 2022 KPSS Lisans s\u0131nav\u0131n\u0131n iptal edildi\u011fi duyuruldu ve yeni KPSS takvimiyle ilgili bilgi verildi. KPSS s\u0131nav\u0131n\u0131n son dakika a\u00e7\u0131klamas\u0131yla iptal edilmesinin ard\u0131ndan &hellip;<\/p>\n","protected":false},"author":6,"featured_media":31783,"comment_status":"closed","ping_status":"closed","sticky":false,"template":"","format":"standard","meta":{"footnotes":""},"categories":[1],"tags":[],"class_list":["post-31782","post","type-post","status-publish","format-standard","has-post-thumbnail","hentry","category-genel"],"amp_enabled":true,"_links":{"self":[{"href":"https:\/\/adanaseshaber.com.tr\/index.php?rest_route=\/wp\/v2\/posts\/31782","targetHints":{"allow":["GET"]}}],"collection":[{"href":"https:\/\/adanaseshaber.com.tr\/index.php?rest_route=\/wp\/v2\/posts"}],"about":[{"href":"https:\/\/adanaseshaber.com.tr\/index.php?rest_route=\/wp\/v2\/types\/post"}],"author":[{"embeddable":true,"href":"https:\/\/adanaseshaber.com.tr\/index.php?rest_route=\/wp\/v2\/users\/6"}],"replies":[{"embeddable":true,"href":"https:\/\/adanaseshaber.com.tr\/index.php?rest_route=%2Fwp%2Fv2%2Fcomments&post=31782"}],"version-history":[{"count":4,"href":"https:\/\/adanaseshaber.com.tr\/index.php?rest_route=\/wp\/v2\/posts\/31782\/revisions"}],"predecessor-version":[{"id":31789,"href":"https:\/\/adanaseshaber.com.tr\/index.php?rest_route=\/wp\/v2\/posts\/31782\/revisions\/31789"}],"wp:featuredmedia":[{"embeddable":true,"href":"https:\/\/adanaseshaber.com.tr\/index.php?rest_route=\/wp\/v2\/media\/31783"}],"wp:attachment":[{"href":"https:\/\/adanaseshaber.com.tr\/index.php?rest_route=%2Fwp%2Fv2%2Fmedia&parent=31782"}],"wp:term":[{"taxonomy":"category","embeddable":true,"href":"https:\/\/adanaseshaber.com.tr\/index.php?rest_route=%2Fwp%2Fv2%2Fcategories&post=31782"},{"taxonomy":"post_tag","embeddable":true,"href":"https:\/\/adanaseshaber.com.tr\/index.php?rest_route=%2Fwp%2Fv2%2Ftags&post=31782"}],"curies":[{"name":"wp","href":"https:\/\/api.w.org\/{rel}","templated":true}]}}