{"id":31791,"date":"2022-08-04T13:44:44","date_gmt":"2022-08-04T10:44:44","guid":{"rendered":"https:\/\/www.adanaseshaber.com\/?p=31791"},"modified":"2022-08-04T13:58:02","modified_gmt":"2022-08-04T10:58:02","slug":"kpss-icin-tekrar-sinav-ucreti-odenecek-mi-kpss-ucretleri-geri-odenecek-mi","status":"publish","type":"post","link":"https:\/\/adanaseshaber.com.tr\/?p=31791","title":{"rendered":"KPSS i\u00e7in tekrar s\u0131nav \u00fccreti \u00f6denecek mi? KPSS \u00fccretleri geri \u00f6denecek mi?"},"content":{"rendered":"<p>Ge\u00e7ti\u011fimiz Pazar g\u00fcn\u00fc ger\u00e7ekle\u015ftirilen ve sorular\u0131n s\u0131zd\u0131r\u0131ld\u0131\u011f\u0131 iddias\u0131yla g\u00fcndeme bomba gibi d\u00fc\u015fen 2022 KPSS Lisans oturumu bug\u00fcn yap\u0131lan son dakika a\u00e7\u0131klamas\u0131yla iptal edildi. S\u0131nav\u0131n iptalinin ard\u0131ndan \u00e7ok say\u0131da soruya cevap aranmaya ba\u015fland\u0131. Yeni \u00d6SYM Ba\u015fkan\u0131\u2019n\u0131n a\u00e7\u0131klad\u0131\u011f\u0131 iptal karar\u0131n\u0131n ard\u0131ndan en \u00e7ok ara\u015ft\u0131r\u0131lan konu ise s\u0131nav \u00fccreti oldu. Yeni \u00d6SYM Ba\u015fkan\u0131 Bayram Ali Ersoy, s\u0131zd\u0131r\u0131lma iddialar\u0131yla g\u00fcndeme gelen 2022 KPSS Lisans oturumunun iptal edildi\u011fini a\u00e7\u0131klad\u0131. \u0130ptal karar\u0131n\u0131n ard\u0131ndan g\u00f6zler KPSS s\u0131nav \u00fccretine \u00e7evrildi. Peki, KPSS i\u00e7in tekrar s\u0131nav \u00fccreti \u00f6denecek mi? KPSS \u00fccretleri geri \u00f6denecek mi? Yeni KPSS i\u00e7in s\u0131nav \u00fccreti istenecek mi? \u0130\u015fte t\u00fcm merak edilenler\u2026<\/p>\n<p><b>YEN\u0130 KPSS \u0130\u00c7\u0130N SINAV \u00dcCRET\u0130 \u00d6DENECEK M\u0130?<\/b><\/p>\n<p>31 Temmuz tarihinde ger\u00e7ekle\u015ftirilen ve 4 A\u011fustos 2022 (bug\u00fcn) iptal edildi\u011fi duyurulan KPSS Lisans oturumu ile ilgili merak edilen \u00e7ok say\u0131da soru bulunuyor. \u00d6zellikle iptal edilen ve tekrarlanacak olan KPSS s\u0131nav\u0131 i\u00e7in adaylardan tekrar bir \u00fccret talep edilip edilmeyece\u011fi merak konusu. Bu konuyla ilgili de bilgilendirmede bulunan yeni \u00d6SYM Ba\u015fkan\u0131 Bayram Ali Ersoy, &#8216;Yeni KPSS takvimi 17 Eyl\u00fcl&#8217;de ba\u015flayacakt\u0131r. S\u0131nav\u0131 iptal edilen KPSS adaylar\u0131ndan girece\u011fi yeni s\u0131nav i\u00e7in herhangi bir ilave \u00fccret talep edilmeyecektir.&#8217; dedi.<\/p>\n<p><strong>YEN\u0130 KPSS SINAVI NE ZAMAN YAPILACAK?<\/strong><\/p>\n<p>\u0130ptal edilen ve ertelenen KPSS oturumlar\u0131n\u0131n yeni tarihleri de merak konusu oldu. Yeni KPSS takvimi 17 Eyl\u00fcl 2022 tarihinde ba\u015flayacak. Hen\u00fcz 2022 KPSS Genel Yetenek-Genel K\u00fclt\u00fcr, E\u011fitim Bilimleri-Alan Bilgisi oturumlar\u0131n\u0131n yap\u0131laca\u011f\u0131 tarihle ilgili bir a\u00e7\u0131klama gelmedi. Yeni KPSS takviminin 17 Eyl\u00fcl&#8217;de belli olaca\u011f\u0131 bildirildi.<\/p>\n<p><img loading=\"lazy\" decoding=\"async\" class=\"aligncenter wp-image-31806 size-full\" src=\"https:\/\/adanaseshaber.com.tr\/wp-content\/uploads\/2022\/08\/kpss-icin-tekrar-sinav-ucreti-odenecek-mi-kpss-ucretleri-geri-odenecek-mi-1.jpg\" alt=\"\" width=\"1280\" height=\"720\" srcset=\"https:\/\/adanaseshaber.com.tr\/wp-content\/uploads\/2022\/08\/kpss-icin-tekrar-sinav-ucreti-odenecek-mi-kpss-ucretleri-geri-odenecek-mi-1.jpg 1280w, https:\/\/adanaseshaber.com.tr\/wp-content\/uploads\/2022\/08\/kpss-icin-tekrar-sinav-ucreti-odenecek-mi-kpss-ucretleri-geri-odenecek-mi-1-300x169.jpg 300w, https:\/\/adanaseshaber.com.tr\/wp-content\/uploads\/2022\/08\/kpss-icin-tekrar-sinav-ucreti-odenecek-mi-kpss-ucretleri-geri-odenecek-mi-1-1024x576.jpg 1024w, https:\/\/adanaseshaber.com.tr\/wp-content\/uploads\/2022\/08\/kpss-icin-tekrar-sinav-ucreti-odenecek-mi-kpss-ucretleri-geri-odenecek-mi-1-768x432.jpg 768w, https:\/\/adanaseshaber.com.tr\/wp-content\/uploads\/2022\/08\/kpss-icin-tekrar-sinav-ucreti-odenecek-mi-kpss-ucretleri-geri-odenecek-mi-1-390x220.jpg 390w\" sizes=\"auto, (max-width: 1280px) 100vw, 1280px\" \/><\/p>\n<p><strong>\u00d6SYM BA\u015eKANI G\u00d6REVDEN ALINMI\u015eTI<\/strong><\/p>\n<p>Ge\u00e7ti\u011fimiz Pazar g\u00fcn\u00fc milyonlarca aday\u0131n kat\u0131l\u0131m\u0131yla ger\u00e7ekle\u015ftirilen 2022 KPSS Lisans oturumu skandal bir iddiayla g\u00fcndeme gelmi\u015f ve tepkiler \u00e7\u0131\u011f gibi b\u00fcy\u00fcm\u00fc\u015ft\u00fc. KPSS s\u0131nav sorular\u0131n\u0131n s\u0131zd\u0131r\u0131ld\u0131\u011f\u0131 iddialar\u0131n\u0131n ard\u0131ndan Cumhurba\u015fkan\u0131 Recep Tayyip Erdo\u011fan&#8217;\u0131n Devlet Denetim Kurulu&#8217;na verdi\u011fi talimatla konu hakk\u0131nda inceleme ba\u015flat\u0131lm\u0131\u015ft\u0131. Ba\u015flat\u0131lan incelemenin ard\u0131ndan \u00d6SYM Ba\u015fkan\u0131 Prof. Dr. Halis Ayg\u00fcn, 3 A\u011fustos 2022 tarihli Resmi Gazete&#8217;de yay\u0131mlanan kararla g\u00f6revden al\u0131nd\u0131. Ayg\u00fcn&#8217;\u00fcn yerine g\u00f6reve Prof. Dr. Bayram Ali ersoy atand\u0131.<\/p>\n","protected":false},"excerpt":{"rendered":"<p>Ge\u00e7ti\u011fimiz Pazar g\u00fcn\u00fc ger\u00e7ekle\u015ftirilen ve sorular\u0131n s\u0131zd\u0131r\u0131ld\u0131\u011f\u0131 iddias\u0131yla g\u00fcndeme bomba gibi d\u00fc\u015fen 2022 KPSS Lisans oturumu bug\u00fcn yap\u0131lan son dakika a\u00e7\u0131klamas\u0131yla iptal edildi. S\u0131nav\u0131n iptalinin ard\u0131ndan \u00e7ok say\u0131da soruya cevap aranmaya ba\u015fland\u0131. Yeni \u00d6SYM Ba\u015fkan\u0131\u2019n\u0131n a\u00e7\u0131klad\u0131\u011f\u0131 iptal karar\u0131n\u0131n ard\u0131ndan en \u00e7ok ara\u015ft\u0131r\u0131lan konu ise s\u0131nav \u00fccreti oldu. Yeni \u00d6SYM Ba\u015fkan\u0131 Bayram Ali Ersoy, s\u0131zd\u0131r\u0131lma iddialar\u0131yla &hellip;<\/p>\n","protected":false},"author":6,"featured_media":31792,"comment_status":"closed","ping_status":"closed","sticky":false,"template":"","format":"standard","meta":{"footnotes":""},"categories":[1],"tags":[],"class_list":["post-31791","post","type-post","status-publish","format-standard","has-post-thumbnail","hentry","category-genel"],"amp_enabled":true,"_links":{"self":[{"href":"https:\/\/adanaseshaber.com.tr\/index.php?rest_route=\/wp\/v2\/posts\/31791","targetHints":{"allow":["GET"]}}],"collection":[{"href":"https:\/\/adanaseshaber.com.tr\/index.php?rest_route=\/wp\/v2\/posts"}],"about":[{"href":"https:\/\/adanaseshaber.com.tr\/index.php?rest_route=\/wp\/v2\/types\/post"}],"author":[{"embeddable":true,"href":"https:\/\/adanaseshaber.com.tr\/index.php?rest_route=\/wp\/v2\/users\/6"}],"replies":[{"embeddable":true,"href":"https:\/\/adanaseshaber.com.tr\/index.php?rest_route=%2Fwp%2Fv2%2Fcomments&post=31791"}],"version-history":[{"count":6,"href":"https:\/\/adanaseshaber.com.tr\/index.php?rest_route=\/wp\/v2\/posts\/31791\/revisions"}],"predecessor-version":[{"id":31807,"href":"https:\/\/adanaseshaber.com.tr\/index.php?rest_route=\/wp\/v2\/posts\/31791\/revisions\/31807"}],"wp:featuredmedia":[{"embeddable":true,"href":"https:\/\/adanaseshaber.com.tr\/index.php?rest_route=\/wp\/v2\/media\/31792"}],"wp:attachment":[{"href":"https:\/\/adanaseshaber.com.tr\/index.php?rest_route=%2Fwp%2Fv2%2Fmedia&parent=31791"}],"wp:term":[{"taxonomy":"category","embeddable":true,"href":"https:\/\/adanaseshaber.com.tr\/index.php?rest_route=%2Fwp%2Fv2%2Fcategories&post=31791"},{"taxonomy":"post_tag","embeddable":true,"href":"https:\/\/adanaseshaber.com.tr\/index.php?rest_route=%2Fwp%2Fv2%2Ftags&post=31791"}],"curies":[{"name":"wp","href":"https:\/\/api.w.org\/{rel}","templated":true}]}}