{"id":31808,"date":"2022-08-04T14:04:57","date_gmt":"2022-08-04T11:04:57","guid":{"rendered":"https:\/\/www.adanaseshaber.com\/?p=31808"},"modified":"2022-08-04T14:13:00","modified_gmt":"2022-08-04T11:13:00","slug":"balikli-rum-hastanesinde-yangin-hastalar-tahliye-ediliyor","status":"publish","type":"post","link":"https:\/\/adanaseshaber.com.tr\/?p=31808","title":{"rendered":"Bal\u0131kl\u0131 Rum Hastanesi\u2019nde yang\u0131n! Hastalar tahliye ediliyor"},"content":{"rendered":"<p>\u0130stanbul\u2019un Zeytinburnu il\u00e7esinde bulunan Bal\u0131kl\u0131 Rum Hastanesi\u2019nde yang\u0131n \u00e7\u0131kt\u0131. Panik yaratan yang\u0131n\u0131n ard\u0131ndan hastalar\u0131n tahliyesine ba\u015fland\u0131. Hastalar\u0131n baz\u0131s\u0131n\u0131n kucakta, baz\u0131s\u0131n\u0131n ise tekerlekli sandalyede tahliye edildi\u011fi g\u00f6r\u00fcld\u00fc. Konuyla ilgili Zeytinburnu Belediye Ba\u015fkan\u0131 \u00d6mer Ar\u0131soy\u2019dan a\u00e7\u0131klama geldi. Bal\u0131kl\u0131 Rum Hastanesi\u2019nde \u00e7\u0131kan yang\u0131nla ilgili a\u00e7\u0131klama yapan Belediye Ba\u015fkan\u0131 Ar\u0131soy, \u2018100 kadar ya\u015fl\u0131m\u0131z yang\u0131n b\u00fcy\u00fcmeden tahliye edildi. \u0130\u00e7eride kimse kalmad\u0131.&#8217; dedi\u2019 \u0130stanbul Valili\u011fi\u2019nden yap\u0131lan a\u00e7\u0131klamada ise Bal\u0131kl\u0131 Rum Hastanesi\u2019nde \u00e7\u0131kan yang\u0131n\u0131n ard\u0131ndan 80\u2019e yak\u0131n hastan\u0131n ba\u015fka hastanelere sevk edildi\u011fi bilgisine yer verildi.<\/p>\n<p><b>HASTANEN\u0130N HUZUREV\u0130 KISMINDA YANGIN \u00c7IKTI<\/b><\/p>\n<p>\u0130stanbul Zeytinburnu&#8217;nda yer alan Bal\u0131kl\u0131 Rum Hastanesi&#8217;nde hen\u00fcz bilinmeyen bir nedenle yang\u0131n \u00e7\u0131kt\u0131. Yang\u0131n\u0131n ard\u0131ndan hastalar\u0131n binadan tahliyesi ba\u015flad\u0131. Hastalar\u0131n baz\u0131s\u0131 kucakta, baz\u0131s\u0131 ise tekerlekli sandalye ile d\u0131\u015far\u0131 \u00e7\u0131kar\u0131ld\u0131. \u0130hbar \u00fczerine olay yerine gelen itfaiye ekipleri yang\u0131n\u0131n s\u00f6nd\u00fcr\u00fclmesi i\u00e7in \u00e7al\u0131\u015fma ba\u015flatt\u0131. Yang\u0131n\u0131n ilk olarak hastanenin huzurevi k\u0131sm\u0131nda \u00e7\u0131kt\u0131\u011f\u0131 bilgisine ula\u015f\u0131ld\u0131.<\/p>\n<p><img loading=\"lazy\" decoding=\"async\" class=\"aligncenter wp-image-31816 size-full\" src=\"https:\/\/adanaseshaber.com.tr\/wp-content\/uploads\/2022\/08\/balikli-rum-hastanesinde-yangin-hastalar-tahliye-ediliyor-2.jpg\" alt=\"\" width=\"1280\" height=\"720\" srcset=\"https:\/\/adanaseshaber.com.tr\/wp-content\/uploads\/2022\/08\/balikli-rum-hastanesinde-yangin-hastalar-tahliye-ediliyor-2.jpg 1280w, https:\/\/adanaseshaber.com.tr\/wp-content\/uploads\/2022\/08\/balikli-rum-hastanesinde-yangin-hastalar-tahliye-ediliyor-2-300x169.jpg 300w, https:\/\/adanaseshaber.com.tr\/wp-content\/uploads\/2022\/08\/balikli-rum-hastanesinde-yangin-hastalar-tahliye-ediliyor-2-1024x576.jpg 1024w, https:\/\/adanaseshaber.com.tr\/wp-content\/uploads\/2022\/08\/balikli-rum-hastanesinde-yangin-hastalar-tahliye-ediliyor-2-768x432.jpg 768w, https:\/\/adanaseshaber.com.tr\/wp-content\/uploads\/2022\/08\/balikli-rum-hastanesinde-yangin-hastalar-tahliye-ediliyor-2-390x220.jpg 390w\" sizes=\"auto, (max-width: 1280px) 100vw, 1280px\" \/><\/p>\n<p><strong>ZEYT\u0130NBURNU BELED\u0130YE BA\u015eKANI&#8217;NDAN A\u00c7IKLAMA<\/strong><\/p>\n<p>Bal\u0131kl\u0131 Rum Hastanesi&#8217;nde \u00e7\u0131kan yang\u0131nla ilgili ilk a\u00e7\u0131klama Zeytinburnu Belediye Ba\u015fkan\u0131 \u00d6mer Ar\u0131soy&#8217;dan geldi. Konu hakk\u0131nda a\u00e7\u0131klamalarda bulunan Belediye Ba\u015fkan\u0131 Ar\u0131soy, s\u00f6z konusu yang\u0131n\u0131n hastanenin huzurevi b\u00f6l\u00fcm\u00fcnde \u00e7\u0131kt\u0131\u011f\u0131n\u0131, duman sonras\u0131nda hastalar\u0131n tamam\u0131n\u0131n tahliye edildi\u011fini s\u00f6yledi.<\/p>\n<p><img loading=\"lazy\" decoding=\"async\" class=\"aligncenter wp-image-31818 size-full\" src=\"https:\/\/adanaseshaber.com.tr\/wp-content\/uploads\/2022\/08\/balikli-rum-hastanesinde-yangin-hastalar-tahliye-ediliyor.jpeg\" alt=\"\" width=\"1280\" height=\"720\" srcset=\"https:\/\/adanaseshaber.com.tr\/wp-content\/uploads\/2022\/08\/balikli-rum-hastanesinde-yangin-hastalar-tahliye-ediliyor.jpeg 1280w, https:\/\/adanaseshaber.com.tr\/wp-content\/uploads\/2022\/08\/balikli-rum-hastanesinde-yangin-hastalar-tahliye-ediliyor-300x169.jpeg 300w, https:\/\/adanaseshaber.com.tr\/wp-content\/uploads\/2022\/08\/balikli-rum-hastanesinde-yangin-hastalar-tahliye-ediliyor-1024x576.jpeg 1024w, https:\/\/adanaseshaber.com.tr\/wp-content\/uploads\/2022\/08\/balikli-rum-hastanesinde-yangin-hastalar-tahliye-ediliyor-768x432.jpeg 768w, https:\/\/adanaseshaber.com.tr\/wp-content\/uploads\/2022\/08\/balikli-rum-hastanesinde-yangin-hastalar-tahliye-ediliyor-390x220.jpeg 390w\" sizes=\"auto, (max-width: 1280px) 100vw, 1280px\" \/><\/p>\n<p><strong>\u00d6L\u00dc VEYA YARALI YOK<\/strong><\/p>\n<p>Bal\u0131kl\u0131 Rum Hastanesi&#8217;nde \u00e7\u0131kan yang\u0131nla ilgili bir a\u00e7\u0131klama da \u0130stanbul Valili\u011fi&#8217;nden geldi. Yang\u0131nla ilgili a\u00e7\u0131klama yapan \u0130stanbul Valili\u011fi yetkilileri, yang\u0131n sebebiyle \u015fu ana kadar \u00f6len veya yaralanan olmad\u0131\u011f\u0131n\u0131 bildirdi ve 80&#8217;e yak\u0131n hastan\u0131n ba\u015fka hastanelere sevkinin ger\u00e7ekle\u015ftirildi\u011fi bilgisine yer verdi.<\/p>\n","protected":false},"excerpt":{"rendered":"<p>\u0130stanbul\u2019un Zeytinburnu il\u00e7esinde bulunan Bal\u0131kl\u0131 Rum Hastanesi\u2019nde yang\u0131n \u00e7\u0131kt\u0131. Panik yaratan yang\u0131n\u0131n ard\u0131ndan hastalar\u0131n tahliyesine ba\u015fland\u0131. Hastalar\u0131n baz\u0131s\u0131n\u0131n kucakta, baz\u0131s\u0131n\u0131n ise tekerlekli sandalyede tahliye edildi\u011fi g\u00f6r\u00fcld\u00fc. Konuyla ilgili Zeytinburnu Belediye Ba\u015fkan\u0131 \u00d6mer Ar\u0131soy\u2019dan a\u00e7\u0131klama geldi. Bal\u0131kl\u0131 Rum Hastanesi\u2019nde \u00e7\u0131kan yang\u0131nla ilgili a\u00e7\u0131klama yapan Belediye Ba\u015fkan\u0131 Ar\u0131soy, \u2018100 kadar ya\u015fl\u0131m\u0131z yang\u0131n b\u00fcy\u00fcmeden tahliye edildi. \u0130\u00e7eride kimse &hellip;<\/p>\n","protected":false},"author":6,"featured_media":31809,"comment_status":"closed","ping_status":"closed","sticky":false,"template":"","format":"standard","meta":{"footnotes":""},"categories":[1],"tags":[],"class_list":["post-31808","post","type-post","status-publish","format-standard","has-post-thumbnail","hentry","category-genel"],"amp_enabled":true,"_links":{"self":[{"href":"https:\/\/adanaseshaber.com.tr\/index.php?rest_route=\/wp\/v2\/posts\/31808","targetHints":{"allow":["GET"]}}],"collection":[{"href":"https:\/\/adanaseshaber.com.tr\/index.php?rest_route=\/wp\/v2\/posts"}],"about":[{"href":"https:\/\/adanaseshaber.com.tr\/index.php?rest_route=\/wp\/v2\/types\/post"}],"author":[{"embeddable":true,"href":"https:\/\/adanaseshaber.com.tr\/index.php?rest_route=\/wp\/v2\/users\/6"}],"replies":[{"embeddable":true,"href":"https:\/\/adanaseshaber.com.tr\/index.php?rest_route=%2Fwp%2Fv2%2Fcomments&post=31808"}],"version-history":[{"count":7,"href":"https:\/\/adanaseshaber.com.tr\/index.php?rest_route=\/wp\/v2\/posts\/31808\/revisions"}],"predecessor-version":[{"id":31819,"href":"https:\/\/adanaseshaber.com.tr\/index.php?rest_route=\/wp\/v2\/posts\/31808\/revisions\/31819"}],"wp:featuredmedia":[{"embeddable":true,"href":"https:\/\/adanaseshaber.com.tr\/index.php?rest_route=\/wp\/v2\/media\/31809"}],"wp:attachment":[{"href":"https:\/\/adanaseshaber.com.tr\/index.php?rest_route=%2Fwp%2Fv2%2Fmedia&parent=31808"}],"wp:term":[{"taxonomy":"category","embeddable":true,"href":"https:\/\/adanaseshaber.com.tr\/index.php?rest_route=%2Fwp%2Fv2%2Fcategories&post=31808"},{"taxonomy":"post_tag","embeddable":true,"href":"https:\/\/adanaseshaber.com.tr\/index.php?rest_route=%2Fwp%2Fv2%2Ftags&post=31808"}],"curies":[{"name":"wp","href":"https:\/\/api.w.org\/{rel}","templated":true}]}}