{"id":31827,"date":"2022-08-04T15:14:27","date_gmt":"2022-08-04T12:14:27","guid":{"rendered":"https:\/\/www.adanaseshaber.com\/?p=31827"},"modified":"2022-08-04T15:15:42","modified_gmt":"2022-08-04T12:15:42","slug":"yarginin-ceylini-pinar-deniz-imaj-degistirdi","status":"publish","type":"post","link":"https:\/\/adanaseshaber.com.tr\/?p=31827","title":{"rendered":"Yarg\u0131\u2019n\u0131n Ceylin\u2019i P\u0131nar Deniz imaj de\u011fi\u015ftirdi"},"content":{"rendered":"<p>Kanal D ekranlar\u0131nda yay\u0131nlanan ve \u015fimdilerde sezon finali aras\u0131nda olan sevilen dizi Yarg\u0131\u2019n\u0131n ba\u015frol oyuncusu P\u0131nar Deniz, imaj de\u011fi\u015ftirdi. Yarg\u0131 dizisinde Ceylin karakterine hayat veren g\u00fczel oyuncunun yeni imaj\u0131 sosyal medyaya damga vurdu. Yeni imaj\u0131n\u0131 takip\u00e7ileriyle payla\u015fan P\u0131nar Deniz\u2019e yorum ya\u011fd\u0131. G\u00fczel oyuncu yeni imaj\u0131yla H\u00fcrrem Sultan\u2019a benzetildi. Oyunculu\u011fu ve g\u00fczelli\u011fiyle s\u0131k s\u0131k ad\u0131ndan bahsettiren \u00fcnl\u00fc oyuncu P\u0131nar Deniz, imaj de\u011fi\u015fikli\u011fine gitti. Sa\u00e7lar\u0131n\u0131 boyatan g\u00fczel oyuncunun yeni imaj\u0131na yorum ve be\u011feni ya\u011fd\u0131. Siyah sa\u00e7l\u0131 haliyle \u00e7ok be\u011fenilen ve g\u00fczelli\u011fi s\u0131k s\u0131k magazin man\u015fetlerinde yer bulan Deniz, sa\u00e7lar\u0131n\u0131 k\u0131z\u0131la boyatt\u0131. Deniz\u2019in yeni imaj\u0131yla ilgili \u2018H\u00fcrrem Sultan olmu\u015fsun\u2019 yorumlar\u0131 yap\u0131ld\u0131.<\/p>\n<p><strong>SA\u00c7LARINI KIZILA BOYATTI<\/strong><\/p>\n<p>\u015eimdilerde sezon finali aras\u0131nda olan Yarg\u0131 dizisinde Ceylin karakterine hayat veren \u00fcnl\u00fc oyuncu P\u0131nar Deniz, yeni dijital platform Disney Plus\u2019ta yer almak i\u00e7in de haz\u0131rlan\u0131yor. De\u011fi\u015fimiyle herkesi \u015fa\u015fk\u0131na \u00e7eviren \u00fcnl\u00fc oyuncunun yeni sa\u00e7 rengi \u00e7ok konu\u015fuldu. Daha \u00f6nce siyah sa\u00e7l\u0131 olan P\u0131nar Deniz\u2019in sa\u00e7lar\u0131n\u0131 k\u0131z\u0131l renge boyatmas\u0131 g\u00f6renleri \u015fa\u015f\u0131rtt\u0131.<\/p>\n<p><img loading=\"lazy\" decoding=\"async\" class=\"aligncenter wp-image-31834 size-full\" src=\"https:\/\/adanaseshaber.com.tr\/wp-content\/uploads\/2022\/08\/yarginin-ceylini-pinar-deniz-imaj-degistirdi.jpg\" alt=\"\" width=\"1280\" height=\"720\" srcset=\"https:\/\/adanaseshaber.com.tr\/wp-content\/uploads\/2022\/08\/yarginin-ceylini-pinar-deniz-imaj-degistirdi.jpg 1280w, https:\/\/adanaseshaber.com.tr\/wp-content\/uploads\/2022\/08\/yarginin-ceylini-pinar-deniz-imaj-degistirdi-300x169.jpg 300w, https:\/\/adanaseshaber.com.tr\/wp-content\/uploads\/2022\/08\/yarginin-ceylini-pinar-deniz-imaj-degistirdi-1024x576.jpg 1024w, https:\/\/adanaseshaber.com.tr\/wp-content\/uploads\/2022\/08\/yarginin-ceylini-pinar-deniz-imaj-degistirdi-768x432.jpg 768w, https:\/\/adanaseshaber.com.tr\/wp-content\/uploads\/2022\/08\/yarginin-ceylini-pinar-deniz-imaj-degistirdi-390x220.jpg 390w\" sizes=\"auto, (max-width: 1280px) 100vw, 1280px\" \/><\/p>\n<p><strong>H\u00dcRREM SULTAN\u2019A BENZET\u0130LD\u0130<\/strong><\/p>\n<p>Disney Plus\u2019ta yay\u0131nlanacak olan \u2018Avc\u0131\u2019 dizisinde rol alan P\u0131nar Deniz, Yasemin karakteriyle hayranlar\u0131n\u0131n kar\u015f\u0131s\u0131na \u00e7\u0131kacak. Yeni imaj\u0131n\u0131 sosyal medya hesab\u0131 \u00fczerinden payla\u015fan gen\u00e7 oyuncunun de\u011fi\u015fimi \u015fa\u015fk\u0131nl\u0131k yaratt\u0131. Sa\u00e7lar\u0131n\u0131 k\u0131z\u0131l renge boyatan \u00fcnl\u00fc oyuncu yeni imaj\u0131yla H\u00fcrrem Sultan\u2019a benzetildi. Deniz\u2019in yeni sa\u00e7 rengini g\u00f6ren takip\u00e7ileri \u2018H\u00fcrrem gibi olmu\u015fsun\u2019 yorumlar\u0131nda bulundu.<\/p>\n","protected":false},"excerpt":{"rendered":"<p>Kanal D ekranlar\u0131nda yay\u0131nlanan ve \u015fimdilerde sezon finali aras\u0131nda olan sevilen dizi Yarg\u0131\u2019n\u0131n ba\u015frol oyuncusu P\u0131nar Deniz, imaj de\u011fi\u015ftirdi. Yarg\u0131 dizisinde Ceylin karakterine hayat veren g\u00fczel oyuncunun yeni imaj\u0131 sosyal medyaya damga vurdu. Yeni imaj\u0131n\u0131 takip\u00e7ileriyle payla\u015fan P\u0131nar Deniz\u2019e yorum ya\u011fd\u0131. G\u00fczel oyuncu yeni imaj\u0131yla H\u00fcrrem Sultan\u2019a benzetildi. Oyunculu\u011fu ve g\u00fczelli\u011fiyle s\u0131k s\u0131k ad\u0131ndan bahsettiren &hellip;<\/p>\n","protected":false},"author":6,"featured_media":31831,"comment_status":"closed","ping_status":"closed","sticky":false,"template":"","format":"standard","meta":{"footnotes":""},"categories":[15431],"tags":[],"class_list":["post-31827","post","type-post","status-publish","format-standard","has-post-thumbnail","hentry","category-medya"],"amp_enabled":true,"_links":{"self":[{"href":"https:\/\/adanaseshaber.com.tr\/index.php?rest_route=\/wp\/v2\/posts\/31827","targetHints":{"allow":["GET"]}}],"collection":[{"href":"https:\/\/adanaseshaber.com.tr\/index.php?rest_route=\/wp\/v2\/posts"}],"about":[{"href":"https:\/\/adanaseshaber.com.tr\/index.php?rest_route=\/wp\/v2\/types\/post"}],"author":[{"embeddable":true,"href":"https:\/\/adanaseshaber.com.tr\/index.php?rest_route=\/wp\/v2\/users\/6"}],"replies":[{"embeddable":true,"href":"https:\/\/adanaseshaber.com.tr\/index.php?rest_route=%2Fwp%2Fv2%2Fcomments&post=31827"}],"version-history":[{"count":3,"href":"https:\/\/adanaseshaber.com.tr\/index.php?rest_route=\/wp\/v2\/posts\/31827\/revisions"}],"predecessor-version":[{"id":31835,"href":"https:\/\/adanaseshaber.com.tr\/index.php?rest_route=\/wp\/v2\/posts\/31827\/revisions\/31835"}],"wp:featuredmedia":[{"embeddable":true,"href":"https:\/\/adanaseshaber.com.tr\/index.php?rest_route=\/wp\/v2\/media\/31831"}],"wp:attachment":[{"href":"https:\/\/adanaseshaber.com.tr\/index.php?rest_route=%2Fwp%2Fv2%2Fmedia&parent=31827"}],"wp:term":[{"taxonomy":"category","embeddable":true,"href":"https:\/\/adanaseshaber.com.tr\/index.php?rest_route=%2Fwp%2Fv2%2Fcategories&post=31827"},{"taxonomy":"post_tag","embeddable":true,"href":"https:\/\/adanaseshaber.com.tr\/index.php?rest_route=%2Fwp%2Fv2%2Ftags&post=31827"}],"curies":[{"name":"wp","href":"https:\/\/api.w.org\/{rel}","templated":true}]}}