{"id":31882,"date":"2022-08-04T17:56:18","date_gmt":"2022-08-04T14:56:18","guid":{"rendered":"https:\/\/www.adanaseshaber.com\/?p=31882"},"modified":"2022-08-04T17:57:10","modified_gmt":"2022-08-04T14:57:10","slug":"yediiklim-yayinevi-sahibi-munir-celik-canli-yayinda-osymyi-sucladi","status":"publish","type":"post","link":"https:\/\/adanaseshaber.com.tr\/?p=31882","title":{"rendered":"Yediiklim Yay\u0131nevi sahibi M\u00fcnir \u00c7elik canl\u0131 yay\u0131nda \u00d6SYM\u2019yi su\u00e7lad\u0131"},"content":{"rendered":"<p>Ge\u00e7ti\u011fimiz Pazar g\u00fcn\u00fc d\u00fczenlenen ve milyonlarca aday\u0131n kat\u0131l\u0131m sa\u011flad\u0131\u011f\u0131 2022 KPSS Lisans oturumu bug\u00fcn iptal edildi. Yeni \u00d6SYM Ba\u015fkan\u0131 Ali Bayram Ersoy taraf\u0131ndan yap\u0131lan a\u00e7\u0131klamada 2022 KPSS Lisans oturumunun iptal edildi\u011fi duyuruldu. T\u00fcm bu geli\u015fmelerin ard\u0131ndan iddialar\u0131n oda\u011f\u0131nda olan Yediiklim Yya\u0131nevi\u2019nden ak\u0131llara durgunluk veren bir a\u00e7\u0131klama geldi. 20 sorunun birebir ayn\u0131 oldu\u011fu iddialar\u0131n\u0131 kabul etmeyen Yediiklim Yya\u0131nevi sahibi M\u00fcnir \u00c7elik, \u00d6SYM\u2019yi su\u00e7lad\u0131. Yediiklim Yay\u0131nevi sahibi M\u00fcnir \u00c7elik, canl\u0131 yay\u0131nda yay\u0131nevini savunurken \u00d6SYM\u2019yi su\u00e7lad\u0131. Sorular\u0131n s\u0131zd\u0131r\u0131ld\u0131\u011f\u0131 iddialar\u0131n\u0131n ard\u0131ndan g\u00f6zlerin \u00e7evrildi\u011fi Yediiklim Yay\u0131nc\u0131l\u0131k\u2019\u0131n sahibi olan M\u00fcnir \u00c7elik, kameralar kar\u015f\u0131s\u0131na ge\u00e7erek iddialarla ilgili a\u00e7\u0131klamalarda bulundu. \u00c7elik\u2019in a\u00e7\u0131klamalar\u0131 g\u00fcndeme bomba gibi d\u00fc\u015ft\u00fc. \u0130\u015fte detaylar\u2026<\/p>\n<p><strong>\u0130DD\u0130ALARI KABUL ETMED\u0130<\/strong><\/p>\n<p>2022 KPSS Lisans oturumunda sorulan baz\u0131 sorular\u0131n Yediiklim Yay\u0131nevi denemelerindeki sorularla birebir ayn\u0131 oldu\u011funa dair iddialar\u0131n ard\u0131ndan KPSS s\u0131nav\u0131 iptal edildi. \u00d6SYM Ba\u015fkan\u0131 Prof. Dr. Halis Ayg\u00fcn g\u00f6revden al\u0131nm\u0131\u015f ve yerine Prof. Dr. Bayram Ali Ersoy g\u00f6reve getirilmi\u015fti. \u0130ddialar\u0131n oda\u011f\u0131nda olan Yediiklim Yya\u0131nevi sahibi M\u00fcnir \u00c7elik, kameralar kar\u015f\u0131s\u0131na ge\u00e7erek iddialar\u0131 de\u011ferlendirdi. 20 sorunun ayn\u0131 oldu\u011fu iddialar\u0131n\u0131 kabul etmeyen \u00c7elik, \u00d6SYM\u2019nin yapt\u0131\u011f\u0131 s\u0131navlar i\u00e7in soru, deneme ve yaprak testi haz\u0131rlad\u0131klar\u0131n\u0131 s\u00f6yledi. \u00d6SYM\u2019nin Genel K\u00fclt\u00fcr\u2019den soraca\u011f\u0131 120 soru i\u00e7in Yediiklim Yay\u0131nevi Uzmanlar\u0131\u2019n\u0131n \u00f6zg\u00fcn sorular haz\u0131rlad\u0131\u011f\u0131n\u0131 s\u00f6yleyen \u00c7elik, sorular\u0131n ge\u00e7mi\u015f y\u0131llardan esinlenerek haz\u0131rland\u0131\u011f\u0131n\u0131 belirtti. Sorular\u0131 herhangi birine \u00f6zel olarak haz\u0131rlamad\u0131klar\u0131n\u0131 s\u00f6yleyen M\u00fcnir \u00c7elik, \u2018\u0130ddia edildi\u011fi gibi sorular bize verilmi\u015f de\u011fil. Bu yay\u0131nevinin tarihinde b\u00f6yle bir \u015fey yok.\u2019 dedi.<\/p>\n<p><img loading=\"lazy\" decoding=\"async\" class=\"aligncenter wp-image-31886 size-full\" src=\"https:\/\/adanaseshaber.com.tr\/wp-content\/uploads\/2022\/08\/yediiklim-yayinevi-sahibi-munir-celik-canli-yayinda-osymyi-sucladi-1.jpg\" alt=\"\" width=\"1280\" height=\"720\" srcset=\"https:\/\/adanaseshaber.com.tr\/wp-content\/uploads\/2022\/08\/yediiklim-yayinevi-sahibi-munir-celik-canli-yayinda-osymyi-sucladi-1.jpg 1280w, https:\/\/adanaseshaber.com.tr\/wp-content\/uploads\/2022\/08\/yediiklim-yayinevi-sahibi-munir-celik-canli-yayinda-osymyi-sucladi-1-300x169.jpg 300w, https:\/\/adanaseshaber.com.tr\/wp-content\/uploads\/2022\/08\/yediiklim-yayinevi-sahibi-munir-celik-canli-yayinda-osymyi-sucladi-1-1024x576.jpg 1024w, https:\/\/adanaseshaber.com.tr\/wp-content\/uploads\/2022\/08\/yediiklim-yayinevi-sahibi-munir-celik-canli-yayinda-osymyi-sucladi-1-768x432.jpg 768w, https:\/\/adanaseshaber.com.tr\/wp-content\/uploads\/2022\/08\/yediiklim-yayinevi-sahibi-munir-celik-canli-yayinda-osymyi-sucladi-1-390x220.jpg 390w\" sizes=\"auto, (max-width: 1280px) 100vw, 1280px\" \/><\/p>\n<p><strong>\u00d6SYM\u2019Y\u0130 SU\u00c7LADI<\/strong><\/p>\n<p>Devlet Denetleme Kurulu ile konu hakk\u0131nda g\u00f6r\u00fc\u015ft\u00fcklerini s\u00f6yleyen M\u00fcnir \u00c7elik, olayda kendilerinin ma\u011fdur oldu\u011funu s\u00f6yledi ve \u00d6SYM\u2019yi su\u00e7layarak \u2018Her t\u00fcrl\u00fc sald\u0131r\u0131ya ge\u00e7tiler. 1 milyon 600 bin gencin ma\u011fdur olmas\u0131na \u00fcz\u00fcld\u00fck. Sorular\u0131n \u00d6SYM taraf\u0131ndan \u00f6zensiz haz\u0131rland\u0131\u011f\u0131 y\u00f6n\u00fcnde bir sonu\u00e7 \u00e7\u0131k\u0131yor burada.\u2019 diye konu\u015ftu.<\/p>\n","protected":false},"excerpt":{"rendered":"<p>Ge\u00e7ti\u011fimiz Pazar g\u00fcn\u00fc d\u00fczenlenen ve milyonlarca aday\u0131n kat\u0131l\u0131m sa\u011flad\u0131\u011f\u0131 2022 KPSS Lisans oturumu bug\u00fcn iptal edildi. Yeni \u00d6SYM Ba\u015fkan\u0131 Ali Bayram Ersoy taraf\u0131ndan yap\u0131lan a\u00e7\u0131klamada 2022 KPSS Lisans oturumunun iptal edildi\u011fi duyuruldu. T\u00fcm bu geli\u015fmelerin ard\u0131ndan iddialar\u0131n oda\u011f\u0131nda olan Yediiklim Yya\u0131nevi\u2019nden ak\u0131llara durgunluk veren bir a\u00e7\u0131klama geldi. 20 sorunun birebir ayn\u0131 oldu\u011fu iddialar\u0131n\u0131 kabul etmeyen &hellip;<\/p>\n","protected":false},"author":6,"featured_media":31883,"comment_status":"closed","ping_status":"closed","sticky":false,"template":"","format":"standard","meta":{"footnotes":""},"categories":[1],"tags":[],"class_list":["post-31882","post","type-post","status-publish","format-standard","has-post-thumbnail","hentry","category-genel"],"amp_enabled":true,"_links":{"self":[{"href":"https:\/\/adanaseshaber.com.tr\/index.php?rest_route=\/wp\/v2\/posts\/31882","targetHints":{"allow":["GET"]}}],"collection":[{"href":"https:\/\/adanaseshaber.com.tr\/index.php?rest_route=\/wp\/v2\/posts"}],"about":[{"href":"https:\/\/adanaseshaber.com.tr\/index.php?rest_route=\/wp\/v2\/types\/post"}],"author":[{"embeddable":true,"href":"https:\/\/adanaseshaber.com.tr\/index.php?rest_route=\/wp\/v2\/users\/6"}],"replies":[{"embeddable":true,"href":"https:\/\/adanaseshaber.com.tr\/index.php?rest_route=%2Fwp%2Fv2%2Fcomments&post=31882"}],"version-history":[{"count":3,"href":"https:\/\/adanaseshaber.com.tr\/index.php?rest_route=\/wp\/v2\/posts\/31882\/revisions"}],"predecessor-version":[{"id":31887,"href":"https:\/\/adanaseshaber.com.tr\/index.php?rest_route=\/wp\/v2\/posts\/31882\/revisions\/31887"}],"wp:featuredmedia":[{"embeddable":true,"href":"https:\/\/adanaseshaber.com.tr\/index.php?rest_route=\/wp\/v2\/media\/31883"}],"wp:attachment":[{"href":"https:\/\/adanaseshaber.com.tr\/index.php?rest_route=%2Fwp%2Fv2%2Fmedia&parent=31882"}],"wp:term":[{"taxonomy":"category","embeddable":true,"href":"https:\/\/adanaseshaber.com.tr\/index.php?rest_route=%2Fwp%2Fv2%2Fcategories&post=31882"},{"taxonomy":"post_tag","embeddable":true,"href":"https:\/\/adanaseshaber.com.tr\/index.php?rest_route=%2Fwp%2Fv2%2Ftags&post=31882"}],"curies":[{"name":"wp","href":"https:\/\/api.w.org\/{rel}","templated":true}]}}