{"id":31935,"date":"2022-08-04T21:34:31","date_gmt":"2022-08-04T18:34:31","guid":{"rendered":"https:\/\/www.adanaseshaber.com\/?p=31935"},"modified":"2022-08-04T21:37:17","modified_gmt":"2022-08-04T18:37:17","slug":"gelsin-hayat-bildigi-gibi-komiser-kim-gelsin-hayat-bildigi-gibi-hangi-okulda-cekiliyor-gelsin-hayat-bildigi-gibi-oyunculari-ve-karakterleri","status":"publish","type":"post","link":"https:\/\/adanaseshaber.com.tr\/?p=31935","title":{"rendered":"Gelsin Hayat Bildi\u011fi Gibi komiser kim? Gelsin Hayat Bildi\u011fi Gibi hangi okulda \u00e7ekiliyor? Gelsin Hayat Bildi\u011fi gibi oyuncular\u0131 ve karakterleri"},"content":{"rendered":"<p>Show TV ekranlar\u0131nda yay\u0131nlanan yeni dizisi Gelsin Hayat Bildi\u011fi Gibi, olduk\u00e7a g\u00fczel bir ba\u015flang\u0131\u00e7 yapm\u0131\u015f ve ekrana gelen yaz dizileri aras\u0131nda en \u00e7ok dikkat \u00e7ekenlerden biri olmay\u0131 ba\u015farm\u0131\u015ft\u0131. Hem konusu hem de oyuncu kadrosuyla ilk b\u00f6l\u00fcmden itibaren t\u00fcm dikkatleri \u00fczerine \u00e7eken Gelsin Hayat Bildi\u011fi Gibi dizisiyle ilgili t\u00fcm merak edilenler ara\u015ft\u0131r\u0131lmaya devam ediliyor. Y\u00f6netmen koltu\u011funda Altan D\u00f6nmez\u2019in oturdu\u011fu yeni dizi Gelsin Hayat Bildi\u011fi Gibi yine g\u00fcndemde. K\u0131sa s\u00fcrede t\u00fcm dikkatleri \u00fczerine \u00e7ekmeyi ba\u015faran yeni diziyle ilgili merak edilen pek \u00e7ok konu var. Peki, Gelsin Hayat Bildi\u011fi Gibi dizisindeki komiser kimdir? Gelsin Hayat Bildi\u011fi Gibi oyuncular\u0131 kimler? \u0130\u015fte Gelsin Hayat Bildi\u011fi Gibi oyuncular\u0131 ve karakterleri hakk\u0131nda t\u00fcm detaylar\u2026<\/p>\n<p><strong>GELS\u0130N HAYAT B\u0130LD\u0130\u011e\u0130 G\u0130B\u0130 D\u0130Z\u0130S\u0130 KONUSU<\/strong><\/p>\n<p>Son d\u00f6nemde s\u0131k s\u0131k g\u00fcndeme gelen ve yorum yap\u0131lan Z ku\u015fa\u011f\u0131na ger\u00e7ek\u00e7i bir bak\u0131\u015f atmaya haz\u0131rlanan Show TV\u2019nin yeni dizisi Gelsin Hayat Bildi\u011fi Gibi, hayata bir s\u0131f\u0131r geride ba\u015flayan gen\u00e7lerin hayatlar\u0131n\u0131 de\u011fi\u015ftirecek. Hayatta baz\u0131 zorluklar ya\u015fayan ve ya\u015fama bir s\u0131f\u0131r geride ba\u015flayan bir grup gencin Sadi Payasl\u0131 ile tan\u0131\u015ft\u0131ktan sonra ya\u015fad\u0131klar\u0131n\u0131 ekrana aktaracak olan dizide herkesin ikinci bir \u015fans\u0131 hak etti\u011fi g\u00f6sterilecek.<\/p>\n<p><img loading=\"lazy\" decoding=\"async\" class=\"aligncenter wp-image-31941 size-full\" src=\"https:\/\/adanaseshaber.com.tr\/wp-content\/uploads\/2022\/08\/gelsin-hayat-bildigi-gibi-komiser-kim-gelsin-hayat-bildigi-gibi-hangi-okulda-cekiliyor-gelsin-hayat-bildigi-gibi-oyunculari-ve-karakterleri-1.jpg\" alt=\"\" width=\"1280\" height=\"720\" srcset=\"https:\/\/adanaseshaber.com.tr\/wp-content\/uploads\/2022\/08\/gelsin-hayat-bildigi-gibi-komiser-kim-gelsin-hayat-bildigi-gibi-hangi-okulda-cekiliyor-gelsin-hayat-bildigi-gibi-oyunculari-ve-karakterleri-1.jpg 1280w, https:\/\/adanaseshaber.com.tr\/wp-content\/uploads\/2022\/08\/gelsin-hayat-bildigi-gibi-komiser-kim-gelsin-hayat-bildigi-gibi-hangi-okulda-cekiliyor-gelsin-hayat-bildigi-gibi-oyunculari-ve-karakterleri-1-300x169.jpg 300w, https:\/\/adanaseshaber.com.tr\/wp-content\/uploads\/2022\/08\/gelsin-hayat-bildigi-gibi-komiser-kim-gelsin-hayat-bildigi-gibi-hangi-okulda-cekiliyor-gelsin-hayat-bildigi-gibi-oyunculari-ve-karakterleri-1-1024x576.jpg 1024w, https:\/\/adanaseshaber.com.tr\/wp-content\/uploads\/2022\/08\/gelsin-hayat-bildigi-gibi-komiser-kim-gelsin-hayat-bildigi-gibi-hangi-okulda-cekiliyor-gelsin-hayat-bildigi-gibi-oyunculari-ve-karakterleri-1-768x432.jpg 768w, https:\/\/adanaseshaber.com.tr\/wp-content\/uploads\/2022\/08\/gelsin-hayat-bildigi-gibi-komiser-kim-gelsin-hayat-bildigi-gibi-hangi-okulda-cekiliyor-gelsin-hayat-bildigi-gibi-oyunculari-ve-karakterleri-1-390x220.jpg 390w\" sizes=\"auto, (max-width: 1280px) 100vw, 1280px\" \/><\/p>\n<p><strong>GELS\u0130N HAYAT B\u0130LD\u0130\u011e\u0130 G\u0130B\u0130 HANG\u0130 OKULDA \u00c7EK\u0130L\u0130YOR?<\/strong><\/p>\n<p>Gelsin Hayat Bildi\u011fi Gibi dizisi ile ilgili en merak edilen konular\u0131n ba\u015f\u0131nda \u00e7ekimlerinin ger\u00e7ekle\u015ftirildi\u011fi okul geliyor. Dizinin hangi okulda \u00e7ekildi\u011fi ara\u015ft\u0131r\u0131lan konular\u0131n en ba\u015f\u0131nda yer al\u0131yor. Gelsin Hayat Bildi\u011fi Gibi dizisinin \u00e7ekimleri \u0130stanbul Galata ve Be\u015fikta\u015f gibi \u00fcnl\u00fc semtlerde yap\u0131l\u0131yor. Dizideki Karabay\u0131r Lisesi hakk\u0131nda ise ayr\u0131nt\u0131l\u0131 bir bilgi bulunmuyor.<\/p>\n<p><img loading=\"lazy\" decoding=\"async\" class=\"aligncenter wp-image-31944 size-full\" src=\"https:\/\/adanaseshaber.com.tr\/wp-content\/uploads\/2022\/08\/gelsin-hayat-bildigi-gibi-komiser-kim-gelsin-hayat-bildigi-gibi-hangi-okulda-cekiliyor-gelsin-hayat-bildigi-gibi-oyunculari-ve-karakterleri-2.jpg\" alt=\"\" width=\"1280\" height=\"720\" srcset=\"https:\/\/adanaseshaber.com.tr\/wp-content\/uploads\/2022\/08\/gelsin-hayat-bildigi-gibi-komiser-kim-gelsin-hayat-bildigi-gibi-hangi-okulda-cekiliyor-gelsin-hayat-bildigi-gibi-oyunculari-ve-karakterleri-2.jpg 1280w, https:\/\/adanaseshaber.com.tr\/wp-content\/uploads\/2022\/08\/gelsin-hayat-bildigi-gibi-komiser-kim-gelsin-hayat-bildigi-gibi-hangi-okulda-cekiliyor-gelsin-hayat-bildigi-gibi-oyunculari-ve-karakterleri-2-300x169.jpg 300w, https:\/\/adanaseshaber.com.tr\/wp-content\/uploads\/2022\/08\/gelsin-hayat-bildigi-gibi-komiser-kim-gelsin-hayat-bildigi-gibi-hangi-okulda-cekiliyor-gelsin-hayat-bildigi-gibi-oyunculari-ve-karakterleri-2-1024x576.jpg 1024w, https:\/\/adanaseshaber.com.tr\/wp-content\/uploads\/2022\/08\/gelsin-hayat-bildigi-gibi-komiser-kim-gelsin-hayat-bildigi-gibi-hangi-okulda-cekiliyor-gelsin-hayat-bildigi-gibi-oyunculari-ve-karakterleri-2-768x432.jpg 768w, https:\/\/adanaseshaber.com.tr\/wp-content\/uploads\/2022\/08\/gelsin-hayat-bildigi-gibi-komiser-kim-gelsin-hayat-bildigi-gibi-hangi-okulda-cekiliyor-gelsin-hayat-bildigi-gibi-oyunculari-ve-karakterleri-2-390x220.jpg 390w\" sizes=\"auto, (max-width: 1280px) 100vw, 1280px\" \/><\/p>\n<p><strong>GELS\u0130N HAYAT B\u0130LD\u0130\u011e\u0130 G\u0130B\u0130 OYUNCULARI VE KARAKTERLER\u0130<\/strong><\/p>\n<p>Ertan Saban-Sadi Payasl\u0131<\/p>\n<p>\u00d6zge \u00d6zberk-Derya<\/p>\n<p>Devrim \u00d6zkan-Song\u00fcl<\/p>\n<p>Burak Demir-O\u011fuz<\/p>\n<p>Nilsu Berfin Akta\u015f-Gizem<\/p>\n<p>Mustafa A\u00e7\u0131lan-Araz<\/p>\n<p>\u00d6zg\u00fc Delikanl\u0131-Mert<\/p>\n<p>Ay\u015fe K\u0131rca-Yeliz<\/p>\n<p>Sanem Babi-Aylin<\/p>\n<p>Onur \u00d6zer-Z\u00fclfikar<\/p>\n<p>Ali Berge-Can<\/p>\n<p>Rojbin Erden-Melek<\/p>\n<p>Furkan Murat U\u011fur-Bora<\/p>\n<p>Melis Bostanc\u0131o\u011flu-Sevda<\/p>\n<p>Deniz Sar\u0131ka\u015f-Ozan<\/p>\n<p>Ye\u015fim \u00c7elebi-Sanem<\/p>\n<p>Sercan G\u00fclbahar-Yaver<\/p>\n<p>Murat G\u00f6\u00e7mez-Vural<\/p>\n","protected":false},"excerpt":{"rendered":"<p>Show TV ekranlar\u0131nda yay\u0131nlanan yeni dizisi Gelsin Hayat Bildi\u011fi Gibi, olduk\u00e7a g\u00fczel bir ba\u015flang\u0131\u00e7 yapm\u0131\u015f ve ekrana gelen yaz dizileri aras\u0131nda en \u00e7ok dikkat \u00e7ekenlerden biri olmay\u0131 ba\u015farm\u0131\u015ft\u0131. Hem konusu hem de oyuncu kadrosuyla ilk b\u00f6l\u00fcmden itibaren t\u00fcm dikkatleri \u00fczerine \u00e7eken Gelsin Hayat Bildi\u011fi Gibi dizisiyle ilgili t\u00fcm merak edilenler ara\u015ft\u0131r\u0131lmaya devam ediliyor. Y\u00f6netmen koltu\u011funda &hellip;<\/p>\n","protected":false},"author":6,"featured_media":31939,"comment_status":"closed","ping_status":"closed","sticky":false,"template":"","format":"standard","meta":{"footnotes":""},"categories":[15431],"tags":[],"class_list":["post-31935","post","type-post","status-publish","format-standard","has-post-thumbnail","hentry","category-medya"],"amp_enabled":true,"_links":{"self":[{"href":"https:\/\/adanaseshaber.com.tr\/index.php?rest_route=\/wp\/v2\/posts\/31935","targetHints":{"allow":["GET"]}}],"collection":[{"href":"https:\/\/adanaseshaber.com.tr\/index.php?rest_route=\/wp\/v2\/posts"}],"about":[{"href":"https:\/\/adanaseshaber.com.tr\/index.php?rest_route=\/wp\/v2\/types\/post"}],"author":[{"embeddable":true,"href":"https:\/\/adanaseshaber.com.tr\/index.php?rest_route=\/wp\/v2\/users\/6"}],"replies":[{"embeddable":true,"href":"https:\/\/adanaseshaber.com.tr\/index.php?rest_route=%2Fwp%2Fv2%2Fcomments&post=31935"}],"version-history":[{"count":4,"href":"https:\/\/adanaseshaber.com.tr\/index.php?rest_route=\/wp\/v2\/posts\/31935\/revisions"}],"predecessor-version":[{"id":31945,"href":"https:\/\/adanaseshaber.com.tr\/index.php?rest_route=\/wp\/v2\/posts\/31935\/revisions\/31945"}],"wp:featuredmedia":[{"embeddable":true,"href":"https:\/\/adanaseshaber.com.tr\/index.php?rest_route=\/wp\/v2\/media\/31939"}],"wp:attachment":[{"href":"https:\/\/adanaseshaber.com.tr\/index.php?rest_route=%2Fwp%2Fv2%2Fmedia&parent=31935"}],"wp:term":[{"taxonomy":"category","embeddable":true,"href":"https:\/\/adanaseshaber.com.tr\/index.php?rest_route=%2Fwp%2Fv2%2Fcategories&post=31935"},{"taxonomy":"post_tag","embeddable":true,"href":"https:\/\/adanaseshaber.com.tr\/index.php?rest_route=%2Fwp%2Fv2%2Ftags&post=31935"}],"curies":[{"name":"wp","href":"https:\/\/api.w.org\/{rel}","templated":true}]}}