{"id":31956,"date":"2022-08-04T22:42:43","date_gmt":"2022-08-04T19:42:43","guid":{"rendered":"https:\/\/www.adanaseshaber.com\/?p=31956"},"modified":"2022-08-04T22:43:13","modified_gmt":"2022-08-04T19:43:13","slug":"genclik-ve-spor-bakanligi-1017-isci-alimi-basvurusu-ne-zaman-gsb-personel-alimi-kadro-dagilimi","status":"publish","type":"post","link":"https:\/\/adanaseshaber.com.tr\/?p=31956","title":{"rendered":"Gen\u00e7lik ve Spor Bakanl\u0131\u011f\u0131 1017 i\u015f\u00e7i al\u0131m\u0131 ba\u015fvurusu ne zaman? GSB personel al\u0131m\u0131 kadro da\u011f\u0131l\u0131m\u0131"},"content":{"rendered":"<p>Gen\u00e7lik ve Spor Bakanl\u0131\u011f\u0131, 1017 personel al\u0131m\u0131 yapacak. Duyuruyu bizzat Gen\u00e7lik ve Spor Bakan\u0131 Mehmet Muharrem Kasapo\u011flu yapt\u0131. Bakan Kasapo\u011flu, sosyal medya hesab\u0131ndan yapt\u0131\u011f\u0131 a\u00e7\u0131klamada al\u0131nacak personel say\u0131s\u0131n\u0131 duyurdu. Bakan Kasapo\u011flu\u2019nun duyurusunun ard\u0131ndan GSB personel al\u0131m\u0131yla ilgili ara\u015ft\u0131rmalar h\u0131z kazand\u0131. GSB personel al\u0131m\u0131 ba\u015fvurular\u0131 ve kadro da\u011f\u0131l\u0131m\u0131 yo\u011fun bir \u015fekilde ara\u015ft\u0131r\u0131l\u0131yor. Gen\u00e7lik ve Spor Bakanl\u0131\u011f\u0131 b\u00fcnyesine 1017 yeni i\u015f\u00e7i al\u0131m\u0131 yap\u0131lacak. Gen\u00e7lik ve Spor Bakan\u0131 Mehmet Muharrem Kasapo\u011flu\u2019nun duyurusu ile bakanl\u0131k b\u00fcnyesindeki istihdam konusunda yeni a\u00e7\u0131klamalar yap\u0131ld\u0131. Peki, Gen\u00e7lik ve Spor Bakanl\u0131\u011f\u0131 1017 i\u015f\u00e7i al\u0131m\u0131 ba\u015fvurusu ne zaman ba\u015fl\u0131yor? Gen\u00e7lik ve Spor Bakanl\u0131\u011f\u0131 personel al\u0131m\u0131 kadro da\u011f\u0131l\u0131m\u0131 a\u00e7\u0131kland\u0131 m\u0131? S\u00f6zl\u00fc s\u0131nav olacak m\u0131? \u0130\u015fte t\u00fcm merak edilenler\u2026<\/p>\n<p><strong>GSB 1017 \u0130\u015e\u00c7\u0130 ALIMI BA\u015eVURULARI BA\u015eLADI MI?<\/strong><\/p>\n<p>Gen\u00e7lik ve Spor Bakan\u0131 Mehmet Muharrem Kasapo\u011flu, sosyal medya hesab\u0131 \u00fczerinden yapt\u0131\u011f\u0131 canl\u0131 yay\u0131nla \u00f6nemli bir duyuru payla\u015ft\u0131. Bakanl\u0131k b\u00fcnyesindeki istihdam konusunda a\u00e7\u0131klamalarda bulunan Bakan Kasapo\u011flu, 767 s\u00fcrekli temizlik i\u015f\u00e7isi, 144 engelli s\u00fcrekli temizlik i\u015f\u00e7isi ve 106 eski h\u00fck\u00fcml\u00fc olmak \u00fczere toplam 1017 s\u00fcrekli i\u015f\u00e7i al\u0131m\u0131 yap\u0131laca\u011f\u0131n\u0131 bildirdi. \u0130\u015f\u00e7i al\u0131m\u0131 ba\u015fvurular\u0131 ise 8-12 A\u011fustos 2022 tarihleri aras\u0131nda esube.iskur.gov.ter internet adresi \u00fczerinden al\u0131nacak. Di\u011fer yandan hizmet noktalar\u0131ndan ve ALO 170 hatt\u0131 \u00fczerinden de ba\u015fvuru yap\u0131labilecek.<\/p>\n<p><strong>KURA \u00c7EK\u0130M\u0130 31 A\u011eUSOS\u2019TA<\/strong><\/p>\n<p>Yap\u0131lan ba\u015fvurular\u0131n ard\u0131ndan T\u00fcrkiye \u0130\u015f\u00e7i Kurumu taraf\u0131ndan kura \u00e7ekimi yap\u0131lmak \u00fczere g\u00f6nderilen listede yer alan adaylar\u0131n kura \u00e7ekimi ise 31 A\u011fustos 2022 \u00c7ar\u015famba g\u00fcn\u00fc ger\u00e7ekle\u015ftirilecek. Noter huzurunda ger\u00e7ekle\u015ftirilecek olan kura \u00e7ekim yeri Gen\u00e7lik ve Spor Bakanl\u0131\u011f\u0131 internet sitesinde yay\u0131mlanacak. Adaylar ise istemeleri halinde kura \u00e7ekimini izleyebilecek.<\/p>\n<p><img loading=\"lazy\" decoding=\"async\" class=\"aligncenter wp-image-31960 size-full\" src=\"https:\/\/adanaseshaber.com.tr\/wp-content\/uploads\/2022\/08\/genclik-ve-spor-bakanligi-1017-isci-alimi-basvurusu-ne-zaman-gsb-personel-alimi-kadro-dagilimi-1.jpg\" alt=\"\" width=\"1280\" height=\"720\" srcset=\"https:\/\/adanaseshaber.com.tr\/wp-content\/uploads\/2022\/08\/genclik-ve-spor-bakanligi-1017-isci-alimi-basvurusu-ne-zaman-gsb-personel-alimi-kadro-dagilimi-1.jpg 1280w, https:\/\/adanaseshaber.com.tr\/wp-content\/uploads\/2022\/08\/genclik-ve-spor-bakanligi-1017-isci-alimi-basvurusu-ne-zaman-gsb-personel-alimi-kadro-dagilimi-1-300x169.jpg 300w, https:\/\/adanaseshaber.com.tr\/wp-content\/uploads\/2022\/08\/genclik-ve-spor-bakanligi-1017-isci-alimi-basvurusu-ne-zaman-gsb-personel-alimi-kadro-dagilimi-1-1024x576.jpg 1024w, https:\/\/adanaseshaber.com.tr\/wp-content\/uploads\/2022\/08\/genclik-ve-spor-bakanligi-1017-isci-alimi-basvurusu-ne-zaman-gsb-personel-alimi-kadro-dagilimi-1-768x432.jpg 768w, https:\/\/adanaseshaber.com.tr\/wp-content\/uploads\/2022\/08\/genclik-ve-spor-bakanligi-1017-isci-alimi-basvurusu-ne-zaman-gsb-personel-alimi-kadro-dagilimi-1-390x220.jpg 390w\" sizes=\"auto, (max-width: 1280px) 100vw, 1280px\" \/><\/p>\n<p><strong>S\u00d6ZL\u00dc SINAV OLACAK MI?<\/strong><\/p>\n<p>Noter huzurunda yap\u0131lacak olan kura \u00e7ekiminin ard\u0131ndan s\u00f6zl\u00fc s\u0131nava girmeye hak kazanan adaylar Gen\u00e7lik ve Spor Bakanl\u0131\u011f\u0131 taraf\u0131ndan belirlenecek tarihlerde s\u00f6zl\u00fc s\u0131nava al\u0131nacak. S\u00f6zl\u00fc s\u0131nav yeri ve tarihleri ise www.gsb.gov.tr internet adresi \u00fczerinden ilan edilecek.<\/p>\n<p>&nbsp;<\/p>\n","protected":false},"excerpt":{"rendered":"<p>Gen\u00e7lik ve Spor Bakanl\u0131\u011f\u0131, 1017 personel al\u0131m\u0131 yapacak. Duyuruyu bizzat Gen\u00e7lik ve Spor Bakan\u0131 Mehmet Muharrem Kasapo\u011flu yapt\u0131. Bakan Kasapo\u011flu, sosyal medya hesab\u0131ndan yapt\u0131\u011f\u0131 a\u00e7\u0131klamada al\u0131nacak personel say\u0131s\u0131n\u0131 duyurdu. Bakan Kasapo\u011flu\u2019nun duyurusunun ard\u0131ndan GSB personel al\u0131m\u0131yla ilgili ara\u015ft\u0131rmalar h\u0131z kazand\u0131. GSB personel al\u0131m\u0131 ba\u015fvurular\u0131 ve kadro da\u011f\u0131l\u0131m\u0131 yo\u011fun bir \u015fekilde ara\u015ft\u0131r\u0131l\u0131yor. Gen\u00e7lik ve Spor Bakanl\u0131\u011f\u0131 &hellip;<\/p>\n","protected":false},"author":6,"featured_media":31957,"comment_status":"closed","ping_status":"closed","sticky":false,"template":"","format":"standard","meta":{"footnotes":""},"categories":[1],"tags":[],"class_list":["post-31956","post","type-post","status-publish","format-standard","has-post-thumbnail","hentry","category-genel"],"amp_enabled":true,"_links":{"self":[{"href":"https:\/\/adanaseshaber.com.tr\/index.php?rest_route=\/wp\/v2\/posts\/31956","targetHints":{"allow":["GET"]}}],"collection":[{"href":"https:\/\/adanaseshaber.com.tr\/index.php?rest_route=\/wp\/v2\/posts"}],"about":[{"href":"https:\/\/adanaseshaber.com.tr\/index.php?rest_route=\/wp\/v2\/types\/post"}],"author":[{"embeddable":true,"href":"https:\/\/adanaseshaber.com.tr\/index.php?rest_route=\/wp\/v2\/users\/6"}],"replies":[{"embeddable":true,"href":"https:\/\/adanaseshaber.com.tr\/index.php?rest_route=%2Fwp%2Fv2%2Fcomments&post=31956"}],"version-history":[{"count":3,"href":"https:\/\/adanaseshaber.com.tr\/index.php?rest_route=\/wp\/v2\/posts\/31956\/revisions"}],"predecessor-version":[{"id":31961,"href":"https:\/\/adanaseshaber.com.tr\/index.php?rest_route=\/wp\/v2\/posts\/31956\/revisions\/31961"}],"wp:featuredmedia":[{"embeddable":true,"href":"https:\/\/adanaseshaber.com.tr\/index.php?rest_route=\/wp\/v2\/media\/31957"}],"wp:attachment":[{"href":"https:\/\/adanaseshaber.com.tr\/index.php?rest_route=%2Fwp%2Fv2%2Fmedia&parent=31956"}],"wp:term":[{"taxonomy":"category","embeddable":true,"href":"https:\/\/adanaseshaber.com.tr\/index.php?rest_route=%2Fwp%2Fv2%2Fcategories&post=31956"},{"taxonomy":"post_tag","embeddable":true,"href":"https:\/\/adanaseshaber.com.tr\/index.php?rest_route=%2Fwp%2Fv2%2Ftags&post=31956"}],"curies":[{"name":"wp","href":"https:\/\/api.w.org\/{rel}","templated":true}]}}