{"id":31969,"date":"2022-08-04T22:59:40","date_gmt":"2022-08-04T19:59:40","guid":{"rendered":"https:\/\/www.adanaseshaber.com\/?p=31969"},"modified":"2022-08-04T23:00:15","modified_gmt":"2022-08-04T20:00:15","slug":"seni-kalbime-sakladim-final-mi-seni-kalbime-sakladim-neden-final-yapiyor","status":"publish","type":"post","link":"https:\/\/adanaseshaber.com.tr\/?p=31969","title":{"rendered":"Seni Kalbime Saklad\u0131m final mi? Seni Kalbime Saklad\u0131m neden final yap\u0131yor?"},"content":{"rendered":"<p>TRT 1 ekranlar\u0131nda ba\u015flayan Seni Kalbime Saklad\u0131m dizisiyle ilgili final iddialar\u0131 g\u00fcndeme geldi. Ba\u015frol oyuncular\u0131 ve konusuyla k\u0131sa s\u00fcrede be\u011fenilen diziler aras\u0131nda yer almay\u0131 ba\u015faran Seni Kalbime Saklad\u0131m dizisi ile ilgili g\u00fcndeme gelen final iddialar\u0131 dizinin hayranlar\u0131n\u0131 \u00fczd\u00fc. Final karar\u0131 iddialar\u0131yla g\u00fcndemde olan sevilen diziyle ilgili ara\u015ft\u0131rmalar da yo\u011funla\u015ft\u0131. Sevda Erginci ve Ekin Mert Daymaz\u2019\u0131n ba\u015frollerinde oldu\u011fu Seni Kalbime Saklad\u0131m dizisinin final yapaca\u011f\u0131 iddia ediliyor. Dizinin s\u0131k\u0131 takip\u00e7ileri ise bu iddialar \u00fczerine b\u00fcy\u00fck \u015fa\u015fk\u0131nl\u0131k ya\u015fad\u0131. Final iddialar\u0131n\u0131n g\u00fcndeme gelmesinin ard\u0131ndan diziyle ilgili ara\u015ft\u0131rmalar da h\u0131z kazand\u0131. Peki, Seni Kalbime Saklad\u0131m final mi, bitiyor mu? Seni Kalbime Saklad\u0131m neden final yap\u0131yor? Seni Kalbime Saklad\u0131m final tarihi ne zaman? Seni Kalbime Saklad\u0131m dizisi oyuncu kadrosunda kimler var? \u0130\u015fte t\u00fcm detaylar\u2026<\/p>\n<p><strong>SEN\u0130 KALB\u0130ME SAKLADIM F\u0130NAL M\u0130 YAPIYOR?<\/strong><\/p>\n<p>TRT ekranlar\u0131n\u0131n k\u0131sa s\u00fcrede t\u00fcm dikkatleri \u00fczerine \u00e7eken yeni dizisi Seni Kalbime Saklad\u0131m ile ilgili g\u00fcndeme bomba gibi d\u00fc\u015fen bir iddia ortaya at\u0131ld\u0131. Dizinin final yapaca\u011f\u0131 \u00f6ne s\u00fcr\u00fcl\u00fcrken bu iddialar\u0131n ard\u0131ndan dizinin yak\u0131n takip\u00e7ileri b\u00fcy\u00fck \u015fa\u015fk\u0131nl\u0131k ya\u015fad\u0131. Y\u00f6netmen koltu\u011funda \u015eenol S\u00f6nmez\u2019in oturdu\u011fu Seni Kalbime Saklad\u0131m dizisinin ba\u015frol\u00fcnde ise Sevda Erginci ile Ekin Mert Daymaz yer al\u0131yor. Dizinin ekrana gelecek olan 7. b\u00f6l\u00fcm\u00fcyle final yaparak veda edece\u011fi \u00f6ne s\u00fcr\u00fcld\u00fc.<\/p>\n<p><img loading=\"lazy\" decoding=\"async\" class=\"aligncenter wp-image-31973 size-full\" src=\"https:\/\/adanaseshaber.com.tr\/wp-content\/uploads\/2022\/08\/seni-kalbime-sakladim-final-mi-seni-kalbime-sakladim-neden-final-yapiyor-2.jpg\" alt=\"\" width=\"1280\" height=\"720\" srcset=\"https:\/\/adanaseshaber.com.tr\/wp-content\/uploads\/2022\/08\/seni-kalbime-sakladim-final-mi-seni-kalbime-sakladim-neden-final-yapiyor-2.jpg 1280w, https:\/\/adanaseshaber.com.tr\/wp-content\/uploads\/2022\/08\/seni-kalbime-sakladim-final-mi-seni-kalbime-sakladim-neden-final-yapiyor-2-300x169.jpg 300w, https:\/\/adanaseshaber.com.tr\/wp-content\/uploads\/2022\/08\/seni-kalbime-sakladim-final-mi-seni-kalbime-sakladim-neden-final-yapiyor-2-1024x576.jpg 1024w, https:\/\/adanaseshaber.com.tr\/wp-content\/uploads\/2022\/08\/seni-kalbime-sakladim-final-mi-seni-kalbime-sakladim-neden-final-yapiyor-2-768x432.jpg 768w, https:\/\/adanaseshaber.com.tr\/wp-content\/uploads\/2022\/08\/seni-kalbime-sakladim-final-mi-seni-kalbime-sakladim-neden-final-yapiyor-2-390x220.jpg 390w\" sizes=\"auto, (max-width: 1280px) 100vw, 1280px\" \/><\/p>\n<p><strong>SEN\u0130 KALB\u0130ME SAKLADIM D\u0130Z\u0130S\u0130 OYUNCU KADROSU<\/strong><\/p>\n<p>Seni Kalbime Saklad\u0131m dizisinin oyuncu kadrosunda Sevda Erginci, Ekin Mert Daymaz, Mehtap Bayri, G\u00f6k\u00e7e Aky\u0131ld\u0131z, Evren Duyal, El\u00e7in Afacan, G\u00fclseren G\u00fcrtuncu, Osman Alka\u015f, Berke \u00dcskiden, Tar\u0131k \u00dcnd\u00fcz, Emre Ta\u015fk\u0131ran, Ali \u00d6ner, Sibel Aytan ve Derda Yasin Yenal gibi isimler yer al\u0131yor.<\/p>\n","protected":false},"excerpt":{"rendered":"<p>TRT 1 ekranlar\u0131nda ba\u015flayan Seni Kalbime Saklad\u0131m dizisiyle ilgili final iddialar\u0131 g\u00fcndeme geldi. Ba\u015frol oyuncular\u0131 ve konusuyla k\u0131sa s\u00fcrede be\u011fenilen diziler aras\u0131nda yer almay\u0131 ba\u015faran Seni Kalbime Saklad\u0131m dizisi ile ilgili g\u00fcndeme gelen final iddialar\u0131 dizinin hayranlar\u0131n\u0131 \u00fczd\u00fc. Final karar\u0131 iddialar\u0131yla g\u00fcndemde olan sevilen diziyle ilgili ara\u015ft\u0131rmalar da yo\u011funla\u015ft\u0131. Sevda Erginci ve Ekin Mert Daymaz\u2019\u0131n &hellip;<\/p>\n","protected":false},"author":6,"featured_media":31971,"comment_status":"closed","ping_status":"closed","sticky":false,"template":"","format":"standard","meta":{"footnotes":""},"categories":[15431],"tags":[],"class_list":["post-31969","post","type-post","status-publish","format-standard","has-post-thumbnail","hentry","category-medya"],"amp_enabled":true,"_links":{"self":[{"href":"https:\/\/adanaseshaber.com.tr\/index.php?rest_route=\/wp\/v2\/posts\/31969","targetHints":{"allow":["GET"]}}],"collection":[{"href":"https:\/\/adanaseshaber.com.tr\/index.php?rest_route=\/wp\/v2\/posts"}],"about":[{"href":"https:\/\/adanaseshaber.com.tr\/index.php?rest_route=\/wp\/v2\/types\/post"}],"author":[{"embeddable":true,"href":"https:\/\/adanaseshaber.com.tr\/index.php?rest_route=\/wp\/v2\/users\/6"}],"replies":[{"embeddable":true,"href":"https:\/\/adanaseshaber.com.tr\/index.php?rest_route=%2Fwp%2Fv2%2Fcomments&post=31969"}],"version-history":[{"count":3,"href":"https:\/\/adanaseshaber.com.tr\/index.php?rest_route=\/wp\/v2\/posts\/31969\/revisions"}],"predecessor-version":[{"id":31975,"href":"https:\/\/adanaseshaber.com.tr\/index.php?rest_route=\/wp\/v2\/posts\/31969\/revisions\/31975"}],"wp:featuredmedia":[{"embeddable":true,"href":"https:\/\/adanaseshaber.com.tr\/index.php?rest_route=\/wp\/v2\/media\/31971"}],"wp:attachment":[{"href":"https:\/\/adanaseshaber.com.tr\/index.php?rest_route=%2Fwp%2Fv2%2Fmedia&parent=31969"}],"wp:term":[{"taxonomy":"category","embeddable":true,"href":"https:\/\/adanaseshaber.com.tr\/index.php?rest_route=%2Fwp%2Fv2%2Fcategories&post=31969"},{"taxonomy":"post_tag","embeddable":true,"href":"https:\/\/adanaseshaber.com.tr\/index.php?rest_route=%2Fwp%2Fv2%2Ftags&post=31969"}],"curies":[{"name":"wp","href":"https:\/\/api.w.org\/{rel}","templated":true}]}}