{"id":32024,"date":"2022-08-05T11:46:37","date_gmt":"2022-08-05T08:46:37","guid":{"rendered":"https:\/\/www.adanaseshaber.com\/?p=32024"},"modified":"2022-08-05T11:48:34","modified_gmt":"2022-08-05T08:48:34","slug":"muslime-yagal-davasinda-ilk-durusma-aile-uyeleri-dededen-sikayetci-olmadi","status":"publish","type":"post","link":"https:\/\/adanaseshaber.com.tr\/?p=32024","title":{"rendered":"M\u00fcslime Ya\u011fal davas\u0131nda ilk duru\u015fma! Aile \u00fcyeleri dededen \u015fikayet\u00e7i olmad\u0131"},"content":{"rendered":"<p>Mersin\u2019de kay\u0131p olarak aranan ve 10 g\u00fcn sonra cesedi bulunan 3 ya\u015f\u0131ndaki M\u00fcslime Ya\u011fal\u2019\u0131n dedesi hasan Ya\u011fal, cinayet \u015f\u00fcphelisi olarak tutuklanarak cezaevine g\u00f6nderilmi\u015fti. Bug\u00fcn dede Hasan Ya\u011fal\u2019\u0131n yarg\u0131lanmas\u0131na ba\u015fland\u0131. Bug\u00fcn ilk kez hakim kar\u015f\u0131s\u0131na \u00e7\u0131kan dede Hasan Ya\u011fal, hakk\u0131ndaki b\u00fct\u00fcn su\u00e7lamalar\u0131 reddetti. M\u00fcslime\u2019nin ailesinin s\u00f6yledikleri ise mahkemeye damga vurdu. \u0130lk duru\u015fmas\u0131nda hakim kar\u015f\u0131s\u0131na \u00e7\u0131kan cinayet \u015f\u00fcphelisi dede Hasan Ya\u011fal, DNA raporu ile ilgili de konu\u015ftu. Hasan Ya\u011fal\u2019\u0131n DNA raporunda M\u00fcslime\u2019nin babas\u0131 oldu\u011fu tespit edilmi\u015fti. Rapor hakk\u0131nda konu\u015fan Ya\u011fal, \u2018Raporu bilemem. Gelinimle cinsel ili\u015fkim olmad\u0131.\u2019 dedi. Aile \u00fcyeleri de dede Hasan Ya\u011fal\u2019dan \u015fikayet\u00e7i olmad\u0131. \u0130\u015fte detaylar\u2026<\/p>\n<p><strong>SU\u00c7LAMALARI KABUL ETMED\u0130<\/strong><\/p>\n<p>Mersin G\u00fclnar il\u00e7esinde kay\u0131p olarak aranan 3 ya\u015f\u0131ndaki M\u00fcslime Ya\u011fal\u2019\u0131n 10 g\u00fcn sonra cans\u0131z bedenine ula\u015f\u0131lm\u0131\u015ft\u0131. Cinayet \u015f\u00fcphelisi olarak tutuklanan dede Hasan Ya\u011fal\u2019\u0131n bug\u00fcn yarg\u0131lanmas\u0131na ba\u015fland\u0131. Bug\u00fcn ilk duru\u015fmas\u0131na \u00e7\u0131kan Hasan Ya\u011fal, hakk\u0131ndaki t\u00fcm su\u00e7lamalar\u0131 reddetti. DNA raporunda 3 ya\u015f\u0131ndaki M\u00fcslime\u2019nin babas\u0131 oldu\u011funun tespit edilmesi hakk\u0131nda da konu\u015fan Ya\u011fal, \u2018Raporu bilemem. Gelinimle cinsel ili\u015fkim olmad\u0131.\u2019 dedi.<\/p>\n<p><img loading=\"lazy\" decoding=\"async\" class=\"aligncenter wp-image-32029 size-full\" src=\"https:\/\/adanaseshaber.com.tr\/wp-content\/uploads\/2022\/08\/muslime-yagal-davasinda-ilk-durusma-aile-uyeleri-dededen-sikayetci-olmadi-2.jpg\" alt=\"\" width=\"1280\" height=\"720\" srcset=\"https:\/\/adanaseshaber.com.tr\/wp-content\/uploads\/2022\/08\/muslime-yagal-davasinda-ilk-durusma-aile-uyeleri-dededen-sikayetci-olmadi-2.jpg 1280w, https:\/\/adanaseshaber.com.tr\/wp-content\/uploads\/2022\/08\/muslime-yagal-davasinda-ilk-durusma-aile-uyeleri-dededen-sikayetci-olmadi-2-300x169.jpg 300w, https:\/\/adanaseshaber.com.tr\/wp-content\/uploads\/2022\/08\/muslime-yagal-davasinda-ilk-durusma-aile-uyeleri-dededen-sikayetci-olmadi-2-1024x576.jpg 1024w, https:\/\/adanaseshaber.com.tr\/wp-content\/uploads\/2022\/08\/muslime-yagal-davasinda-ilk-durusma-aile-uyeleri-dededen-sikayetci-olmadi-2-768x432.jpg 768w, https:\/\/adanaseshaber.com.tr\/wp-content\/uploads\/2022\/08\/muslime-yagal-davasinda-ilk-durusma-aile-uyeleri-dededen-sikayetci-olmadi-2-390x220.jpg 390w\" sizes=\"auto, (max-width: 1280px) 100vw, 1280px\" \/><\/p>\n<p><strong>ANNES\u0130 DE \u015e\u0130KAYET\u00c7\u0130 OLMADI<\/strong><\/p>\n<p>M\u00fcslime\u2019nin ailesi de duru\u015fma salonunda haz\u0131r bulundu. Anne Selvi Ya\u011fal, M\u00fcslime\u2019nin \u00f6l\u00fcm\u00fcyle ilgili kimseden \u015fikayet\u00e7i olmad\u0131\u011f\u0131n\u0131 s\u00f6yledi. Anne Ya\u011fal, \u2018Kay\u0131npederimin su\u00e7u yok. Bana tecav\u00fcz etmedi. Cenab-\u0131 Allah bana hesap sorar, bana bir \u015fey yapmad\u0131\u2019 dedi. Annenin bu s\u00f6zleri \u00fczerine mahkeme heyeti bir kez daha DNA raporlar\u0131n\u0131 hat\u0131rlatt\u0131 ve Hasan Ya\u011fal\u2019\u0131n \u00e7ocu\u011fun babas\u0131 oldu\u011funun ortaya \u00e7\u0131kt\u0131\u011f\u0131n\u0131 bir kez daha aktard\u0131. Anne Selvi Ya\u011fal ise \u2018Kabul etmiyorum. \u00d6yle bir \u015fey olmad\u0131. M\u00fcslime olay\u0131ndan dolay\u0131 kimseden \u015fikayet\u00e7i de\u011filim\u2019 dedi.<\/p>\n<p><img loading=\"lazy\" decoding=\"async\" class=\"aligncenter wp-image-32027 size-full\" src=\"https:\/\/adanaseshaber.com.tr\/wp-content\/uploads\/2022\/08\/muslime-yagal-davasinda-ilk-durusma-aile-uyeleri-dededen-sikayetci-olmadi-1.jpg\" alt=\"\" width=\"1280\" height=\"720\" srcset=\"https:\/\/adanaseshaber.com.tr\/wp-content\/uploads\/2022\/08\/muslime-yagal-davasinda-ilk-durusma-aile-uyeleri-dededen-sikayetci-olmadi-1.jpg 1280w, https:\/\/adanaseshaber.com.tr\/wp-content\/uploads\/2022\/08\/muslime-yagal-davasinda-ilk-durusma-aile-uyeleri-dededen-sikayetci-olmadi-1-300x169.jpg 300w, https:\/\/adanaseshaber.com.tr\/wp-content\/uploads\/2022\/08\/muslime-yagal-davasinda-ilk-durusma-aile-uyeleri-dededen-sikayetci-olmadi-1-1024x576.jpg 1024w, https:\/\/adanaseshaber.com.tr\/wp-content\/uploads\/2022\/08\/muslime-yagal-davasinda-ilk-durusma-aile-uyeleri-dededen-sikayetci-olmadi-1-768x432.jpg 768w, https:\/\/adanaseshaber.com.tr\/wp-content\/uploads\/2022\/08\/muslime-yagal-davasinda-ilk-durusma-aile-uyeleri-dededen-sikayetci-olmadi-1-390x220.jpg 390w\" sizes=\"auto, (max-width: 1280px) 100vw, 1280px\" \/><\/p>\n<p><strong>\u2018O BEN\u0130M TORUNUM\u2019<\/strong><\/p>\n<p>M\u00fcslime\u2019yi en son saat 14.30 gibi \u00e7ad\u0131rdan \u00e7\u0131karken g\u00f6rd\u00fc\u011f\u00fcn\u00fc s\u00f6yleyen dede Hasan Ya\u011fal, hayvan otlatmaktan geldikten sonra M\u00fcslime\u2019nin kayboldu\u011funu \u00f6\u011frendi\u011fini, her yerde arad\u0131klar\u0131n\u0131 ancak bulamad\u0131klar\u0131n\u0131 ve daha sonra jandarmaya haber verdiklerini aktard\u0131. M\u00fcslime\u2019nin bulundu\u011fu yere kendi ba\u015f\u0131na gelmi\u015f olabilece\u011fini iddia eden hasan Ya\u011fal, \u2018\u00c7ocuk bu, kendi ba\u015f\u0131na gider. Her g\u00f6rd\u00fc\u011f\u00fcmde M\u00fcslime\u2019yi y\u00fcz\u00fcnden \u00f6perim. 9 g\u00fcn sonra boynundan DNA \u00e7\u0131kmas\u0131 normal. Bundan cinsel bir eylem oldu\u011fu \u00e7\u0131kmaz. O benim torunum, bu konu s\u00f6z konusu bile olamaz\u2019 ifadelerini kulland\u0131. Mahkeme heyeti ise Hasan Ya\u011fal\u2019\u0131n tutuklulu\u011funun devam\u0131na karar verdi ve duru\u015fmay\u0131 eksiklerin giderilmesi i\u00e7in ileri bir tarihe erteledi.<\/p>\n","protected":false},"excerpt":{"rendered":"<p>Mersin\u2019de kay\u0131p olarak aranan ve 10 g\u00fcn sonra cesedi bulunan 3 ya\u015f\u0131ndaki M\u00fcslime Ya\u011fal\u2019\u0131n dedesi hasan Ya\u011fal, cinayet \u015f\u00fcphelisi olarak tutuklanarak cezaevine g\u00f6nderilmi\u015fti. Bug\u00fcn dede Hasan Ya\u011fal\u2019\u0131n yarg\u0131lanmas\u0131na ba\u015fland\u0131. Bug\u00fcn ilk kez hakim kar\u015f\u0131s\u0131na \u00e7\u0131kan dede Hasan Ya\u011fal, hakk\u0131ndaki b\u00fct\u00fcn su\u00e7lamalar\u0131 reddetti. M\u00fcslime\u2019nin ailesinin s\u00f6yledikleri ise mahkemeye damga vurdu. \u0130lk duru\u015fmas\u0131nda hakim kar\u015f\u0131s\u0131na \u00e7\u0131kan cinayet &hellip;<\/p>\n","protected":false},"author":6,"featured_media":32025,"comment_status":"closed","ping_status":"closed","sticky":false,"template":"","format":"standard","meta":{"footnotes":""},"categories":[1],"tags":[],"class_list":["post-32024","post","type-post","status-publish","format-standard","has-post-thumbnail","hentry","category-genel"],"amp_enabled":true,"_links":{"self":[{"href":"https:\/\/adanaseshaber.com.tr\/index.php?rest_route=\/wp\/v2\/posts\/32024","targetHints":{"allow":["GET"]}}],"collection":[{"href":"https:\/\/adanaseshaber.com.tr\/index.php?rest_route=\/wp\/v2\/posts"}],"about":[{"href":"https:\/\/adanaseshaber.com.tr\/index.php?rest_route=\/wp\/v2\/types\/post"}],"author":[{"embeddable":true,"href":"https:\/\/adanaseshaber.com.tr\/index.php?rest_route=\/wp\/v2\/users\/6"}],"replies":[{"embeddable":true,"href":"https:\/\/adanaseshaber.com.tr\/index.php?rest_route=%2Fwp%2Fv2%2Fcomments&post=32024"}],"version-history":[{"count":4,"href":"https:\/\/adanaseshaber.com.tr\/index.php?rest_route=\/wp\/v2\/posts\/32024\/revisions"}],"predecessor-version":[{"id":32031,"href":"https:\/\/adanaseshaber.com.tr\/index.php?rest_route=\/wp\/v2\/posts\/32024\/revisions\/32031"}],"wp:featuredmedia":[{"embeddable":true,"href":"https:\/\/adanaseshaber.com.tr\/index.php?rest_route=\/wp\/v2\/media\/32025"}],"wp:attachment":[{"href":"https:\/\/adanaseshaber.com.tr\/index.php?rest_route=%2Fwp%2Fv2%2Fmedia&parent=32024"}],"wp:term":[{"taxonomy":"category","embeddable":true,"href":"https:\/\/adanaseshaber.com.tr\/index.php?rest_route=%2Fwp%2Fv2%2Fcategories&post=32024"},{"taxonomy":"post_tag","embeddable":true,"href":"https:\/\/adanaseshaber.com.tr\/index.php?rest_route=%2Fwp%2Fv2%2Ftags&post=32024"}],"curies":[{"name":"wp","href":"https:\/\/api.w.org\/{rel}","templated":true}]}}