{"id":32036,"date":"2022-08-05T11:58:43","date_gmt":"2022-08-05T08:58:43","guid":{"rendered":"https:\/\/www.adanaseshaber.com\/?p=32036"},"modified":"2022-08-05T12:07:45","modified_gmt":"2022-08-05T09:07:45","slug":"kpssye-giren-ve-yediiklimyayinevinden-egitim-alan-ogrencilerin-cevap-anahtarlari-inceleniyor","status":"publish","type":"post","link":"https:\/\/adanaseshaber.com.tr\/?p=32036","title":{"rendered":"KPSS\u2019ye giren ve YediiklimYay\u0131nevi\u2019nden e\u011fitim alan \u00f6\u011frencilerin cevap anahtarlar\u0131 inceleniyor"},"content":{"rendered":"<p>2022 KPSS soru\u015fturmas\u0131 devam ediyor. 31 Temmuz tarihinde ger\u00e7ekle\u015ftirilen KPSS Lisans oturumu sorular\u0131n s\u0131zd\u0131r\u0131lmas\u0131 iddias\u0131n\u0131n ard\u0131ndan iptal edilmi\u015fti. Konu hakk\u0131nda soru\u015fturma ba\u015flat\u0131lm\u0131\u015f ve son dakika geli\u015fmeleri pe\u015f pe\u015fe ya\u015fanm\u0131\u015ft\u0131. Devlet Denetleme Kurulu\u2019nun bug\u00fcn KPSS\u2019ye giren ve Yediiklim Yay\u0131nevi\u2019nde e\u011fitim alan \u00f6\u011frencilerin cevap anahtarlar\u0131n\u0131 inceleme karar\u0131 ald\u0131. Ge\u00e7ti\u011fimiz Pazar g\u00fcn\u00fc milyonlarca aday\u0131n kat\u0131l\u0131m\u0131yla ger\u00e7ekle\u015ftirilen KPSS Lisans oturumu ile ilgili g\u00fcndemi sarsan soru s\u0131zd\u0131rma iddialar\u0131 ortal\u0131\u011f\u0131 kar\u0131\u015ft\u0131rd\u0131. Sorular\u0131n s\u0131zd\u0131r\u0131ld\u0131\u011f\u0131 iddialar\u0131n\u0131n ard\u0131ndan KPSS s\u0131nav\u0131 iptal edildi ve Cumhurba\u015fkan\u0131 Recep Tayyip Erdo\u011fan, Devlet Denetleme Kurulu\u2019na konuyu inceleme talimat\u0131 verdi. DDK, Yediiklim Yay\u0131nevi\u2019nde e\u011fitim alan ve KPSS s\u0131navo\u0131na kat\u0131l\u0131m sa\u011flayan \u00f6\u011frencilerin cevap anahtarlar\u0131n\u0131n incelenmesi karar\u0131n\u0131 verdi.<\/p>\n<p><b>\u00d6\u011eRENC\u0130LER\u0130N CEVAP ANAHTARLARI \u0130NCELENECEK<\/b><\/p>\n<p>2022 KPSS Lisans oturumunda sorular\u0131n s\u0131zd\u0131r\u0131ld\u0131\u011f\u0131 iddias\u0131 g\u00fcndeme bomba gibi d\u00fc\u015fm\u00fc\u015ft\u00fc. Bu iddialar\u0131n ard\u0131ndan tepkiler \u00e7\u0131\u011f gibi b\u00fcy\u00fcm\u00fc\u015f ve C\u0130MER&#8217;e konu hakk\u0131nda \u015fikayet ya\u011fm\u0131\u015ft\u0131. \u0130ddialar \u00fczerine Cumhurba\u015fkan\u0131 Erdo\u011fan devreye girdi ve Devlet Denetleme Kurulu&#8217;na inceleme talimat\u0131 verdi. T\u00fcm bu ya\u015fananlar\u0131n ard\u0131ndan \u00d6SYM Ba\u015fkan\u0131 Prof. Dr. Halis Ayg\u00fcn g\u00f6revden al\u0131nd\u0131. Yeni \u00d6SYM Ba\u015fkanl\u0131\u011f\u0131na Prof. Dr. Bayram Ali Ersoy atand\u0131. KPSS s\u0131nav\u0131ndaki 20 sorunun 20&#8217;sinin de Yediiklim Yay\u0131nevi&#8217;nin kitap\u00e7\u0131\u011f\u0131ndaki sorularla ayn\u0131 oldu\u011fu iddialar\u0131n\u0131n ard\u0131ndan DDK, Yediiklim Yay\u0131nevi&#8217;nde e\u011fitim alan ve KPSS s\u0131nav\u0131na giren \u00f6\u011frencilerin cevap anahtarlar\u0131n\u0131n incelenmesine karar verdi.<\/p>\n<p><strong>YAYINEV\u0130 \u0130DD\u0130ALARI KABUL ETMED\u0130<\/strong><\/p>\n<p>T\u00fcm bu iddialar\u0131n oda\u011f\u0131nda olan Yediiklim Yay\u0131nevi sahibi M\u00fcnir \u00c7elik ise kameralar kar\u015f\u0131s\u0131na ge\u00e7erek a\u00e7\u0131klamalarda bulundu. Su\u00e7lamalar\u0131 reddeden ve konuyla ilgili \u00d6SYM&#8217;yi su\u00e7layan \u00c7elik, sorular\u0131 herhangi birilerine \u00f6zel olarak haz\u0131rlamad\u0131klar\u0131n\u0131 aktard\u0131. Sosyal medyadaki 20\u00a0 sorunun noktas\u0131, virg\u00fcl\u00fcne kadar ayn\u0131 denilen sorularla ilgili iddialar\u0131n as\u0131ls\u0131z oldu\u011funu s\u00f6yleyen M\u00fcnir \u00c7elik, &#8216;\u00d6yle bir soru yoktur. Olmas\u0131 da m\u00fcmk\u00fcn de\u011fildir. Hayat\u0131n ger\u00e7eklerine ayk\u0131r\u0131d\u0131r. \u0130ddia edildi\u011fi gibi sorular bize verilmi\u015f de\u011fil. Bu yay\u0131nevinin tarihinde b\u00f6yle bir \u015fey yok&#8217; dedi.<\/p>\n<p>&nbsp;<\/p>\n","protected":false},"excerpt":{"rendered":"<p>2022 KPSS soru\u015fturmas\u0131 devam ediyor. 31 Temmuz tarihinde ger\u00e7ekle\u015ftirilen KPSS Lisans oturumu sorular\u0131n s\u0131zd\u0131r\u0131lmas\u0131 iddias\u0131n\u0131n ard\u0131ndan iptal edilmi\u015fti. Konu hakk\u0131nda soru\u015fturma ba\u015flat\u0131lm\u0131\u015f ve son dakika geli\u015fmeleri pe\u015f pe\u015fe ya\u015fanm\u0131\u015ft\u0131. Devlet Denetleme Kurulu\u2019nun bug\u00fcn KPSS\u2019ye giren ve Yediiklim Yay\u0131nevi\u2019nde e\u011fitim alan \u00f6\u011frencilerin cevap anahtarlar\u0131n\u0131 inceleme karar\u0131 ald\u0131. Ge\u00e7ti\u011fimiz Pazar g\u00fcn\u00fc milyonlarca aday\u0131n kat\u0131l\u0131m\u0131yla ger\u00e7ekle\u015ftirilen KPSS Lisans &hellip;<\/p>\n","protected":false},"author":6,"featured_media":32037,"comment_status":"closed","ping_status":"closed","sticky":false,"template":"","format":"standard","meta":{"footnotes":""},"categories":[1],"tags":[],"class_list":["post-32036","post","type-post","status-publish","format-standard","has-post-thumbnail","hentry","category-genel"],"amp_enabled":true,"_links":{"self":[{"href":"https:\/\/adanaseshaber.com.tr\/index.php?rest_route=\/wp\/v2\/posts\/32036","targetHints":{"allow":["GET"]}}],"collection":[{"href":"https:\/\/adanaseshaber.com.tr\/index.php?rest_route=\/wp\/v2\/posts"}],"about":[{"href":"https:\/\/adanaseshaber.com.tr\/index.php?rest_route=\/wp\/v2\/types\/post"}],"author":[{"embeddable":true,"href":"https:\/\/adanaseshaber.com.tr\/index.php?rest_route=\/wp\/v2\/users\/6"}],"replies":[{"embeddable":true,"href":"https:\/\/adanaseshaber.com.tr\/index.php?rest_route=%2Fwp%2Fv2%2Fcomments&post=32036"}],"version-history":[{"count":5,"href":"https:\/\/adanaseshaber.com.tr\/index.php?rest_route=\/wp\/v2\/posts\/32036\/revisions"}],"predecessor-version":[{"id":32044,"href":"https:\/\/adanaseshaber.com.tr\/index.php?rest_route=\/wp\/v2\/posts\/32036\/revisions\/32044"}],"wp:featuredmedia":[{"embeddable":true,"href":"https:\/\/adanaseshaber.com.tr\/index.php?rest_route=\/wp\/v2\/media\/32037"}],"wp:attachment":[{"href":"https:\/\/adanaseshaber.com.tr\/index.php?rest_route=%2Fwp%2Fv2%2Fmedia&parent=32036"}],"wp:term":[{"taxonomy":"category","embeddable":true,"href":"https:\/\/adanaseshaber.com.tr\/index.php?rest_route=%2Fwp%2Fv2%2Fcategories&post=32036"},{"taxonomy":"post_tag","embeddable":true,"href":"https:\/\/adanaseshaber.com.tr\/index.php?rest_route=%2Fwp%2Fv2%2Ftags&post=32036"}],"curies":[{"name":"wp","href":"https:\/\/api.w.org\/{rel}","templated":true}]}}