{"id":32053,"date":"2022-08-05T12:26:20","date_gmt":"2022-08-05T09:26:20","guid":{"rendered":"https:\/\/www.adanaseshaber.com\/?p=32053"},"modified":"2022-08-05T12:26:46","modified_gmt":"2022-08-05T09:26:46","slug":"civan-canova-kimdir-civan-canova-hastaligi-nedir-civan-canova-saglik-durumu-nasil","status":"publish","type":"post","link":"https:\/\/adanaseshaber.com.tr\/?p=32053","title":{"rendered":"Civan Canova kimdir? Civan Canova hastal\u0131\u011f\u0131 nedir? Civan Canova sa\u011fl\u0131k durumu nas\u0131l?"},"content":{"rendered":"<p>T\u00fcrk sinemas\u0131n\u0131n usta oyuncular\u0131ndan Civan Canova, sosyal medya hesab\u0131 \u00fczerinden payla\u015ft\u0131\u011f\u0131 video ile 15 g\u00fcnd\u00fcr hastanede tedavi alt\u0131nda oldu\u011funu duyurdu. Sa\u011fl\u0131k durumu hakk\u0131nda bilgi veren usta oyuncu, kolundaki bir sorun sebebiyle gitti\u011fi hastanede akci\u011ferinde kitle tespit edildi\u011fini s\u00f6yledi. Civan Canova\u2019n\u0131n sa\u011fl\u0131k durumuyla ilgili detayl\u0131 ara\u015ft\u0131rmalar ba\u015flad\u0131. Usta oyuncunun sosyal medya hesab\u0131ndan sa\u011fl\u0131k durumuyla ilgili yapt\u0131\u011f\u0131 a\u00e7\u0131klamalar g\u00fcndem oldu. Sosyal medyadan payla\u015ft\u0131\u011f\u0131 videoda 15 g\u00fcnd\u00fcr hastanede yatt\u0131\u011f\u0131n\u0131 s\u00f6yleyen Canova, \u2018Size g\u00fczel haberler veremeyece\u011fim\u2019 diyerek ya\u015fad\u0131\u011f\u0131 sa\u011fl\u0131k sorunlar\u0131n\u0131 a\u00e7\u0131klad\u0131. Peki, oyuncu Civan Canova kimdir? Civan Canova ka\u00e7 ya\u015f\u0131nda, nereli? Civan Canova hastal\u0131\u011f\u0131 ne? Civan Canova sa\u011fl\u0131k durumu nas\u0131l? \u0130\u015fte detaylar\u2026<\/p>\n<p><strong>C\u0130VAN CANOVA\u2019DAN A\u00c7IKLAMA<\/strong><\/p>\n<p>Usta oyuncu Civan Canova, sosyal medya hesab\u0131ndan payla\u015ft\u0131\u011f\u0131 video ile 15 g\u00fcnd\u00fcr hastanede yatt\u0131\u011f\u0131n\u0131 duyurdu ve sa\u011fl\u0131k durumuyla ilgili bilgi verdi. Uzun bir s\u00fcredir sa\u011fl\u0131k sorunlar\u0131yla m\u00fccadele etti\u011fini ve durumunun \u00e7ok iyi olmad\u0131\u011f\u0131n\u0131 s\u00f6yleyen usta oyuncu, sol bile\u011finde kemik \u00f6l\u00fcm\u00fc oldu\u011funu ve daha \u00f6nce ameliyatla o kemi\u011fi \u00e7\u0131kard\u0131klar\u0131n\u0131 s\u00f6yledi. S\u00fcreci anlatan Canova, \u2018Onu sak\u0131nmak i\u00e7in bir kafeye do\u011fru kapkara bir k\u00f6pe\u011fin \u00fczerine bast\u0131m. Hayvan da gayri ihtiyari s\u0131\u00e7rad\u0131 ve beni yere att\u0131. Sa\u011f kolumun \u00fczerine b\u00fct\u00fcn v\u00fccudumun g\u00fcc\u00fcyle d\u00fc\u015ft\u00fcm. Kemik \u00f6l\u00fcm\u00fc, tendon kopmas\u0131 ve adele erimesi meydana geldi. Daha sonra MR \u00e7ekildi ve doktor protez takt\u0131rmam gerekti\u011fini s\u00f6yledi. Onu da ben istemedim, ihmal ettim.\u2019 dedi.<\/p>\n<p><img loading=\"lazy\" decoding=\"async\" class=\"aligncenter wp-image-32056 size-full\" src=\"https:\/\/adanaseshaber.com.tr\/wp-content\/uploads\/2022\/08\/civan-canova-kimdir-civan-canova-hastaligi-nedir-civan-canova-saglik-durumu-nasil-1.jpg\" alt=\"\" width=\"1280\" height=\"720\" srcset=\"https:\/\/adanaseshaber.com.tr\/wp-content\/uploads\/2022\/08\/civan-canova-kimdir-civan-canova-hastaligi-nedir-civan-canova-saglik-durumu-nasil-1.jpg 1280w, https:\/\/adanaseshaber.com.tr\/wp-content\/uploads\/2022\/08\/civan-canova-kimdir-civan-canova-hastaligi-nedir-civan-canova-saglik-durumu-nasil-1-300x169.jpg 300w, https:\/\/adanaseshaber.com.tr\/wp-content\/uploads\/2022\/08\/civan-canova-kimdir-civan-canova-hastaligi-nedir-civan-canova-saglik-durumu-nasil-1-1024x576.jpg 1024w, https:\/\/adanaseshaber.com.tr\/wp-content\/uploads\/2022\/08\/civan-canova-kimdir-civan-canova-hastaligi-nedir-civan-canova-saglik-durumu-nasil-1-768x432.jpg 768w, https:\/\/adanaseshaber.com.tr\/wp-content\/uploads\/2022\/08\/civan-canova-kimdir-civan-canova-hastaligi-nedir-civan-canova-saglik-durumu-nasil-1-390x220.jpg 390w\" sizes=\"auto, (max-width: 1280px) 100vw, 1280px\" \/><\/p>\n<p><strong>AKC\u0130\u011eER\u0130NDE K\u0130TLE TESP\u0130T ED\u0130LD\u0130<\/strong><\/p>\n<p>Aradan ge\u00e7en 2,5-3 ay sonra a\u011fr\u0131lar\u0131n\u0131n ba\u015flad\u0131\u011f\u0131n\u0131 anlatan Civan Canova, hastaneye giderek MR \u00e7ektirdi\u011fini ve koluna protez tak\u0131lmas\u0131 gerekti\u011fini ancak onun \u015fu an ikinci planda kald\u0131\u011f\u0131n\u0131 s\u00f6yledi. Bunun sebebinin ise akci\u011fer filmi \u00e7ekerken bu kez de akci\u011ferinde belirsiz bir kitle tespit edildi\u011fini ve \u015fimdi b\u00fct\u00fcn ilginin onun \u00fczerine topland\u0131\u011f\u0131n\u0131 anlatt\u0131. 15 g\u00fcnd\u00fcr hastanede tedavi alt\u0131nda oldu\u011funu s\u00f6yleyen usta oyuncu, \u2018B\u00fct\u00fcn ailem yan\u0131mda. Ne olur telefon etmeyin. Telefonla u\u011fra\u015facak vaktim yok. Birka\u00e7 g\u00fcn daha burada kalaca\u011f\u0131m, sonra taburcu edecekler. Bir ay \u00f6nce kas\u0131k f\u0131t\u0131\u011f\u0131 ameliyat\u0131 olmu\u015ftum bir yandan onun a\u011fr\u0131s\u0131. Di\u015fimde apse \u00e7\u0131kt\u0131 onun a\u011fr\u0131s\u0131. Ondan da par\u00e7a ald\u0131lar ne oldu\u011funu belirlemek i\u00e7in. L\u00fctfen beni fazla d\u00fc\u015f\u00fcnmeyin sadece iyili\u011fimi isteyin.\u2019 ifadelerini kulland\u0131.<\/p>\n<p><strong>SANAT\u00c7I DOKSTLARI DESTEK VERD\u0130<\/strong><\/p>\n<p>Usta oyuncu Civan Canova\u2019n\u0131n sosyal medya hesab\u0131 \u00fczerinden yapt\u0131\u011f\u0131 payla\u015f\u0131ma sanat\u00e7\u0131 dostlar\u0131ndan destek geldi. Eski rol arkada\u015flar\u0131 yapt\u0131klar\u0131 yorumlarla usta oyuncuya deste\u011fini g\u00f6sterdi. R\u0131za Kocao\u011flu, \u00d6zkan U\u011fur Ece Y\u00f6ren\u00e7, R\u0131za Kocao\u011flu ve \u00e7ok say\u0131da \u00fcnl\u00fc isim Canova\u2019n\u0131n yan\u0131nda oldu.<\/p>\n","protected":false},"excerpt":{"rendered":"<p>T\u00fcrk sinemas\u0131n\u0131n usta oyuncular\u0131ndan Civan Canova, sosyal medya hesab\u0131 \u00fczerinden payla\u015ft\u0131\u011f\u0131 video ile 15 g\u00fcnd\u00fcr hastanede tedavi alt\u0131nda oldu\u011funu duyurdu. Sa\u011fl\u0131k durumu hakk\u0131nda bilgi veren usta oyuncu, kolundaki bir sorun sebebiyle gitti\u011fi hastanede akci\u011ferinde kitle tespit edildi\u011fini s\u00f6yledi. Civan Canova\u2019n\u0131n sa\u011fl\u0131k durumuyla ilgili detayl\u0131 ara\u015ft\u0131rmalar ba\u015flad\u0131. Usta oyuncunun sosyal medya hesab\u0131ndan sa\u011fl\u0131k durumuyla ilgili yapt\u0131\u011f\u0131 &hellip;<\/p>\n","protected":false},"author":6,"featured_media":32054,"comment_status":"closed","ping_status":"closed","sticky":false,"template":"","format":"standard","meta":{"footnotes":""},"categories":[15431],"tags":[],"class_list":["post-32053","post","type-post","status-publish","format-standard","has-post-thumbnail","hentry","category-medya"],"amp_enabled":true,"_links":{"self":[{"href":"https:\/\/adanaseshaber.com.tr\/index.php?rest_route=\/wp\/v2\/posts\/32053","targetHints":{"allow":["GET"]}}],"collection":[{"href":"https:\/\/adanaseshaber.com.tr\/index.php?rest_route=\/wp\/v2\/posts"}],"about":[{"href":"https:\/\/adanaseshaber.com.tr\/index.php?rest_route=\/wp\/v2\/types\/post"}],"author":[{"embeddable":true,"href":"https:\/\/adanaseshaber.com.tr\/index.php?rest_route=\/wp\/v2\/users\/6"}],"replies":[{"embeddable":true,"href":"https:\/\/adanaseshaber.com.tr\/index.php?rest_route=%2Fwp%2Fv2%2Fcomments&post=32053"}],"version-history":[{"count":2,"href":"https:\/\/adanaseshaber.com.tr\/index.php?rest_route=\/wp\/v2\/posts\/32053\/revisions"}],"predecessor-version":[{"id":32057,"href":"https:\/\/adanaseshaber.com.tr\/index.php?rest_route=\/wp\/v2\/posts\/32053\/revisions\/32057"}],"wp:featuredmedia":[{"embeddable":true,"href":"https:\/\/adanaseshaber.com.tr\/index.php?rest_route=\/wp\/v2\/media\/32054"}],"wp:attachment":[{"href":"https:\/\/adanaseshaber.com.tr\/index.php?rest_route=%2Fwp%2Fv2%2Fmedia&parent=32053"}],"wp:term":[{"taxonomy":"category","embeddable":true,"href":"https:\/\/adanaseshaber.com.tr\/index.php?rest_route=%2Fwp%2Fv2%2Fcategories&post=32053"},{"taxonomy":"post_tag","embeddable":true,"href":"https:\/\/adanaseshaber.com.tr\/index.php?rest_route=%2Fwp%2Fv2%2Ftags&post=32053"}],"curies":[{"name":"wp","href":"https:\/\/api.w.org\/{rel}","templated":true}]}}