{"id":32094,"date":"2022-08-05T13:53:04","date_gmt":"2022-08-05T10:53:04","guid":{"rendered":"https:\/\/www.adanaseshaber.com\/?p=32094"},"modified":"2022-08-05T13:54:23","modified_gmt":"2022-08-05T10:54:23","slug":"eczaneler-kapali-mi-eczanelerin-grevi-ne-zaman-eczacilar-is-birakma-karari-mi-aldi","status":"publish","type":"post","link":"https:\/\/adanaseshaber.com.tr\/?p=32094","title":{"rendered":"Eczaneler kapal\u0131 m\u0131? Eczanelerin grevi ne zaman? Eczac\u0131lar i\u015f b\u0131rakma karar\u0131 m\u0131 ald\u0131?"},"content":{"rendered":"<p>Eczac\u0131lar\u0131n i\u015f b\u0131rakma karar\u0131 ald\u0131\u011f\u0131na dair haberlerin g\u00fcndeme gelmesinin ard\u0131ndan eczanelerin a\u00e7\u0131k olup olmayaca\u011f\u0131 ara\u015ft\u0131r\u0131lmaya ba\u015fland\u0131. Eczac\u0131lar, karl\u0131l\u0131k oranlar\u0131n\u0131 d\u00fczenleyen ila\u00e7 fiyat kararnamesinde Temmuz ay\u0131nda yap\u0131lan g\u00fcncellemenin yetersiz oldu\u011funu iddia ederek \u00fclke genelinde i\u015f b\u0131rakma karar\u0131 ald\u0131. Eczac\u0131lar\u0131n bu karar\u0131n\u0131n ard\u0131ndan eczanelerin ak\u0131beti merak edilmeye ba\u015fland\u0131. Eczac\u0131lar\u0131n i\u015f b\u0131rakma karar\u0131n\u0131n ard\u0131ndan vatanda\u015flar tedirgin olurken i\u015f b\u0131rakma eyleminin ne zaman yap\u0131laca\u011f\u0131 ara\u015ft\u0131r\u0131lmaya ba\u015fland\u0131. Peki, Eczaneler kapal\u0131 m\u0131, a\u00e7\u0131k m\u0131? Eczanelerin grevi ne zaman? Eczac\u0131lar i\u015f mi b\u0131rak\u0131yor? Eczaneler a\u00e7\u0131lmayacak m\u0131? Eczaneler grevde mi? \u0130\u015fte t\u00fcm merak edilenler\u2026<\/p>\n<p><strong>ECZACILAR \u0130\u015e BIRAKMA KARARI ALDI<\/strong><\/p>\n<p>Eczac\u0131lar, karl\u0131l\u0131k oranlar\u0131n\u0131 belirleyen ila\u00e7 fiyat kararnamesinde Temmuz ay\u0131nda yap\u0131lan g\u00fcncellemeyi yetersiz bularak \u00fclke genelinde i\u015f b\u0131rakma karar\u0131 ald\u0131. 100 TL\u2019ye kadar olan bir ila\u00e7tan daha \u00f6nce y\u00fczde 25 kar sa\u011flayan eczac\u0131lar i\u00e7in yap\u0131lan g\u00fcncellemenin ard\u0131ndan bu oran y\u00fczde 28\u2019e \u00e7\u0131kt\u0131. 200 TL\u2019nin \u00fczerindeki ila\u00e7lar ise y\u00fczde 12\u2019den y\u00fczde 13\u2019e y\u00fckseldi. Ancak eczac\u0131lar yap\u0131lan g\u00fcncellemeyi yeterli bulmad\u0131 ve \u00fclke genelinde i\u015f b\u0131rakma karar\u0131 ald\u0131.<\/p>\n<p><img loading=\"lazy\" decoding=\"async\" class=\"aligncenter wp-image-32099 size-full\" src=\"https:\/\/adanaseshaber.com.tr\/wp-content\/uploads\/2022\/08\/eczaneler-kapali-mi-eczanelerin-grevi-ne-zaman-eczacilar-is-birakma-karari-mi-aldi.jpeg\" alt=\"\" width=\"1280\" height=\"720\" srcset=\"https:\/\/adanaseshaber.com.tr\/wp-content\/uploads\/2022\/08\/eczaneler-kapali-mi-eczanelerin-grevi-ne-zaman-eczacilar-is-birakma-karari-mi-aldi.jpeg 1280w, https:\/\/adanaseshaber.com.tr\/wp-content\/uploads\/2022\/08\/eczaneler-kapali-mi-eczanelerin-grevi-ne-zaman-eczacilar-is-birakma-karari-mi-aldi-300x169.jpeg 300w, https:\/\/adanaseshaber.com.tr\/wp-content\/uploads\/2022\/08\/eczaneler-kapali-mi-eczanelerin-grevi-ne-zaman-eczacilar-is-birakma-karari-mi-aldi-1024x576.jpeg 1024w, https:\/\/adanaseshaber.com.tr\/wp-content\/uploads\/2022\/08\/eczaneler-kapali-mi-eczanelerin-grevi-ne-zaman-eczacilar-is-birakma-karari-mi-aldi-768x432.jpeg 768w, https:\/\/adanaseshaber.com.tr\/wp-content\/uploads\/2022\/08\/eczaneler-kapali-mi-eczanelerin-grevi-ne-zaman-eczacilar-is-birakma-karari-mi-aldi-390x220.jpeg 390w\" sizes=\"auto, (max-width: 1280px) 100vw, 1280px\" \/><\/p>\n<p><strong>ECZANELER KAPALI MI?<\/strong><\/p>\n<p>Eczac\u0131lar\u0131n i\u015f b\u0131rakma karar\u0131n\u0131n ard\u0131ndan eczanelerin ak\u0131beti merak konusu oldu. Eczac\u0131lar\u0131n ald\u0131\u011f\u0131 kararla tedirgin olan vatanda\u015flar, \u2018Eczaneler kapal\u0131 m\u0131?\u2019 sorusuna yan\u0131t aramaya ba\u015flad\u0131. Eczanelerin \u00fclke genelinde i\u015f b\u0131rakma karar\u0131 ile ilgili tarihin \u00f6n\u00fcm\u00fczdeki g\u00fcnlerde belirlenece\u011fi aktar\u0131ld\u0131. Eczac\u0131lar, i\u015f b\u0131rakma eylemi ile ilgili takvimi ilerleyen g\u00fcnlerde a\u00e7\u0131klayacak. Ancak i\u015f b\u0131rakma eylemi yap\u0131l\u0131rken n\u00f6bet\u00e7i eczane say\u0131s\u0131 art\u0131r\u0131lacak ve eczane hizmetleri aksamayacak.<\/p>\n<p>&nbsp;<\/p>\n","protected":false},"excerpt":{"rendered":"<p>Eczac\u0131lar\u0131n i\u015f b\u0131rakma karar\u0131 ald\u0131\u011f\u0131na dair haberlerin g\u00fcndeme gelmesinin ard\u0131ndan eczanelerin a\u00e7\u0131k olup olmayaca\u011f\u0131 ara\u015ft\u0131r\u0131lmaya ba\u015fland\u0131. Eczac\u0131lar, karl\u0131l\u0131k oranlar\u0131n\u0131 d\u00fczenleyen ila\u00e7 fiyat kararnamesinde Temmuz ay\u0131nda yap\u0131lan g\u00fcncellemenin yetersiz oldu\u011funu iddia ederek \u00fclke genelinde i\u015f b\u0131rakma karar\u0131 ald\u0131. Eczac\u0131lar\u0131n bu karar\u0131n\u0131n ard\u0131ndan eczanelerin ak\u0131beti merak edilmeye ba\u015fland\u0131. Eczac\u0131lar\u0131n i\u015f b\u0131rakma karar\u0131n\u0131n ard\u0131ndan vatanda\u015flar tedirgin olurken i\u015f &hellip;<\/p>\n","protected":false},"author":6,"featured_media":32095,"comment_status":"closed","ping_status":"closed","sticky":false,"template":"","format":"standard","meta":{"footnotes":""},"categories":[1],"tags":[],"class_list":["post-32094","post","type-post","status-publish","format-standard","has-post-thumbnail","hentry","category-genel"],"amp_enabled":true,"_links":{"self":[{"href":"https:\/\/adanaseshaber.com.tr\/index.php?rest_route=\/wp\/v2\/posts\/32094","targetHints":{"allow":["GET"]}}],"collection":[{"href":"https:\/\/adanaseshaber.com.tr\/index.php?rest_route=\/wp\/v2\/posts"}],"about":[{"href":"https:\/\/adanaseshaber.com.tr\/index.php?rest_route=\/wp\/v2\/types\/post"}],"author":[{"embeddable":true,"href":"https:\/\/adanaseshaber.com.tr\/index.php?rest_route=\/wp\/v2\/users\/6"}],"replies":[{"embeddable":true,"href":"https:\/\/adanaseshaber.com.tr\/index.php?rest_route=%2Fwp%2Fv2%2Fcomments&post=32094"}],"version-history":[{"count":4,"href":"https:\/\/adanaseshaber.com.tr\/index.php?rest_route=\/wp\/v2\/posts\/32094\/revisions"}],"predecessor-version":[{"id":32101,"href":"https:\/\/adanaseshaber.com.tr\/index.php?rest_route=\/wp\/v2\/posts\/32094\/revisions\/32101"}],"wp:featuredmedia":[{"embeddable":true,"href":"https:\/\/adanaseshaber.com.tr\/index.php?rest_route=\/wp\/v2\/media\/32095"}],"wp:attachment":[{"href":"https:\/\/adanaseshaber.com.tr\/index.php?rest_route=%2Fwp%2Fv2%2Fmedia&parent=32094"}],"wp:term":[{"taxonomy":"category","embeddable":true,"href":"https:\/\/adanaseshaber.com.tr\/index.php?rest_route=%2Fwp%2Fv2%2Fcategories&post=32094"},{"taxonomy":"post_tag","embeddable":true,"href":"https:\/\/adanaseshaber.com.tr\/index.php?rest_route=%2Fwp%2Fv2%2Ftags&post=32094"}],"curies":[{"name":"wp","href":"https:\/\/api.w.org\/{rel}","templated":true}]}}