{"id":32127,"date":"2022-08-05T15:05:18","date_gmt":"2022-08-05T12:05:18","guid":{"rendered":"https:\/\/www.adanaseshaber.com\/?p=32127"},"modified":"2022-08-05T15:23:46","modified_gmt":"2022-08-05T12:23:46","slug":"bakan-soylu-paylasti-murat-karayilanin-ozel-gorev-verdigi-2-terorist-olduruldu","status":"publish","type":"post","link":"https:\/\/adanaseshaber.com.tr\/?p=32127","title":{"rendered":"Bakan Soylu payla\u015ft\u0131: Murat Karay\u0131lan\u2019\u0131n \u00f6zel g\u00f6rev verdi\u011fi 2 ter\u00f6rist \u00f6ld\u00fcr\u00fcld\u00fc"},"content":{"rendered":"<p>B\u00f6l\u00fcc\u00fc ter\u00f6r \u00f6rg\u00fct\u00fc PKK\u2019n\u0131n s\u00f6zde \u00fcst d\u00fczey y\u00f6neticilerinden Murat Karay\u0131lan\u2019\u0131n \u00f6zel g\u00f6rev verdi\u011fi 2 ter\u00f6rist etkisiz hale getirildi. A\u011fr\u0131 Do\u011fubayaz\u0131t\u2019ta etkisiz hale getirilen ter\u00f6ristlerle ilgili \u0130\u00e7i\u015fleri Bakan\u0131 S\u00fcleyman Soylu\u2019dan payla\u015f\u0131m geldi. Sosyal medya hesab\u0131ndan payla\u015f\u0131m yapan Bakan Soylu\u2019nun payla\u015f\u0131m\u0131ndaki ABD detay\u0131 ise g\u00fcndem oldu. Soylu, \u2018Karay\u0131lan\u2019\u0131n \u00f6zel g\u00f6rev verdi\u011fi 2 ter\u00f6rist, g\u00f6revi yerine getiremeden A\u011fr\u0131 Do\u011fubayaz\u0131t\u2019ta bug\u00fcn sar\u0131 torbaya girdi\u2019 ifadelerini kulland\u0131. Payla\u015f\u0131m\u0131nda ABD\u2019ye de g\u00f6ndermede bulunan Soylu, \u2018Amerika yak\u0131nda Karay\u0131lan i\u00e7in de bir taziye yay\u0131nlayacak\u2019 dedi. \u015eehit Emre Dokumac\u0131\u2019y\u0131 da unutmayan Bakan S\u00fcleyman Soylu, \u2018\u015eehit Emre Dokumac\u0131, kan\u0131n yerde kalmad\u0131.\u2019 dedi.<\/p>\n<p><strong>2 TER\u00d6R\u0130ST ETK\u0130S\u0130Z HALE GET\u0130R\u0130LD\u0130<\/strong><\/p>\n<p>Sosyal medya hesab\u0131ndan payla\u015f\u0131m yapan \u0130\u00e7i\u015fleri Bakan\u0131 S\u00fcleyman Soylu, Murat Karay\u0131lan&#8217;\u0131n \u00f6zel g\u00f6rev verdi\u011fi 2 ter\u00f6ristin A\u011fr\u0131 Do\u011fubayaz\u0131t&#8217;ta etkisiz hale getirildi\u011fini duyurdu.<\/p>\n<p><strong>ABD&#8217;YE TAZ\u0130YE G\u00d6NDERMES\u0130<\/strong><\/p>\n<p>Sosyal medya \u00fczerinden yapt\u0131\u011f\u0131 payla\u015f\u0131mda Murat Karay\u0131lan&#8217;\u0131n g\u00f6rev verdi\u011fi 2 ter\u00f6ristin etkisiz hale getirildi\u011fini a\u00e7\u0131klayan Bakan Soylu, &#8216;Murat Karay\u0131lan&#8217;\u0131n g\u00f6rev verdi\u011fi 2 tr\u00f6rist, g\u00f6revi yerine getiremeden A\u011fru Do\u011fubayaz\u0131t&#8217;ta bug\u00fcn sar\u0131 torbaya girdi. Emniyet \u0130stihbarat, P\u00d6H ve Jandarma&#8217;daki Kahramanlar\u0131m\u0131za tebrikler. Amerika yak\u0131nda Karay\u0131lan i\u00e7in de bir taziye yay\u0131nlayacak. Meraklanmas\u0131n&#8230;&#8217; notunu d\u00fc\u015ft\u00fc.<\/p>\n<p><img loading=\"lazy\" decoding=\"async\" class=\"aligncenter wp-image-32145 size-full\" src=\"https:\/\/adanaseshaber.com.tr\/wp-content\/uploads\/2022\/08\/bakan-soylu-paylasti-murat-karayilanin-ozel-gorev-verdigi-2-terorist-olduruldu-1.jpg\" alt=\"\" width=\"1280\" height=\"720\" srcset=\"https:\/\/adanaseshaber.com.tr\/wp-content\/uploads\/2022\/08\/bakan-soylu-paylasti-murat-karayilanin-ozel-gorev-verdigi-2-terorist-olduruldu-1.jpg 1280w, https:\/\/adanaseshaber.com.tr\/wp-content\/uploads\/2022\/08\/bakan-soylu-paylasti-murat-karayilanin-ozel-gorev-verdigi-2-terorist-olduruldu-1-300x169.jpg 300w, https:\/\/adanaseshaber.com.tr\/wp-content\/uploads\/2022\/08\/bakan-soylu-paylasti-murat-karayilanin-ozel-gorev-verdigi-2-terorist-olduruldu-1-1024x576.jpg 1024w, https:\/\/adanaseshaber.com.tr\/wp-content\/uploads\/2022\/08\/bakan-soylu-paylasti-murat-karayilanin-ozel-gorev-verdigi-2-terorist-olduruldu-1-768x432.jpg 768w, https:\/\/adanaseshaber.com.tr\/wp-content\/uploads\/2022\/08\/bakan-soylu-paylasti-murat-karayilanin-ozel-gorev-verdigi-2-terorist-olduruldu-1-390x220.jpg 390w\" sizes=\"auto, (max-width: 1280px) 100vw, 1280px\" \/><\/p>\n<p><strong>&#8216;ALLAH B\u0130Z\u0130 \u015eEH\u0130TLER\u0130M\u0130ZE MAHCUP ETMES\u0130N&#8217;<\/strong><\/p>\n<p>Payla\u015f\u0131m\u0131n\u0131n devam\u0131nda \u015fehit Emre Dokumac\u0131&#8217;y\u0131 da unutmayan \u0130\u00e7i\u015fleri Bakan\u0131 S\u00fcleyman Soylu, &#8216;\u015eehit Emre Dokumac\u0131, kan\u0131n yerde kalmad\u0131. Ruhun \u015fad, Makam\u0131n \u00e2l\u00ee olsun&#8230; Allah bizi \u015fehitlerimize mahcup etmesin.&#8217; ifadelerini kulland\u0131.<\/p>\n","protected":false},"excerpt":{"rendered":"<p>B\u00f6l\u00fcc\u00fc ter\u00f6r \u00f6rg\u00fct\u00fc PKK\u2019n\u0131n s\u00f6zde \u00fcst d\u00fczey y\u00f6neticilerinden Murat Karay\u0131lan\u2019\u0131n \u00f6zel g\u00f6rev verdi\u011fi 2 ter\u00f6rist etkisiz hale getirildi. A\u011fr\u0131 Do\u011fubayaz\u0131t\u2019ta etkisiz hale getirilen ter\u00f6ristlerle ilgili \u0130\u00e7i\u015fleri Bakan\u0131 S\u00fcleyman Soylu\u2019dan payla\u015f\u0131m geldi. Sosyal medya hesab\u0131ndan payla\u015f\u0131m yapan Bakan Soylu\u2019nun payla\u015f\u0131m\u0131ndaki ABD detay\u0131 ise g\u00fcndem oldu. Soylu, \u2018Karay\u0131lan\u2019\u0131n \u00f6zel g\u00f6rev verdi\u011fi 2 ter\u00f6rist, g\u00f6revi yerine getiremeden A\u011fr\u0131 &hellip;<\/p>\n","protected":false},"author":6,"featured_media":32128,"comment_status":"closed","ping_status":"closed","sticky":false,"template":"","format":"standard","meta":{"footnotes":""},"categories":[1],"tags":[],"class_list":["post-32127","post","type-post","status-publish","format-standard","has-post-thumbnail","hentry","category-genel"],"amp_enabled":true,"_links":{"self":[{"href":"https:\/\/adanaseshaber.com.tr\/index.php?rest_route=\/wp\/v2\/posts\/32127","targetHints":{"allow":["GET"]}}],"collection":[{"href":"https:\/\/adanaseshaber.com.tr\/index.php?rest_route=\/wp\/v2\/posts"}],"about":[{"href":"https:\/\/adanaseshaber.com.tr\/index.php?rest_route=\/wp\/v2\/types\/post"}],"author":[{"embeddable":true,"href":"https:\/\/adanaseshaber.com.tr\/index.php?rest_route=\/wp\/v2\/users\/6"}],"replies":[{"embeddable":true,"href":"https:\/\/adanaseshaber.com.tr\/index.php?rest_route=%2Fwp%2Fv2%2Fcomments&post=32127"}],"version-history":[{"count":8,"href":"https:\/\/adanaseshaber.com.tr\/index.php?rest_route=\/wp\/v2\/posts\/32127\/revisions"}],"predecessor-version":[{"id":32148,"href":"https:\/\/adanaseshaber.com.tr\/index.php?rest_route=\/wp\/v2\/posts\/32127\/revisions\/32148"}],"wp:featuredmedia":[{"embeddable":true,"href":"https:\/\/adanaseshaber.com.tr\/index.php?rest_route=\/wp\/v2\/media\/32128"}],"wp:attachment":[{"href":"https:\/\/adanaseshaber.com.tr\/index.php?rest_route=%2Fwp%2Fv2%2Fmedia&parent=32127"}],"wp:term":[{"taxonomy":"category","embeddable":true,"href":"https:\/\/adanaseshaber.com.tr\/index.php?rest_route=%2Fwp%2Fv2%2Fcategories&post=32127"},{"taxonomy":"post_tag","embeddable":true,"href":"https:\/\/adanaseshaber.com.tr\/index.php?rest_route=%2Fwp%2Fv2%2Ftags&post=32127"}],"curies":[{"name":"wp","href":"https:\/\/api.w.org\/{rel}","templated":true}]}}