{"id":32161,"date":"2022-08-05T15:53:31","date_gmt":"2022-08-05T12:53:31","guid":{"rendered":"https:\/\/www.adanaseshaber.com\/?p=32161"},"modified":"2022-08-05T15:55:12","modified_gmt":"2022-08-05T12:55:12","slug":"james-webb-teleskobu-cekti-diyerek-paylastigi-goruntu-sucuk-cikti","status":"publish","type":"post","link":"https:\/\/adanaseshaber.com.tr\/?p=32161","title":{"rendered":"James Webb Teleskobu \u00e7ekti diyerek payla\u015ft\u0131\u011f\u0131 g\u00f6r\u00fcnt\u00fc sucuk \u00e7\u0131kt\u0131"},"content":{"rendered":"<p>Frans\u0131z bilim insan\u0131n\u0131n payla\u015ft\u0131\u011f\u0131 \u2018sucuk\u2019 g\u00f6r\u00fcnt\u00fcs\u00fc d\u00fcnya g\u00fcndemine bomba gibi d\u00fc\u015ft\u00fc. James Webb Teleskobu\u2019nun \u00e7ekti\u011fini s\u00f6yledi\u011fi g\u00f6r\u00fcnt\u00fcn\u00fcn asl\u0131nda bir sucuk g\u00f6r\u00fcnt\u00fcs\u00fc oldu\u011funu s\u00f6yleyen bilim insan\u0131, kendisine gelen tepkiler \u00fczerine \u015faka yapt\u0131\u011f\u0131n\u0131 s\u00f6yleyerek bu \u015fakas\u0131 i\u00e7in herkesten \u00f6z\u00fcr diledi. Frans\u0131z bilim insan\u0131n\u0131n bu ilgin\u00e7 deneyi d\u00fcnya g\u00fcndemine yerle\u015fti. Frans\u0131z fizik\u00e7i ve bilim felsefecisi Etienne Klein, sosyal medya \u00fczerindeki yanl\u0131\u015f bilgi ve dezenformasyona kar\u015f\u0131 dikkat \u00e7ekmek i\u00e7in bir sosyal deney yapt\u0131. Yapt\u0131\u011f\u0131 sosyal deney ile d\u00fcnya g\u00fcndemine oturan 64 ya\u015f\u0131nda bilim insan\u0131, ald\u0131\u011f\u0131 tepkiler sonras\u0131nda herkesten \u00f6z\u00fcr diledi. Klein\u2019\u0131n James Webb teleskobundan \u00e7ekildi\u011fini s\u00f6yledi\u011fi g\u00f6r\u00fcnt\u00fcn\u00fcn asl\u0131nda bir sucuk g\u00f6r\u00fcnt\u00fcs\u00fc oldu\u011fu ortaya \u00e7\u0131kt\u0131. Frans\u0131z bilim insan\u0131n\u0131n sosyal deney i\u00e7in yapt\u0131\u011f\u0131 bu \u015faka baz\u0131 takip\u00e7ilerinin tepkisi \u00e7ekti.<\/p>\n<p><strong>G\u00d6R\u00dcNT\u00dcN\u00dcN B\u0130R YILDIZA A\u0130T OLDU\u011eUNU S\u00d6YLED\u0130<\/strong><\/p>\n<p>Twitter hesab\u0131nda 91 bin takip\u00e7isi bulunan Frans\u0131z fizik\u00e7i ve bilim felsefecisi Etienne Klein, sosyal medya \u00fczerindeki yanl\u0131\u015f bilgi ve dezenformasyona kar\u015f\u0131 dikkat \u00e7ekmek i\u00e7in \u00e7ok ilgin\u00e7 bir sosyal deneye imza att\u0131. Klein, 31 Temmuz tarihinde sosyal medya \u00fczerinden bir foto\u011fraf payla\u015ft\u0131 ve payla\u015ft\u0131\u011f\u0131 foto\u011fraf\u0131n James Webb teleskobundan \u00e7ekildi\u011fini s\u00f6yleyerek bu g\u00f6r\u00fcnt\u00fcn\u00fcn G\u00fcne\u015f\u2019ten 4,2 \u0131\u015f\u0131k y\u0131l\u0131 uzakl\u0131kta bulunan bir y\u0131ld\u0131za ait oldu\u011funu s\u00f6yledi.<\/p>\n<p><img loading=\"lazy\" decoding=\"async\" class=\"aligncenter wp-image-32164 size-full\" src=\"https:\/\/adanaseshaber.com.tr\/wp-content\/uploads\/2022\/08\/james-webb-teleskobu-cekti-diyerek-paylastigi-goruntu-sucuk-cikti-1.jpg\" alt=\"\" width=\"1280\" height=\"720\" srcset=\"https:\/\/adanaseshaber.com.tr\/wp-content\/uploads\/2022\/08\/james-webb-teleskobu-cekti-diyerek-paylastigi-goruntu-sucuk-cikti-1.jpg 1280w, https:\/\/adanaseshaber.com.tr\/wp-content\/uploads\/2022\/08\/james-webb-teleskobu-cekti-diyerek-paylastigi-goruntu-sucuk-cikti-1-300x169.jpg 300w, https:\/\/adanaseshaber.com.tr\/wp-content\/uploads\/2022\/08\/james-webb-teleskobu-cekti-diyerek-paylastigi-goruntu-sucuk-cikti-1-1024x576.jpg 1024w, https:\/\/adanaseshaber.com.tr\/wp-content\/uploads\/2022\/08\/james-webb-teleskobu-cekti-diyerek-paylastigi-goruntu-sucuk-cikti-1-768x432.jpg 768w, https:\/\/adanaseshaber.com.tr\/wp-content\/uploads\/2022\/08\/james-webb-teleskobu-cekti-diyerek-paylastigi-goruntu-sucuk-cikti-1-390x220.jpg 390w\" sizes=\"auto, (max-width: 1280px) 100vw, 1280px\" \/><\/p>\n<p><strong>SUCUK GER\u00c7E\u011e\u0130 D\u00dcNYA G\u00dcNDEM\u0130NE OTURDU<\/strong><\/p>\n<p>Ancak k\u0131sa bir s\u00fcre sonra ortaya \u00e7\u0131kan ger\u00e7ek herkesi \u015fa\u015fk\u0131na \u00e7evirdi. Klein\u2019\u0131n payla\u015ft\u0131\u011f\u0131 foto\u011fraf\u0131n \u0130spanya ve Portekiz mutfa\u011f\u0131ndan chorizo ismiyle bilinen bir sucu\u011fa ait oldu\u011fu ortaya \u00e7\u0131kt\u0131. Sucuk ger\u00e7e\u011fini \u00f6\u011frenen takip\u00e7iler olaya tepki g\u00f6sterdi. G\u00f6r\u00fcnt\u00fcn\u00fcn sahibi Klein ise aradan 3 g\u00fcn ge\u00e7tikten sonra bir a\u00e7\u0131klama yaparak sosyal medyada yanl\u0131\u015f bilgiye kar\u015f\u0131 dikkat \u00e7ekmek amac\u0131yla b\u00f6yle bir payla\u015f\u0131m yapma gere\u011fi duydu\u011funu s\u00f6yledi. Bu payla\u015f\u0131mla tek amac\u0131n\u0131n insanlara otorite sahibi ki\u015filerden gelen arg\u00fcmanlar\u0131n sorgulanabilir oldu\u011funu hat\u0131rlatmak oldu\u011funu s\u00f6yledi ve herkesten \u00f6z\u00fcr diledi.<\/p>\n","protected":false},"excerpt":{"rendered":"<p>Frans\u0131z bilim insan\u0131n\u0131n payla\u015ft\u0131\u011f\u0131 \u2018sucuk\u2019 g\u00f6r\u00fcnt\u00fcs\u00fc d\u00fcnya g\u00fcndemine bomba gibi d\u00fc\u015ft\u00fc. James Webb Teleskobu\u2019nun \u00e7ekti\u011fini s\u00f6yledi\u011fi g\u00f6r\u00fcnt\u00fcn\u00fcn asl\u0131nda bir sucuk g\u00f6r\u00fcnt\u00fcs\u00fc oldu\u011funu s\u00f6yleyen bilim insan\u0131, kendisine gelen tepkiler \u00fczerine \u015faka yapt\u0131\u011f\u0131n\u0131 s\u00f6yleyerek bu \u015fakas\u0131 i\u00e7in herkesten \u00f6z\u00fcr diledi. Frans\u0131z bilim insan\u0131n\u0131n bu ilgin\u00e7 deneyi d\u00fcnya g\u00fcndemine yerle\u015fti. Frans\u0131z fizik\u00e7i ve bilim felsefecisi Etienne Klein, sosyal &hellip;<\/p>\n","protected":false},"author":6,"featured_media":32162,"comment_status":"closed","ping_status":"closed","sticky":false,"template":"","format":"standard","meta":{"footnotes":""},"categories":[15429],"tags":[],"class_list":["post-32161","post","type-post","status-publish","format-standard","has-post-thumbnail","hentry","category-teknoloji"],"amp_enabled":true,"_links":{"self":[{"href":"https:\/\/adanaseshaber.com.tr\/index.php?rest_route=\/wp\/v2\/posts\/32161","targetHints":{"allow":["GET"]}}],"collection":[{"href":"https:\/\/adanaseshaber.com.tr\/index.php?rest_route=\/wp\/v2\/posts"}],"about":[{"href":"https:\/\/adanaseshaber.com.tr\/index.php?rest_route=\/wp\/v2\/types\/post"}],"author":[{"embeddable":true,"href":"https:\/\/adanaseshaber.com.tr\/index.php?rest_route=\/wp\/v2\/users\/6"}],"replies":[{"embeddable":true,"href":"https:\/\/adanaseshaber.com.tr\/index.php?rest_route=%2Fwp%2Fv2%2Fcomments&post=32161"}],"version-history":[{"count":3,"href":"https:\/\/adanaseshaber.com.tr\/index.php?rest_route=\/wp\/v2\/posts\/32161\/revisions"}],"predecessor-version":[{"id":32166,"href":"https:\/\/adanaseshaber.com.tr\/index.php?rest_route=\/wp\/v2\/posts\/32161\/revisions\/32166"}],"wp:featuredmedia":[{"embeddable":true,"href":"https:\/\/adanaseshaber.com.tr\/index.php?rest_route=\/wp\/v2\/media\/32162"}],"wp:attachment":[{"href":"https:\/\/adanaseshaber.com.tr\/index.php?rest_route=%2Fwp%2Fv2%2Fmedia&parent=32161"}],"wp:term":[{"taxonomy":"category","embeddable":true,"href":"https:\/\/adanaseshaber.com.tr\/index.php?rest_route=%2Fwp%2Fv2%2Fcategories&post=32161"},{"taxonomy":"post_tag","embeddable":true,"href":"https:\/\/adanaseshaber.com.tr\/index.php?rest_route=%2Fwp%2Fv2%2Ftags&post=32161"}],"curies":[{"name":"wp","href":"https:\/\/api.w.org\/{rel}","templated":true}]}}