{"id":32185,"date":"2022-08-05T17:04:46","date_gmt":"2022-08-05T14:04:46","guid":{"rendered":"https:\/\/www.adanaseshaber.com\/?p=32185"},"modified":"2022-08-05T18:30:52","modified_gmt":"2022-08-05T15:30:52","slug":"survivor-ogedayin-babasi-denizde-kayboldu","status":"publish","type":"post","link":"https:\/\/adanaseshaber.com.tr\/?p=32185","title":{"rendered":"Survivor Ogeday\u2019\u0131n babas\u0131 kay\u0131p m\u0131? Denizde kaybolan ki\u015fi Ogeday&#8217;\u0131n babas\u0131 m\u0131?"},"content":{"rendered":"<p>Survivor All Star 2022 yar\u0131\u015fmas\u0131nda ba\u015far\u0131l\u0131 performans\u0131yla g\u00f6z dolduran ve \u00f6zel hayat\u0131yla da s\u0131k s\u0131k g\u00fcndeme gelen Ogeday Giri\u015fken\u2019in babas\u0131n\u0131n denizde kayboldu\u011fu iddia edildi. Giri\u015fken&#8217;in sosyal medya hesab\u0131ndan payla\u015f\u0131m yaparak babas\u0131n\u0131n arand\u0131\u011f\u0131n\u0131 duyurdu\u011fu \u00f6ne s\u00fcr\u00fcld\u00fc. Bal\u0131kesir&#8217;in Burhaniye il\u00e7esinde bir ki\u015finin denizde kayboldu\u011fu ve arand\u0131\u011f\u0131 bilgisinin ard\u0131ndan kaybolan ki\u015finin Survivor yar\u0131\u015fmac\u0131s\u0131 Ogeday Giri\u015fken&#8217;in babas\u0131 oldu\u011fu iddia edildi. G\u00fcndeme gelen iddialar\u0131n ard\u0131ndan g\u00f6zler Ogeday&#8217;a \u00e7evrilirken t\u00fcm bu iddialar sonras\u0131nda Ogeday Giri\u015fken&#8217;in babas\u0131yla ilgili ara\u015ft\u0131rmalar yo\u011funla\u015ft\u0131. Denizde kaybolan ve 3 g\u00fcnd\u00fcr aranan ki\u015finin Ogeday&#8217;\u0131n babas\u0131 oldu\u011fu iddia edilirken kaybolan ki\u015finin Ogeday Giri\u015fken&#8217;in arkada\u015f\u0131n\u0131n babas\u0131 oldu\u011funa dair iddialar da g\u00fcndemde yer al\u0131yor.<\/p>\n<p><strong>BABASININ DEN\u0130ZDE KAYBOLDU\u011eU \u0130DD\u0130A ED\u0130LD\u0130<\/strong><\/p>\n<p>Survivor yar\u0131\u015fmac\u0131s\u0131 ve k\u00fcrek sporcusu Ogeday Giri\u015fken&#8217;in babas\u0131 Cemal Giri\u015fken&#8217;in denizde kayboldu\u011funa dair iddialar g\u00fcndeme geldi. K\u0131sa s\u00fcrede h\u0131zla yay\u0131lan iddialar\u0131n ard\u0131ndan merakl\u0131 ara\u015ft\u0131rmalar ba\u015flad\u0131. Ogeday Giri\u015fken&#8217;in babas\u0131 Cemal Giri\u015fken&#8217;in Bal\u0131kesir&#8217;in Burhaniye il\u00e7esinde denizde kayboldu\u011funa dair iddialar\u0131n ard\u0131ndan g\u00f6zler Ogeday&#8217;a \u00e7evrildi. K\u0131sa s\u00fcrede olaya a\u00e7\u0131kl\u0131k getiren Ogeday, sosyal medya hesab\u0131ndan yapt\u0131\u011f\u0131 payla\u015f\u0131mla kaybolan ki\u015finin kendi babas\u0131 de\u011fil bir arkada\u015f\u0131n\u0131n babas\u0131 oldu\u011funu belirtti ve arkada\u015f\u0131n\u0131n babas\u0131 i\u00e7in destek istedi.<\/p>\n<p><img loading=\"lazy\" decoding=\"async\" class=\"aligncenter wp-image-32232 size-full\" src=\"https:\/\/adanaseshaber.com.tr\/wp-content\/uploads\/2022\/08\/survivor-ogedayin-babasi-denizde-kayboldu-1.jpg\" alt=\"\" width=\"1280\" height=\"720\" srcset=\"https:\/\/adanaseshaber.com.tr\/wp-content\/uploads\/2022\/08\/survivor-ogedayin-babasi-denizde-kayboldu-1.jpg 1280w, https:\/\/adanaseshaber.com.tr\/wp-content\/uploads\/2022\/08\/survivor-ogedayin-babasi-denizde-kayboldu-1-300x169.jpg 300w, https:\/\/adanaseshaber.com.tr\/wp-content\/uploads\/2022\/08\/survivor-ogedayin-babasi-denizde-kayboldu-1-1024x576.jpg 1024w, https:\/\/adanaseshaber.com.tr\/wp-content\/uploads\/2022\/08\/survivor-ogedayin-babasi-denizde-kayboldu-1-768x432.jpg 768w, https:\/\/adanaseshaber.com.tr\/wp-content\/uploads\/2022\/08\/survivor-ogedayin-babasi-denizde-kayboldu-1-390x220.jpg 390w\" sizes=\"auto, (max-width: 1280px) 100vw, 1280px\" \/><\/p>\n<p><strong>BABASI KAYIP DE\u011e\u0130L<\/strong><\/p>\n<p>Ogeday Giri\u015fken&#8217;in babas\u0131n\u0131n denizde kayboldu\u011fu ve 3 g\u00fcnd\u00fcr arand\u0131\u011f\u0131 iddialar\u0131 g\u00fcndeme bomba gibi d\u00fc\u015ft\u00fc. Ogeday&#8217;\u0131n sevenlerini bir hayli merakland\u0131ran bu haber sonras\u0131nda g\u00f6zlerin \u00e7evrildi\u011fi gen\u00e7 sporcudan a\u00e7\u0131klama geldi. Sosyal medya hesab\u0131 Instagram&#8217;dan a\u00e7\u0131klama yapan Ogeday, &#8216;Arkada\u015flar benim babam de\u011fil bir arkada\u015f\u0131m\u0131n babas\u0131 i\u00e7in payla\u015ft\u0131m. Ama ilginiz i\u00e7in te\u015fekk\u00fcr ederim. Arkada\u015f\u0131m i\u00e7in destek olursan\u0131z \u00e7ok sevinirim.&#8217; ifadelerine yer verdi.<\/p>\n<p>&nbsp;<\/p>\n<p>&nbsp;<\/p>\n","protected":false},"excerpt":{"rendered":"<p>Survivor All Star 2022 yar\u0131\u015fmas\u0131nda ba\u015far\u0131l\u0131 performans\u0131yla g\u00f6z dolduran ve \u00f6zel hayat\u0131yla da s\u0131k s\u0131k g\u00fcndeme gelen Ogeday Giri\u015fken\u2019in babas\u0131n\u0131n denizde kayboldu\u011fu iddia edildi. Giri\u015fken&#8217;in sosyal medya hesab\u0131ndan payla\u015f\u0131m yaparak babas\u0131n\u0131n arand\u0131\u011f\u0131n\u0131 duyurdu\u011fu \u00f6ne s\u00fcr\u00fcld\u00fc. Bal\u0131kesir&#8217;in Burhaniye il\u00e7esinde bir ki\u015finin denizde kayboldu\u011fu ve arand\u0131\u011f\u0131 bilgisinin ard\u0131ndan kaybolan ki\u015finin Survivor yar\u0131\u015fmac\u0131s\u0131 Ogeday Giri\u015fken&#8217;in babas\u0131 oldu\u011fu iddia &hellip;<\/p>\n","protected":false},"author":6,"featured_media":32186,"comment_status":"closed","ping_status":"closed","sticky":false,"template":"","format":"standard","meta":{"footnotes":""},"categories":[15431],"tags":[],"class_list":["post-32185","post","type-post","status-publish","format-standard","has-post-thumbnail","hentry","category-medya"],"amp_enabled":true,"_links":{"self":[{"href":"https:\/\/adanaseshaber.com.tr\/index.php?rest_route=\/wp\/v2\/posts\/32185","targetHints":{"allow":["GET"]}}],"collection":[{"href":"https:\/\/adanaseshaber.com.tr\/index.php?rest_route=\/wp\/v2\/posts"}],"about":[{"href":"https:\/\/adanaseshaber.com.tr\/index.php?rest_route=\/wp\/v2\/types\/post"}],"author":[{"embeddable":true,"href":"https:\/\/adanaseshaber.com.tr\/index.php?rest_route=\/wp\/v2\/users\/6"}],"replies":[{"embeddable":true,"href":"https:\/\/adanaseshaber.com.tr\/index.php?rest_route=%2Fwp%2Fv2%2Fcomments&post=32185"}],"version-history":[{"count":8,"href":"https:\/\/adanaseshaber.com.tr\/index.php?rest_route=\/wp\/v2\/posts\/32185\/revisions"}],"predecessor-version":[{"id":32233,"href":"https:\/\/adanaseshaber.com.tr\/index.php?rest_route=\/wp\/v2\/posts\/32185\/revisions\/32233"}],"wp:featuredmedia":[{"embeddable":true,"href":"https:\/\/adanaseshaber.com.tr\/index.php?rest_route=\/wp\/v2\/media\/32186"}],"wp:attachment":[{"href":"https:\/\/adanaseshaber.com.tr\/index.php?rest_route=%2Fwp%2Fv2%2Fmedia&parent=32185"}],"wp:term":[{"taxonomy":"category","embeddable":true,"href":"https:\/\/adanaseshaber.com.tr\/index.php?rest_route=%2Fwp%2Fv2%2Fcategories&post=32185"},{"taxonomy":"post_tag","embeddable":true,"href":"https:\/\/adanaseshaber.com.tr\/index.php?rest_route=%2Fwp%2Fv2%2Ftags&post=32185"}],"curies":[{"name":"wp","href":"https:\/\/api.w.org\/{rel}","templated":true}]}}