{"id":32202,"date":"2022-08-05T17:26:33","date_gmt":"2022-08-05T14:26:33","guid":{"rendered":"https:\/\/www.adanaseshaber.com\/?p=32202"},"modified":"2022-08-05T17:42:04","modified_gmt":"2022-08-05T14:42:04","slug":"ogeday-giriskenin-babasi-kimdir-cemal-girisken-kimdir-kac-yasinda-cemal-girisken-bulundu-mu","status":"publish","type":"post","link":"https:\/\/adanaseshaber.com.tr\/?p=32202","title":{"rendered":"Ogeday Giri\u015fken\u2019in babas\u0131 kimdir? Cemal Giri\u015fken kimdir, ka\u00e7 ya\u015f\u0131nda? Cemal Giri\u015fken kay\u0131p m\u0131?"},"content":{"rendered":"<p>Survivor All Star 2022 yar\u0131\u015fmac\u0131s\u0131 Ogeday Giri\u015fken&#8217;in babas\u0131 Cemal Giri\u015fken&#8217;in denizde kayboldu\u011funa dair iddialar\u0131n ard\u0131ndan Cemal Giri\u015fken ile ilgili merak edilen detaylar ara\u015ft\u0131r\u0131lmaya ba\u015fland\u0131. Ogeday&#8217;\u0131n babas\u0131n\u0131n denizde kayboldu\u011fu ve 3 g\u00fcnd\u00fcr arand\u0131\u011f\u0131na dair iddialar k\u0131sa s\u00fcrede g\u00fcndem oldu. Bu iddialar\u0131n ard\u0131ndan Cemal Giri\u015fken&#8217;in kay\u0131p olup olmad\u0131\u011f\u0131 sorular\u0131na yan\u0131t aranmaya ba\u015fland\u0131.\u00a0K\u00fcrek sporcusu ve oyuncu Ogeday Giri\u015fken&#8217;in babas\u0131n\u0131n Bal\u0131kesir Burhaniye&#8217;de denizde kayboldu\u011fu ve 3 g\u00fcnd\u00fcr arand\u0131\u011f\u0131 iddia edildi. G\u00fcndeme gelen bu iddia sonras\u0131nda Ogeday Giri\u015fken&#8217;in babas\u0131 Cemal Giri\u015fken&#8217;le ilgili t\u00fcm detaylar ara\u015ft\u0131r\u0131lmaya ba\u015fland\u0131. Peki, Cemal Giri\u015fken kay\u0131p m\u0131? Ogeday&#8217;\u0131n babas\u0131 Cemal Giri\u015fken kay\u0131p m\u0131? Cemal Giri\u015fken kimdir? Cemal Giri\u015fken ka\u00e7 ya\u015f\u0131nda, nerelidir? \u0130\u015fte t\u00fcm merak edilenler&#8230;<\/p>\n<p><strong>CEMAL G\u0130R\u0130\u015eKEN K\u0130MD\u0130R?<\/strong><\/p>\n<p>Survivor All Star 2022 yar\u0131\u015fmas\u0131nda ba\u015far\u0131l\u0131 performans\u0131yla ad\u0131ndan s\u0131k\u00e7a bahsettiren ve Nisa B\u00f6l\u00fckba\u015f\u0131 ile ya\u015fad\u0131\u011f\u0131 a\u015fkla \u00f6zel hayat\u0131yla da g\u00fcndeme gelen Ogeday Giri\u015fken\u2019in babas\u0131 Cemal Giri\u015fkendir. Gen\u00e7 k\u00fcrek sporcusunun sosyal medya hesab\u0131ndan bir payla\u015f\u0131m yapt\u0131\u011f\u0131 ve babas\u0131n\u0131n Edremit K\u00f6rfez&#8217;de 3 g\u00fcnd\u00fcr arand\u0131\u011f\u0131n\u0131 s\u00f6yleyerek sevenlerinden dua istedi\u011fi iddia edildi. Ancak bir ba\u015fka iddia ise denizde kaybolan ki\u015finin Ogeday&#8217;\u0131n arkada\u015f\u0131n\u0131n babas\u0131 oldu\u011fu y\u00f6n\u00fcnde. T\u00fcm bu iddialar\u0131n ard\u0131ndan Ogeday Giri\u015fken&#8217;in babas\u0131 Cemal Giri\u015fken hakk\u0131ndaki t\u00fcm detaylar yo\u011fun bir \u015fekilde ara\u015ft\u0131r\u0131lmaya ba\u015fland\u0131.<\/p>\n<p><strong>CEMAL G\u0130R\u0130\u015eKEN KAYIP MI?<\/strong><\/p>\n<p>Ogeday Giri\u015fken&#8217;in babas\u0131 Cemal Giri\u015fken&#8217;in Bal\u0131kesir Burhaniye&#8217;de denizde kayboldu\u011fu iddialar\u0131 k\u0131sa s\u00fcrede g\u00fcndem oldu. H\u0131zla yay\u0131lan iddialar\u0131n ard\u0131ndan &#8216;Cemal Giri\u015fken kay\u0131p m\u0131?&#8217; sorular\u0131na cevap aranmaya ba\u015fland\u0131.<\/p>\n<p><strong>OGEDAY G\u0130R\u0130\u015eKEN&#8217;DEN A\u00c7IKLAMA GELD\u0130<\/strong><\/p>\n<p>Babas\u0131n\u0131n kay\u0131p oldu\u011funa dair g\u00fcndeme gelen iddialar\u0131n ard\u0131ndan Ogeday Giri\u015fken2den a\u00e7\u0131klama geldi. Sosyal medya hesab\u0131ndan a\u00e7\u0131klama yapan Ogeday, &#8216;Arkada\u015flar benim babam de\u011fil bir arkada\u015f\u0131m\u0131n babas\u0131 i\u00e7in payla\u015ft\u0131m. Ama ilginiz i\u00e7in te\u015fekk\u00fcrler. Arkada\u015f\u0131m i\u00e7in destek olursan\u0131z \u00e7ok sevinirim.&#8217; dedi.<\/p>\n","protected":false},"excerpt":{"rendered":"<p>Survivor All Star 2022 yar\u0131\u015fmac\u0131s\u0131 Ogeday Giri\u015fken&#8217;in babas\u0131 Cemal Giri\u015fken&#8217;in denizde kayboldu\u011funa dair iddialar\u0131n ard\u0131ndan Cemal Giri\u015fken ile ilgili merak edilen detaylar ara\u015ft\u0131r\u0131lmaya ba\u015fland\u0131. Ogeday&#8217;\u0131n babas\u0131n\u0131n denizde kayboldu\u011fu ve 3 g\u00fcnd\u00fcr arand\u0131\u011f\u0131na dair iddialar k\u0131sa s\u00fcrede g\u00fcndem oldu. Bu iddialar\u0131n ard\u0131ndan Cemal Giri\u015fken&#8217;in kay\u0131p olup olmad\u0131\u011f\u0131 sorular\u0131na yan\u0131t aranmaya ba\u015fland\u0131.\u00a0K\u00fcrek sporcusu ve oyuncu Ogeday Giri\u015fken&#8217;in &hellip;<\/p>\n","protected":false},"author":6,"featured_media":32203,"comment_status":"closed","ping_status":"closed","sticky":false,"template":"","format":"standard","meta":{"footnotes":""},"categories":[15431],"tags":[],"class_list":["post-32202","post","type-post","status-publish","format-standard","has-post-thumbnail","hentry","category-medya"],"amp_enabled":true,"_links":{"self":[{"href":"https:\/\/adanaseshaber.com.tr\/index.php?rest_route=\/wp\/v2\/posts\/32202","targetHints":{"allow":["GET"]}}],"collection":[{"href":"https:\/\/adanaseshaber.com.tr\/index.php?rest_route=\/wp\/v2\/posts"}],"about":[{"href":"https:\/\/adanaseshaber.com.tr\/index.php?rest_route=\/wp\/v2\/types\/post"}],"author":[{"embeddable":true,"href":"https:\/\/adanaseshaber.com.tr\/index.php?rest_route=\/wp\/v2\/users\/6"}],"replies":[{"embeddable":true,"href":"https:\/\/adanaseshaber.com.tr\/index.php?rest_route=%2Fwp%2Fv2%2Fcomments&post=32202"}],"version-history":[{"count":5,"href":"https:\/\/adanaseshaber.com.tr\/index.php?rest_route=\/wp\/v2\/posts\/32202\/revisions"}],"predecessor-version":[{"id":32212,"href":"https:\/\/adanaseshaber.com.tr\/index.php?rest_route=\/wp\/v2\/posts\/32202\/revisions\/32212"}],"wp:featuredmedia":[{"embeddable":true,"href":"https:\/\/adanaseshaber.com.tr\/index.php?rest_route=\/wp\/v2\/media\/32203"}],"wp:attachment":[{"href":"https:\/\/adanaseshaber.com.tr\/index.php?rest_route=%2Fwp%2Fv2%2Fmedia&parent=32202"}],"wp:term":[{"taxonomy":"category","embeddable":true,"href":"https:\/\/adanaseshaber.com.tr\/index.php?rest_route=%2Fwp%2Fv2%2Fcategories&post=32202"},{"taxonomy":"post_tag","embeddable":true,"href":"https:\/\/adanaseshaber.com.tr\/index.php?rest_route=%2Fwp%2Fv2%2Ftags&post=32202"}],"curies":[{"name":"wp","href":"https:\/\/api.w.org\/{rel}","templated":true}]}}