{"id":32234,"date":"2022-08-05T18:44:43","date_gmt":"2022-08-05T15:44:43","guid":{"rendered":"https:\/\/www.adanaseshaber.com\/?p=32234"},"modified":"2022-08-05T18:46:58","modified_gmt":"2022-08-05T15:46:58","slug":"erdogan-putin-gorusmesine-damga-vuran-sehpa-detayi","status":"publish","type":"post","link":"https:\/\/adanaseshaber.com.tr\/?p=32234","title":{"rendered":"Erdo\u011fan-Putin g\u00f6r\u00fc\u015fmesine damga vuran sehpa detay\u0131"},"content":{"rendered":"<p>Cumhurba\u015fkan\u0131 Recep Tayyip Erdo\u011fan, Rusya Devlet Ba\u015fkan\u0131 Putin ile g\u00f6r\u00fc\u015ft\u00fc. Erdo\u011fan ve Putin\u2019in Rus Sanatoryum\u2019daki g\u00f6r\u00fc\u015fmesi sosyal medyada da g\u00fcndem oldu. G\u00fcn\u00fcn en \u00f6nemli man\u015fetlerinden biri olan kritik g\u00f6r\u00fc\u015fmeye sehpa detay\u0131 damga vurdu. \u0130ki liderin g\u00f6r\u00fc\u015fmesinin bas\u0131na a\u00e7\u0131k k\u0131sm\u0131nda objektiflere yans\u0131yan sehpa detay\u0131 ise dikkatlerden ka\u00e7mad\u0131. Putin-Erdo\u011fan g\u00f6r\u00fc\u015fmesinde dikkat \u00e7eken sehpa detay\u0131 g\u00fcndeme bomba gibi d\u00fc\u015ft\u00fc. Rus yetkililer, Putin-Erdo\u011fan g\u00f6r\u00fc\u015fmesine k\u00fc\u00e7\u00fck bir masa koyarak yak\u0131nl\u0131k mesaj\u0131 verdi. Daha \u00f6nce Macron ile g\u00f6r\u00fc\u015fen Putin\u2019in bu g\u00f6r\u00fc\u015fmesindeki devasa masa yine \u00e7ok konu\u015fulmu\u015ftu. Bu durumu yorumlayan siyaset uzmanlar\u0131, Rusya ve Fransa aras\u0131ndaki ili\u015fkilerin kritik seviyede oldu\u011funu \u00f6ne s\u00fcrm\u00fc\u015ft\u00fc.<\/p>\n<p><strong>CUMHURBA\u015eKANI ERDO\u011eAN\u2019DAN A\u00c7IKLAMA<\/strong><\/p>\n<p>Cumhurba\u015fkan\u0131 Recep Tayyip Erdo\u011fan, Rusya Devlet Ba\u015fkan\u0131 Vladimir Putin ile g\u00f6r\u00fc\u015fmek i\u00e7in bug\u00fcn So\u00e7i\u2019ye gitti. \u0130ki liderin g\u00f6r\u00fc\u015fmesinde samimi anlar ya\u015fand\u0131. Liderlerin g\u00f6r\u00fc\u015fmesinin bas\u0131na a\u00e7\u0131k k\u0131sm\u0131nda g\u00fcndeme dair de\u011ferlendirmelerde bulunan Cumhurba\u015fkan\u0131 Erdo\u011fan, tah\u0131l anla\u015fmas\u0131yla ilgili geli\u015fmeleri ve Suriye\u2019deki geli\u015fmelerin ele al\u0131naca\u011f\u0131n\u0131 belirtti. Ayr\u0131ca Akkuyu N\u00fckleer Santrali ile ilgili de detayl\u0131 bir g\u00f6r\u00fc\u015fme yap\u0131laca\u011f\u0131n\u0131 aktard\u0131.<\/p>\n<p><img loading=\"lazy\" decoding=\"async\" class=\"aligncenter wp-image-32238 size-full\" src=\"https:\/\/adanaseshaber.com.tr\/wp-content\/uploads\/2022\/08\/erdogan-putin-gorusmesine-damga-vuran-sehpa-detayi-1.jpg\" alt=\"\" width=\"1280\" height=\"720\" srcset=\"https:\/\/adanaseshaber.com.tr\/wp-content\/uploads\/2022\/08\/erdogan-putin-gorusmesine-damga-vuran-sehpa-detayi-1.jpg 1280w, https:\/\/adanaseshaber.com.tr\/wp-content\/uploads\/2022\/08\/erdogan-putin-gorusmesine-damga-vuran-sehpa-detayi-1-300x169.jpg 300w, https:\/\/adanaseshaber.com.tr\/wp-content\/uploads\/2022\/08\/erdogan-putin-gorusmesine-damga-vuran-sehpa-detayi-1-1024x576.jpg 1024w, https:\/\/adanaseshaber.com.tr\/wp-content\/uploads\/2022\/08\/erdogan-putin-gorusmesine-damga-vuran-sehpa-detayi-1-768x432.jpg 768w, https:\/\/adanaseshaber.com.tr\/wp-content\/uploads\/2022\/08\/erdogan-putin-gorusmesine-damga-vuran-sehpa-detayi-1-390x220.jpg 390w\" sizes=\"auto, (max-width: 1280px) 100vw, 1280px\" \/><\/p>\n<p><strong>SEHPA DETAYI G\u00dcNDEM OLDU<\/strong><\/p>\n<p>Erdo\u011fan-Putin g\u00f6r\u00fc\u015fmesine damga vuran bir detay da g\u00f6zlerden ka\u00e7mad\u0131. G\u00f6r\u00fc\u015fme esnas\u0131nda Rus taraf\u0131n\u0131n kulland\u0131\u011f\u0131 sade ve k\u00fc\u00e7\u00fck sehpa objektiflere yans\u0131d\u0131. Siyaset uzmanlar\u0131ndan durum de\u011ferlendirmesi gecikmedi. Uzmanlar, iki \u00fclkenin liderlerinin yak\u0131n temas halinde oldu\u011fu ve ili\u015fkilerin iyi olmas\u0131 olarak yorumlar yapt\u0131.<\/p>\n<p><img loading=\"lazy\" decoding=\"async\" class=\"aligncenter wp-image-32241 size-full\" src=\"https:\/\/adanaseshaber.com.tr\/wp-content\/uploads\/2022\/08\/erdogan-putin-gorusmesine-damga-vuran-sehpa-detayi-2.jpg\" alt=\"\" width=\"1280\" height=\"720\" srcset=\"https:\/\/adanaseshaber.com.tr\/wp-content\/uploads\/2022\/08\/erdogan-putin-gorusmesine-damga-vuran-sehpa-detayi-2.jpg 1280w, https:\/\/adanaseshaber.com.tr\/wp-content\/uploads\/2022\/08\/erdogan-putin-gorusmesine-damga-vuran-sehpa-detayi-2-300x169.jpg 300w, https:\/\/adanaseshaber.com.tr\/wp-content\/uploads\/2022\/08\/erdogan-putin-gorusmesine-damga-vuran-sehpa-detayi-2-1024x576.jpg 1024w, https:\/\/adanaseshaber.com.tr\/wp-content\/uploads\/2022\/08\/erdogan-putin-gorusmesine-damga-vuran-sehpa-detayi-2-768x432.jpg 768w, https:\/\/adanaseshaber.com.tr\/wp-content\/uploads\/2022\/08\/erdogan-putin-gorusmesine-damga-vuran-sehpa-detayi-2-390x220.jpg 390w\" sizes=\"auto, (max-width: 1280px) 100vw, 1280px\" \/><\/p>\n<p><strong>MACRON\u2019LA G\u00d6R\u00dc\u015eMEDE DEVASA B\u0130R MASA KULLANILMI\u015eTI<\/strong><\/p>\n<p>\u00d6te yandan geride b\u0131rakt\u0131\u011f\u0131m\u0131z aylarda Fransa Cumhurba\u015fkan\u0131 Emmanuel Macron ile g\u00f6r\u00fc\u015fen Rusya Devlet Ba\u015fkan\u0131 Putin, s\u00f6z konusu g\u00f6r\u00fc\u015fmede devasa bir masa kullanm\u0131\u015ft\u0131. G\u00f6r\u00fc\u015fmenin bas\u0131na a\u00e7\u0131k k\u0131s\u0131mlar\u0131nda ise Putin\u2019in sert y\u00fcz ifadesi objektiflere tak\u0131lm\u0131\u015ft\u0131.<\/p>\n","protected":false},"excerpt":{"rendered":"<p>Cumhurba\u015fkan\u0131 Recep Tayyip Erdo\u011fan, Rusya Devlet Ba\u015fkan\u0131 Putin ile g\u00f6r\u00fc\u015ft\u00fc. Erdo\u011fan ve Putin\u2019in Rus Sanatoryum\u2019daki g\u00f6r\u00fc\u015fmesi sosyal medyada da g\u00fcndem oldu. G\u00fcn\u00fcn en \u00f6nemli man\u015fetlerinden biri olan kritik g\u00f6r\u00fc\u015fmeye sehpa detay\u0131 damga vurdu. \u0130ki liderin g\u00f6r\u00fc\u015fmesinin bas\u0131na a\u00e7\u0131k k\u0131sm\u0131nda objektiflere yans\u0131yan sehpa detay\u0131 ise dikkatlerden ka\u00e7mad\u0131. Putin-Erdo\u011fan g\u00f6r\u00fc\u015fmesinde dikkat \u00e7eken sehpa detay\u0131 g\u00fcndeme bomba gibi &hellip;<\/p>\n","protected":false},"author":6,"featured_media":32235,"comment_status":"closed","ping_status":"closed","sticky":false,"template":"","format":"standard","meta":{"footnotes":""},"categories":[1],"tags":[],"class_list":["post-32234","post","type-post","status-publish","format-standard","has-post-thumbnail","hentry","category-genel"],"amp_enabled":true,"_links":{"self":[{"href":"https:\/\/adanaseshaber.com.tr\/index.php?rest_route=\/wp\/v2\/posts\/32234","targetHints":{"allow":["GET"]}}],"collection":[{"href":"https:\/\/adanaseshaber.com.tr\/index.php?rest_route=\/wp\/v2\/posts"}],"about":[{"href":"https:\/\/adanaseshaber.com.tr\/index.php?rest_route=\/wp\/v2\/types\/post"}],"author":[{"embeddable":true,"href":"https:\/\/adanaseshaber.com.tr\/index.php?rest_route=\/wp\/v2\/users\/6"}],"replies":[{"embeddable":true,"href":"https:\/\/adanaseshaber.com.tr\/index.php?rest_route=%2Fwp%2Fv2%2Fcomments&post=32234"}],"version-history":[{"count":3,"href":"https:\/\/adanaseshaber.com.tr\/index.php?rest_route=\/wp\/v2\/posts\/32234\/revisions"}],"predecessor-version":[{"id":32242,"href":"https:\/\/adanaseshaber.com.tr\/index.php?rest_route=\/wp\/v2\/posts\/32234\/revisions\/32242"}],"wp:featuredmedia":[{"embeddable":true,"href":"https:\/\/adanaseshaber.com.tr\/index.php?rest_route=\/wp\/v2\/media\/32235"}],"wp:attachment":[{"href":"https:\/\/adanaseshaber.com.tr\/index.php?rest_route=%2Fwp%2Fv2%2Fmedia&parent=32234"}],"wp:term":[{"taxonomy":"category","embeddable":true,"href":"https:\/\/adanaseshaber.com.tr\/index.php?rest_route=%2Fwp%2Fv2%2Fcategories&post=32234"},{"taxonomy":"post_tag","embeddable":true,"href":"https:\/\/adanaseshaber.com.tr\/index.php?rest_route=%2Fwp%2Fv2%2Ftags&post=32234"}],"curies":[{"name":"wp","href":"https:\/\/api.w.org\/{rel}","templated":true}]}}