{"id":32286,"date":"2022-08-05T21:42:14","date_gmt":"2022-08-05T18:42:14","guid":{"rendered":"https:\/\/www.adanaseshaber.com\/?p=32286"},"modified":"2022-08-05T21:44:32","modified_gmt":"2022-08-05T18:44:32","slug":"yarginin-incisi-ece-yuksel-cocukluk-askiyla-evlendi","status":"publish","type":"post","link":"https:\/\/adanaseshaber.com.tr\/?p=32286","title":{"rendered":"Yarg\u0131\u2019n\u0131n \u0130nci\u2019si Ece Y\u00fcksel \u00e7ocukluk a\u015fk\u0131yla evlendi"},"content":{"rendered":"<p>Kanal D ekranlar\u0131nda yay\u0131nlanan Yarg\u0131 dizisinde \u0130nci karakterine hayat veren oyuncu Ece Y\u00fcksel, \u00e7ocukluk a\u015fk\u0131yla nikah masas\u0131na oturdu. Sessiz sedas\u0131z evlenen \u00fcnl\u00fcler kervan\u0131na kat\u0131lan Ece Y\u00fcksel, Martin Wevers ile d\u00fcnya evine girdi. \u00c7ift, aile aras\u0131nda yap\u0131lan bir t\u00f6renle nikah masas\u0131na oturdu. K\u0131sa s\u00fcrede g\u00fcndem olan evlilik haberinin ard\u0131ndan Ece Y\u00fcksel\u2019in gelinlikli foto\u011fraflar\u0131 merak edildi. Sessiz sedas\u0131z evlenen oyuncu Ece Y\u00fcksel, evlendi\u011fini sosyal medya hesab\u0131ndan duyurdu. \u00c7ocukluk a\u015fk\u0131 Martin Wevers ile aile aras\u0131nda sade bir t\u00f6renle nikah amas\u0131na oturan g\u00fczel oyuncu nikah i\u00e7in sade bir elbise tercih etti. \u00c7iftin Haziran ay\u0131nda ni\u015fanland\u0131\u011f\u0131 ve seneye d\u00fc\u011f\u00fcn yapacaklar\u0131 \u00f6\u011frenildi. \u0130\u015fte detaylar\u2026<\/p>\n<p><strong>ECE Y\u00dcKSEK EVLEND\u0130<\/strong><\/p>\n<p>Kanal D ekranlar\u0131nda yay\u0131nlanan Yarg\u0131 dizisinde \u0130nci karakterine hayat veren ve A\u015fk 101 dizisinde de rol \u00fcstlenen Ece Y\u00fcksel, sosyal medya hesab\u0131ndan yapt\u0131\u011f\u0131 payla\u015f\u0131mla evlendi\u011fini duyurdu. Bug\u00fcn sosyal medya hesab\u0131ndan bir payla\u015f\u0131m yapan ve evlendi\u011fini a\u00e7\u0131klayan oyuncunun bu haberi takip\u00e7ilerini \u015fa\u015fk\u0131na \u00e7evirdi.<\/p>\n<p><img loading=\"lazy\" decoding=\"async\" class=\"aligncenter wp-image-32289 size-full\" src=\"https:\/\/adanaseshaber.com.tr\/wp-content\/uploads\/2022\/08\/yarginin-incisi-ece-yuksel-cocukluk-askiyla-evlendi-1.jpg\" alt=\"\" width=\"1280\" height=\"720\" srcset=\"https:\/\/adanaseshaber.com.tr\/wp-content\/uploads\/2022\/08\/yarginin-incisi-ece-yuksel-cocukluk-askiyla-evlendi-1.jpg 1280w, https:\/\/adanaseshaber.com.tr\/wp-content\/uploads\/2022\/08\/yarginin-incisi-ece-yuksel-cocukluk-askiyla-evlendi-1-300x169.jpg 300w, https:\/\/adanaseshaber.com.tr\/wp-content\/uploads\/2022\/08\/yarginin-incisi-ece-yuksel-cocukluk-askiyla-evlendi-1-1024x576.jpg 1024w, https:\/\/adanaseshaber.com.tr\/wp-content\/uploads\/2022\/08\/yarginin-incisi-ece-yuksel-cocukluk-askiyla-evlendi-1-768x432.jpg 768w, https:\/\/adanaseshaber.com.tr\/wp-content\/uploads\/2022\/08\/yarginin-incisi-ece-yuksel-cocukluk-askiyla-evlendi-1-390x220.jpg 390w\" sizes=\"auto, (max-width: 1280px) 100vw, 1280px\" \/><\/p>\n<p><strong>SOSYAL MEDYADAN DUYURDU<\/strong><\/p>\n<p>24 ya\u015f\u0131ndaki g\u00fczel oyuncu \u00e7ocukluk a\u015fk\u0131 Martin Wevers ile hayat\u0131n\u0131 birle\u015ftirdi. \u00c7ift, aile aras\u0131nda sade bir nikahla d\u00fcnya evine girdi. Evlilik haberini sosyal medya hesab\u0131ndan duyuran Y\u00fcksel, \u2018Biz bug\u00fcn evlendik. D\u00fc\u011f\u00fcn\u00fcm\u00fcz\u00fc seneye sevdiklerimizle kutlayaca\u011f\u0131z.\u2019 notunu d\u00fc\u015ft\u00fc.<\/p>\n<p><strong>HAZ\u0130RAN AYINDA N\u0130\u015eANLANMI\u015eLARDI<\/strong><\/p>\n<p>Ece Y\u00fcksel ve Martin Wevers \u00e7ifti Haziran ay\u0131nda ni\u015fanlanm\u0131\u015flard\u0131. \u00c7iftin nikah foto\u011fraflar\u0131 da b\u00fcy\u00fck ilgi g\u00f6rd\u00fc.<\/p>\n","protected":false},"excerpt":{"rendered":"<p>Kanal D ekranlar\u0131nda yay\u0131nlanan Yarg\u0131 dizisinde \u0130nci karakterine hayat veren oyuncu Ece Y\u00fcksel, \u00e7ocukluk a\u015fk\u0131yla nikah masas\u0131na oturdu. Sessiz sedas\u0131z evlenen \u00fcnl\u00fcler kervan\u0131na kat\u0131lan Ece Y\u00fcksel, Martin Wevers ile d\u00fcnya evine girdi. \u00c7ift, aile aras\u0131nda yap\u0131lan bir t\u00f6renle nikah masas\u0131na oturdu. K\u0131sa s\u00fcrede g\u00fcndem olan evlilik haberinin ard\u0131ndan Ece Y\u00fcksel\u2019in gelinlikli foto\u011fraflar\u0131 merak edildi. Sessiz &hellip;<\/p>\n","protected":false},"author":6,"featured_media":32287,"comment_status":"closed","ping_status":"closed","sticky":false,"template":"","format":"standard","meta":{"footnotes":""},"categories":[15431],"tags":[],"class_list":["post-32286","post","type-post","status-publish","format-standard","has-post-thumbnail","hentry","category-medya"],"amp_enabled":true,"_links":{"self":[{"href":"https:\/\/adanaseshaber.com.tr\/index.php?rest_route=\/wp\/v2\/posts\/32286","targetHints":{"allow":["GET"]}}],"collection":[{"href":"https:\/\/adanaseshaber.com.tr\/index.php?rest_route=\/wp\/v2\/posts"}],"about":[{"href":"https:\/\/adanaseshaber.com.tr\/index.php?rest_route=\/wp\/v2\/types\/post"}],"author":[{"embeddable":true,"href":"https:\/\/adanaseshaber.com.tr\/index.php?rest_route=\/wp\/v2\/users\/6"}],"replies":[{"embeddable":true,"href":"https:\/\/adanaseshaber.com.tr\/index.php?rest_route=%2Fwp%2Fv2%2Fcomments&post=32286"}],"version-history":[{"count":3,"href":"https:\/\/adanaseshaber.com.tr\/index.php?rest_route=\/wp\/v2\/posts\/32286\/revisions"}],"predecessor-version":[{"id":32291,"href":"https:\/\/adanaseshaber.com.tr\/index.php?rest_route=\/wp\/v2\/posts\/32286\/revisions\/32291"}],"wp:featuredmedia":[{"embeddable":true,"href":"https:\/\/adanaseshaber.com.tr\/index.php?rest_route=\/wp\/v2\/media\/32287"}],"wp:attachment":[{"href":"https:\/\/adanaseshaber.com.tr\/index.php?rest_route=%2Fwp%2Fv2%2Fmedia&parent=32286"}],"wp:term":[{"taxonomy":"category","embeddable":true,"href":"https:\/\/adanaseshaber.com.tr\/index.php?rest_route=%2Fwp%2Fv2%2Fcategories&post=32286"},{"taxonomy":"post_tag","embeddable":true,"href":"https:\/\/adanaseshaber.com.tr\/index.php?rest_route=%2Fwp%2Fv2%2Ftags&post=32286"}],"curies":[{"name":"wp","href":"https:\/\/api.w.org\/{rel}","templated":true}]}}