{"id":32294,"date":"2022-08-05T22:12:00","date_gmt":"2022-08-05T19:12:00","guid":{"rendered":"https:\/\/www.adanaseshaber.com\/?p=32294"},"modified":"2022-08-05T22:16:16","modified_gmt":"2022-08-05T19:16:16","slug":"hilal-cebeci-kansere-yakalandi","status":"publish","type":"post","link":"https:\/\/adanaseshaber.com.tr\/?p=32294","title":{"rendered":"Hilal Cebeci kansere yakaland\u0131"},"content":{"rendered":"<p>\u00dcnl\u00fc \u015fark\u0131c\u0131 Hilal Cebeci, sosyal medya hesab\u0131ndan yapt\u0131\u011f\u0131 payla\u015f\u0131mla meme kanserine yakaland\u0131\u011f\u0131n\u0131 duyurdu. K\u00f6yl\u00fc G\u00fczeli \u015fark\u0131s\u0131yla haf\u0131zalarda yer edinen Cebeci, sosyal medya hesab\u0131ndan yapt\u0131\u011f\u0131 payla\u015f\u0131mla meme kanserine yakaland\u0131\u011f\u0131n\u0131 duyurdu. Te\u015fhis konulduktan sonra hemen tedaviye ba\u015fland\u0131\u011f\u0131n\u0131 s\u00f6yleyen \u015fark\u0131c\u0131 iyi oldu\u011funu s\u00f6yledi. 46 ya\u015f\u0131ndaki \u015fark\u0131c\u0131 Hilal Cebeci, sosyal medya hesab\u0131ndan kansere yakaland\u0131\u011f\u0131n\u0131 duyurdu. Yapt\u0131\u011f\u0131 payla\u015f\u0131mla meme kanserine yakaland\u0131\u011f\u0131n\u0131 duyuran Cebeci, \u2018Meme kanseri tespit edildi bende arkada\u015flar korkmay\u0131n \u00e7ok iyiyim\u2019 dedi. Sosyal medya hesab\u0131ndan yapt\u0131\u011f\u0131 payla\u015f\u0131mla erken te\u015fhisin \u00f6nemine dikkat \u00e7eken \u015fark\u0131c\u0131 sa\u011fl\u0131k durumunun iyi oldu\u011funu ve ameliyat olaca\u011f\u0131n\u0131 s\u00f6yledi.<\/p>\n<p><strong>MEME KANSER\u0130NE YAKALANDI<\/strong><\/p>\n<p>K\u00f6yl\u00fc G\u00fczeli \u015fark\u0131s\u0131yla haf\u0131zalarda yer edinen \u00fcnl\u00fc \u015fark\u0131c\u0131 Hilal Cebeci meme kanserine yakaland\u0131. Sosyal medya hesab\u0131 \u00fczerinden yapt\u0131\u011f\u0131 payla\u015f\u0131mla kendisine meme kanseri te\u015fhisi konuldu\u011funu s\u00f6yleyen Cebeci, erken te\u015fhisin \u00f6nemine de dikkat \u00e7ekti. Sa\u011fl\u0131k durumunun iyi oldu\u011funu s\u00f6yleyen Cebeci, ameliyat olaca\u011f\u0131n\u0131 aktard\u0131.<\/p>\n<p><strong>\u2018KORKMAYIN \u00c7OK \u0130Y\u0130Y\u0130M\u2019<\/strong><\/p>\n<p>Sosyal medya hesab\u0131ndan yapt\u0131\u011f\u0131 payla\u015f\u0131mla erken te\u015fhisin \u00f6nemine dikkat \u00e7eken \u00fcnl\u00fc \u015fark\u0131c\u0131 Hilal Cebeci, patoloji raporunu payla\u015ft\u0131 ve \u2018Meme kanseri tespit edildi bende arkada\u015flar korkmay\u0131n \u00e7ok iyiyim.\u2019 notunu d\u00fc\u015ft\u00fc.<\/p>\n<p><img loading=\"lazy\" decoding=\"async\" class=\"aligncenter wp-image-32299 size-full\" src=\"https:\/\/adanaseshaber.com.tr\/wp-content\/uploads\/2022\/08\/hilal-cebeci-kansere-yakalandi-1.jpg\" alt=\"\" width=\"1280\" height=\"720\" srcset=\"https:\/\/adanaseshaber.com.tr\/wp-content\/uploads\/2022\/08\/hilal-cebeci-kansere-yakalandi-1.jpg 1280w, https:\/\/adanaseshaber.com.tr\/wp-content\/uploads\/2022\/08\/hilal-cebeci-kansere-yakalandi-1-300x169.jpg 300w, https:\/\/adanaseshaber.com.tr\/wp-content\/uploads\/2022\/08\/hilal-cebeci-kansere-yakalandi-1-1024x576.jpg 1024w, https:\/\/adanaseshaber.com.tr\/wp-content\/uploads\/2022\/08\/hilal-cebeci-kansere-yakalandi-1-768x432.jpg 768w, https:\/\/adanaseshaber.com.tr\/wp-content\/uploads\/2022\/08\/hilal-cebeci-kansere-yakalandi-1-390x220.jpg 390w\" sizes=\"auto, (max-width: 1280px) 100vw, 1280px\" \/><\/p>\n<p><strong>\u2018KONTROLLER\u0130N\u0130Z\u0130 \u0130HMAL ETMEY\u0130N\u2019<\/strong><\/p>\n<p>Sa\u011f g\u00f6\u011fs\u00fcnde kanserli h\u00fccre tespit edildi\u011fini s\u00f6yleyen Cebeci, \u2018Korkmay\u0131n ben \u00e7ok iyiyim. S\u00fcrekli payla\u015f\u0131m istiyorsunuz ama biraz yo\u011funum. \u00c7ok ba\u015f\u0131nda yakalad\u0131k, ameliyat olaca\u011f\u0131m, ge\u00e7ip gidecek \u00fcz\u00fclmeyin\u2019 ifadelerine yer verdi. Payla\u015f\u0131m\u0131nda erken te\u015fhisin \u00f6nemine de dikkat \u00e7eken Cebeci, \u2018L\u00fctfen meme kontrollerinizi ihmal etmeyin ki ba\u015f\u0131nda yakalay\u0131p sa\u011fl\u0131kl\u0131 bir \u00f6m\u00fcr s\u00fcrmeniz sa\u011flans\u0131n. Hepinizi \u00e7ok seviyorum.\u2019 dedi.<\/p>\n<p><strong>PAYLA\u015eIMINI S\u0130LMEK ZORUNDA KALDI<\/strong><\/p>\n<p>Hastal\u0131\u011f\u0131n\u0131 fark\u0131ndal\u0131k yaratmak i\u00e7in payla\u015ft\u0131\u011f\u0131n\u0131 s\u00f6yleyen \u015fark\u0131c\u0131 Hilal Cebeci, dakikalar sonra payla\u015f\u0131m\u0131n\u0131 sildi. Hemen ard\u0131ndan bir video yay\u0131nlayan Cebeci, e\u015fi k\u0131zd\u0131\u011f\u0131 i\u00e7in payla\u015f\u0131m\u0131n\u0131 silmek zorunda oldu\u011funu belirtti.<\/p>\n","protected":false},"excerpt":{"rendered":"<p>\u00dcnl\u00fc \u015fark\u0131c\u0131 Hilal Cebeci, sosyal medya hesab\u0131ndan yapt\u0131\u011f\u0131 payla\u015f\u0131mla meme kanserine yakaland\u0131\u011f\u0131n\u0131 duyurdu. K\u00f6yl\u00fc G\u00fczeli \u015fark\u0131s\u0131yla haf\u0131zalarda yer edinen Cebeci, sosyal medya hesab\u0131ndan yapt\u0131\u011f\u0131 payla\u015f\u0131mla meme kanserine yakaland\u0131\u011f\u0131n\u0131 duyurdu. Te\u015fhis konulduktan sonra hemen tedaviye ba\u015fland\u0131\u011f\u0131n\u0131 s\u00f6yleyen \u015fark\u0131c\u0131 iyi oldu\u011funu s\u00f6yledi. 46 ya\u015f\u0131ndaki \u015fark\u0131c\u0131 Hilal Cebeci, sosyal medya hesab\u0131ndan kansere yakaland\u0131\u011f\u0131n\u0131 duyurdu. Yapt\u0131\u011f\u0131 payla\u015f\u0131mla meme kanserine &hellip;<\/p>\n","protected":false},"author":6,"featured_media":32297,"comment_status":"closed","ping_status":"closed","sticky":false,"template":"","format":"standard","meta":{"footnotes":""},"categories":[15431],"tags":[],"class_list":["post-32294","post","type-post","status-publish","format-standard","has-post-thumbnail","hentry","category-medya"],"amp_enabled":true,"_links":{"self":[{"href":"https:\/\/adanaseshaber.com.tr\/index.php?rest_route=\/wp\/v2\/posts\/32294","targetHints":{"allow":["GET"]}}],"collection":[{"href":"https:\/\/adanaseshaber.com.tr\/index.php?rest_route=\/wp\/v2\/posts"}],"about":[{"href":"https:\/\/adanaseshaber.com.tr\/index.php?rest_route=\/wp\/v2\/types\/post"}],"author":[{"embeddable":true,"href":"https:\/\/adanaseshaber.com.tr\/index.php?rest_route=\/wp\/v2\/users\/6"}],"replies":[{"embeddable":true,"href":"https:\/\/adanaseshaber.com.tr\/index.php?rest_route=%2Fwp%2Fv2%2Fcomments&post=32294"}],"version-history":[{"count":3,"href":"https:\/\/adanaseshaber.com.tr\/index.php?rest_route=\/wp\/v2\/posts\/32294\/revisions"}],"predecessor-version":[{"id":32301,"href":"https:\/\/adanaseshaber.com.tr\/index.php?rest_route=\/wp\/v2\/posts\/32294\/revisions\/32301"}],"wp:featuredmedia":[{"embeddable":true,"href":"https:\/\/adanaseshaber.com.tr\/index.php?rest_route=\/wp\/v2\/media\/32297"}],"wp:attachment":[{"href":"https:\/\/adanaseshaber.com.tr\/index.php?rest_route=%2Fwp%2Fv2%2Fmedia&parent=32294"}],"wp:term":[{"taxonomy":"category","embeddable":true,"href":"https:\/\/adanaseshaber.com.tr\/index.php?rest_route=%2Fwp%2Fv2%2Fcategories&post=32294"},{"taxonomy":"post_tag","embeddable":true,"href":"https:\/\/adanaseshaber.com.tr\/index.php?rest_route=%2Fwp%2Fv2%2Ftags&post=32294"}],"curies":[{"name":"wp","href":"https:\/\/api.w.org\/{rel}","templated":true}]}}