{"id":32311,"date":"2022-08-05T22:45:38","date_gmt":"2022-08-05T19:45:38","guid":{"rendered":"https:\/\/www.adanaseshaber.com\/?p=32311"},"modified":"2022-08-05T22:45:38","modified_gmt":"2022-08-05T19:45:38","slug":"cristiano-ronaldo-com-to-galatasaray-begenisiyle-galatasaray-taraftarini-heyecanlandirdi","status":"publish","type":"post","link":"https:\/\/adanaseshaber.com.tr\/?p=32311","title":{"rendered":"Cristiano Ronaldo Com to Galatasaray be\u011fenisiyle Galatasaray taraftar\u0131n\u0131 heyecanland\u0131rd\u0131"},"content":{"rendered":"<p>D\u00fcnyaca \u00fcnl\u00fc futbolcu Cristiano Ronaldo, Galatasaray taraftar\u0131n\u0131 heyecanland\u0131ran bir harekette bulundu. \u015eimdilerde Premier Lig ekibi Manchester United\u2019dan ayr\u0131laca\u011f\u0131 konu\u015fulan Ronaldo, sosyal medyada yapt\u0131\u011f\u0131 bir be\u011feniyle Galatasaray taraftar\u0131na b\u00fcy\u00fck bir heyecan ya\u015fatt\u0131. B\u00fct\u00fcn tak\u0131mlar\u0131 pe\u015finden ko\u015fturan Ronaldo, Com to Galatasaray be\u011fenisi ile g\u00fcndeme bomba gibi d\u00fc\u015ft\u00fc. Ronaldo\u2019nun Com to Galatsaray be\u011fenisinin ard\u0131ndan Galatsaray taraftarlar\u0131 sosyal medyada binlerce payla\u015f\u0131mda bulundu. Y\u0131ld\u0131z futbolcunun bu be\u011fenisi sar\u0131-k\u0131rm\u0131z\u0131l\u0131 taraftar\u0131 heyecanland\u0131r\u0131rken konuyla ilgili sosyal medyada binlerce payla\u015f\u0131m yap\u0131ld\u0131. Ronaldo\u2019nun be\u011fenisi sonras\u0131nda \u2018Com to Galatasaray\u2019 etiketi sosyal medyada ilk s\u0131ralarda yerini koruyor.<\/p>\n<p><strong>GALATASARAY TARAFTARINI HEYECANLANDIRAN BE\u011eEN\u0130<\/strong><\/p>\n<p>D\u00fcnyaca \u00fcnl\u00fc y\u0131ld\u0131z futbolcu Cristiano Ronaldo, Galatsaray taraftar\u0131n\u0131n sosyal medya \u00fczerinde payla\u015ft\u0131\u011f\u0131 Com to Galatasaray g\u00f6nderisini be\u011fendi. B\u00fct\u00fcn tak\u0131mlar\u0131n pe\u015finden ko\u015ftu\u011fu y\u0131ld\u0131z futbolcu bu be\u011fenisiyle Galatasaray taraftar\u0131n\u0131 heyecanland\u0131rd\u0131. Ronaldo\u2019nun bu be\u011fenisi sonras\u0131nda yer yerinden oynad\u0131. Sar\u0131-k\u0131rm\u0131z\u0131l\u0131 taraftarlar sosyal medyada binlerce payla\u015f\u0131m yaparken Ronaldo\u2019nun be\u011fenisi de sosyal medyan\u0131n en \u00e7ok konu\u015fulan konusu oldu.<\/p>\n<p><img loading=\"lazy\" decoding=\"async\" class=\"aligncenter wp-image-32313 size-full\" src=\"https:\/\/adanaseshaber.com.tr\/wp-content\/uploads\/2022\/08\/cristiano-ronaldo-com-to-galatasaray-begenisiyle-galatasaray-taraftarini-heyecanlandirdi-1.jpg\" alt=\"\" width=\"1280\" height=\"720\" srcset=\"https:\/\/adanaseshaber.com.tr\/wp-content\/uploads\/2022\/08\/cristiano-ronaldo-com-to-galatasaray-begenisiyle-galatasaray-taraftarini-heyecanlandirdi-1.jpg 1280w, https:\/\/adanaseshaber.com.tr\/wp-content\/uploads\/2022\/08\/cristiano-ronaldo-com-to-galatasaray-begenisiyle-galatasaray-taraftarini-heyecanlandirdi-1-300x169.jpg 300w, https:\/\/adanaseshaber.com.tr\/wp-content\/uploads\/2022\/08\/cristiano-ronaldo-com-to-galatasaray-begenisiyle-galatasaray-taraftarini-heyecanlandirdi-1-1024x576.jpg 1024w, https:\/\/adanaseshaber.com.tr\/wp-content\/uploads\/2022\/08\/cristiano-ronaldo-com-to-galatasaray-begenisiyle-galatasaray-taraftarini-heyecanlandirdi-1-768x432.jpg 768w, https:\/\/adanaseshaber.com.tr\/wp-content\/uploads\/2022\/08\/cristiano-ronaldo-com-to-galatasaray-begenisiyle-galatasaray-taraftarini-heyecanlandirdi-1-390x220.jpg 390w\" sizes=\"auto, (max-width: 1280px) 100vw, 1280px\" \/><\/p>\n<p><strong>SOSYAL MEDYADA \u0130LK SIRADA<\/strong><\/p>\n<p>Spor man\u015fetlerine bomba gibi d\u00fc\u015fen be\u011feni Galatasaray taraftar\u0131na b\u00fcy\u00fck heyecan ya\u015fatt\u0131. Manchester United\u2019dan ayr\u0131laca\u011f\u0131 konu\u015fulan d\u00fcnyaca \u00fcnl\u00fc futbolcu Cristiano Ronaldo, t\u00fcm tak\u0131mlar\u0131 pe\u015finden ko\u015fturan d\u00fcnya \u00e7ap\u0131nda herkesi kendine hayran b\u0131rakan bir isim olarak g\u00fcndemden d\u00fc\u015fm\u00fcyor. Tak\u0131m\u0131ndan ayr\u0131laca\u011f\u0131 konu\u015fulan Ronaldo i\u00e7in Galatasaray taraftar\u0131 \u2018Com to Galatasaray\u2019 yorumlar\u0131 yapmaya ba\u015flad\u0131. Ronaldo, Galatasaray taraftar\u0131n\u0131n yapt\u0131\u011f\u0131 Com to Galatasaray yorumunu be\u011fenerek sar\u0131-k\u0131rm\u0131z\u0131l\u0131lara b\u00fcy\u00fck bir heyecan ya\u015fatt\u0131. Sosyal medyan\u0131n g\u00fcndemine oturan be\u011feniyle ilgili yorum ya\u011fd\u0131.<\/p>\n<p>&nbsp;<\/p>\n","protected":false},"excerpt":{"rendered":"<p>D\u00fcnyaca \u00fcnl\u00fc futbolcu Cristiano Ronaldo, Galatasaray taraftar\u0131n\u0131 heyecanland\u0131ran bir harekette bulundu. \u015eimdilerde Premier Lig ekibi Manchester United\u2019dan ayr\u0131laca\u011f\u0131 konu\u015fulan Ronaldo, sosyal medyada yapt\u0131\u011f\u0131 bir be\u011feniyle Galatasaray taraftar\u0131na b\u00fcy\u00fck bir heyecan ya\u015fatt\u0131. B\u00fct\u00fcn tak\u0131mlar\u0131 pe\u015finden ko\u015fturan Ronaldo, Com to Galatasaray be\u011fenisi ile g\u00fcndeme bomba gibi d\u00fc\u015ft\u00fc. Ronaldo\u2019nun Com to Galatsaray be\u011fenisinin ard\u0131ndan Galatsaray taraftarlar\u0131 sosyal medyada &hellip;<\/p>\n","protected":false},"author":6,"featured_media":32312,"comment_status":"closed","ping_status":"closed","sticky":false,"template":"","format":"standard","meta":{"footnotes":""},"categories":[5],"tags":[],"class_list":["post-32311","post","type-post","status-publish","format-standard","has-post-thumbnail","hentry","category-spor"],"amp_enabled":true,"_links":{"self":[{"href":"https:\/\/adanaseshaber.com.tr\/index.php?rest_route=\/wp\/v2\/posts\/32311","targetHints":{"allow":["GET"]}}],"collection":[{"href":"https:\/\/adanaseshaber.com.tr\/index.php?rest_route=\/wp\/v2\/posts"}],"about":[{"href":"https:\/\/adanaseshaber.com.tr\/index.php?rest_route=\/wp\/v2\/types\/post"}],"author":[{"embeddable":true,"href":"https:\/\/adanaseshaber.com.tr\/index.php?rest_route=\/wp\/v2\/users\/6"}],"replies":[{"embeddable":true,"href":"https:\/\/adanaseshaber.com.tr\/index.php?rest_route=%2Fwp%2Fv2%2Fcomments&post=32311"}],"version-history":[{"count":2,"href":"https:\/\/adanaseshaber.com.tr\/index.php?rest_route=\/wp\/v2\/posts\/32311\/revisions"}],"predecessor-version":[{"id":32315,"href":"https:\/\/adanaseshaber.com.tr\/index.php?rest_route=\/wp\/v2\/posts\/32311\/revisions\/32315"}],"wp:featuredmedia":[{"embeddable":true,"href":"https:\/\/adanaseshaber.com.tr\/index.php?rest_route=\/wp\/v2\/media\/32312"}],"wp:attachment":[{"href":"https:\/\/adanaseshaber.com.tr\/index.php?rest_route=%2Fwp%2Fv2%2Fmedia&parent=32311"}],"wp:term":[{"taxonomy":"category","embeddable":true,"href":"https:\/\/adanaseshaber.com.tr\/index.php?rest_route=%2Fwp%2Fv2%2Fcategories&post=32311"},{"taxonomy":"post_tag","embeddable":true,"href":"https:\/\/adanaseshaber.com.tr\/index.php?rest_route=%2Fwp%2Fv2%2Ftags&post=32311"}],"curies":[{"name":"wp","href":"https:\/\/api.w.org\/{rel}","templated":true}]}}