{"id":32316,"date":"2022-08-05T23:19:35","date_gmt":"2022-08-05T20:19:35","guid":{"rendered":"https:\/\/www.adanaseshaber.com\/?p=32316"},"modified":"2022-08-05T23:19:41","modified_gmt":"2022-08-05T20:19:41","slug":"osym-2022-2023-yeni-sinav-takvimi-kpss-sinavlari-ne-zaman-yapilacak","status":"publish","type":"post","link":"https:\/\/adanaseshaber.com.tr\/?p=32316","title":{"rendered":"\u00d6SYM 2022-2023 yeni s\u0131nav takvimi! KPSS s\u0131navlar\u0131 ne zaman yap\u0131lacak?"},"content":{"rendered":"<p>31 Temmuz 2022 Pazar g\u00fcn\u00fc ger\u00e7ekle\u015ftirilen KPSS s\u0131nav\u0131 sorular\u0131n s\u0131zd\u0131r\u0131ld\u0131\u011f\u0131na dair iddialar\u0131n ard\u0131ndan iptal edilmi\u015fti. 1 milyon 600 bin gencin kat\u0131ld\u0131\u011f\u0131 s\u0131nav\u0131n iptalinin ard\u0131ndan g\u00f6zler yeni s\u0131nav tarihine \u00e7evrildi. Yeni \u00d6SYM Ba\u015fkan\u0131 Bayram Ali Ersoy, yeni KPSS takviminin en k\u0131sa s\u00fcrede a\u00e7\u0131klanaca\u011f\u0131n\u0131 aktarm\u0131\u015ft\u0131. Milyonlarca aday KPSS s\u0131nav tarihlerini ara\u015ft\u0131rmaya devam ediyor. 2022 KPSS Lisans oturumundaki baz\u0131 sorular\u0131n bir yay\u0131nevinin deneme sorular\u0131yla ayn\u0131 \u00e7\u0131kmas\u0131n\u0131n ard\u0131ndan s\u0131nav iptal edilmi\u015fti. Yeni s\u0131nav tarihleri i\u00e7in g\u00f6zler \u00d6SYM\u2019ye \u00e7evrildi. Peki, KPSS s\u0131navlar\u0131 ne zaman yap\u0131lacak? KPSS s\u0131nav tarihleri a\u00e7\u0131kland\u0131 m\u0131? \u00d6SYM 2022-2023 yeni s\u0131nav takvimi a\u00e7\u0131kland\u0131 m\u0131? \u0130\u015fte detaylar\u2026<\/p>\n<p><strong>2022 KPSS \u0130PTAL ED\u0130LD\u0130<\/strong><\/p>\n<p>Geride b\u0131rakt\u0131\u011f\u0131m\u0131z Pazar g\u00fcn\u00fc ger\u00e7ekle\u015ftirilen 2022 KPSS Lisans oturumu s\u0131nav sorular\u0131n\u0131n s\u0131zd\u0131r\u0131ld\u0131\u011f\u0131 iddias\u0131yla iptal edildi. G\u00fcndemi sarsan olay\u0131n ard\u0131ndan \u00d6SYM Ba\u015fkan\u0131 Prof. Dr. Halis Ayg\u00fcn g\u00f6revden al\u0131nd\u0131 ve yerine Prof. Dr. Bayram Ali Ersoy atand\u0131. S\u0131nav\u0131n iptal oldu\u011funa dair duyuruyu da yen. \u00d6SYM Ba\u015fkan\u0131 Ersoy yapt\u0131. KPSS Lisans oturumunun iptalinin ard\u0131ndan 6-7 A\u011fustos ve 14 A\u011fustos 2022 tarihlerinde yap\u0131lacak olan KPSS oturumlar\u0131 da ertelendi.<\/p>\n<p><strong>\u00d6SYM 2022-2023 SINAV TAKV\u0130M\u0130 NE ZAMAN BA\u015eLAYACAK?<\/strong><\/p>\n<p>KPSS s\u0131nav\u0131n\u0131n iptalinin ard\u0131ndan milyonlarca aday yeni takvimi merak etmeye ba\u015flad\u0131. Konuyla ilgili bir duyuru yapan \u00d6SYM, yeni takvimin 17 Eyl\u00fcl tarihinde ba\u015flayaca\u011f\u0131n\u0131 a\u00e7\u0131klad\u0131.<\/p>\n<p><img loading=\"lazy\" decoding=\"async\" class=\"aligncenter wp-image-32318 size-full\" src=\"https:\/\/adanaseshaber.com.tr\/wp-content\/uploads\/2022\/08\/osym-2022-2023-yeni-sinav-takvimi-kpss-sinavlari-ne-zaman-yapilacak-1.jpg\" alt=\"\" width=\"1280\" height=\"720\" srcset=\"https:\/\/adanaseshaber.com.tr\/wp-content\/uploads\/2022\/08\/osym-2022-2023-yeni-sinav-takvimi-kpss-sinavlari-ne-zaman-yapilacak-1.jpg 1280w, https:\/\/adanaseshaber.com.tr\/wp-content\/uploads\/2022\/08\/osym-2022-2023-yeni-sinav-takvimi-kpss-sinavlari-ne-zaman-yapilacak-1-300x169.jpg 300w, https:\/\/adanaseshaber.com.tr\/wp-content\/uploads\/2022\/08\/osym-2022-2023-yeni-sinav-takvimi-kpss-sinavlari-ne-zaman-yapilacak-1-1024x576.jpg 1024w, https:\/\/adanaseshaber.com.tr\/wp-content\/uploads\/2022\/08\/osym-2022-2023-yeni-sinav-takvimi-kpss-sinavlari-ne-zaman-yapilacak-1-768x432.jpg 768w, https:\/\/adanaseshaber.com.tr\/wp-content\/uploads\/2022\/08\/osym-2022-2023-yeni-sinav-takvimi-kpss-sinavlari-ne-zaman-yapilacak-1-390x220.jpg 390w\" sizes=\"auto, (max-width: 1280px) 100vw, 1280px\" \/><\/p>\n<p><strong>BA\u015eVURU \u00dcCRET\u0130 ALINMAYACAK<\/strong><\/p>\n<p>Yeni s\u0131nav takvimi ile ilgili a\u00e7\u0131klama yapan \u00d6SYM, yeni KPSS takviminin 17 Eyl\u00fcl\u2019de ba\u015flayaca\u011f\u0131n\u0131 duyurdu. \u00d6te yandan s\u0131nav\u0131 iptal edilen KPSS adaylar\u0131ndan girecekleri yeni s\u0131navlar i\u00e7in herhangi bir \u00fccret talep edilmeyece\u011fi bilgisine de yer verildi. Adaylar\u0131n s\u0131nav merkezi de\u011fi\u015fikli\u011fi taleplerini A\u0130S \u00fczerinden ger\u00e7ekle\u015ftirebilecekleri de a\u00e7\u0131klamada yer ald\u0131.<\/p>\n","protected":false},"excerpt":{"rendered":"<p>31 Temmuz 2022 Pazar g\u00fcn\u00fc ger\u00e7ekle\u015ftirilen KPSS s\u0131nav\u0131 sorular\u0131n s\u0131zd\u0131r\u0131ld\u0131\u011f\u0131na dair iddialar\u0131n ard\u0131ndan iptal edilmi\u015fti. 1 milyon 600 bin gencin kat\u0131ld\u0131\u011f\u0131 s\u0131nav\u0131n iptalinin ard\u0131ndan g\u00f6zler yeni s\u0131nav tarihine \u00e7evrildi. Yeni \u00d6SYM Ba\u015fkan\u0131 Bayram Ali Ersoy, yeni KPSS takviminin en k\u0131sa s\u00fcrede a\u00e7\u0131klanaca\u011f\u0131n\u0131 aktarm\u0131\u015ft\u0131. Milyonlarca aday KPSS s\u0131nav tarihlerini ara\u015ft\u0131rmaya devam ediyor. 2022 KPSS Lisans oturumundaki &hellip;<\/p>\n","protected":false},"author":6,"featured_media":32317,"comment_status":"closed","ping_status":"closed","sticky":false,"template":"","format":"standard","meta":{"footnotes":""},"categories":[1],"tags":[],"class_list":["post-32316","post","type-post","status-publish","format-standard","has-post-thumbnail","hentry","category-genel"],"amp_enabled":true,"_links":{"self":[{"href":"https:\/\/adanaseshaber.com.tr\/index.php?rest_route=\/wp\/v2\/posts\/32316","targetHints":{"allow":["GET"]}}],"collection":[{"href":"https:\/\/adanaseshaber.com.tr\/index.php?rest_route=\/wp\/v2\/posts"}],"about":[{"href":"https:\/\/adanaseshaber.com.tr\/index.php?rest_route=\/wp\/v2\/types\/post"}],"author":[{"embeddable":true,"href":"https:\/\/adanaseshaber.com.tr\/index.php?rest_route=\/wp\/v2\/users\/6"}],"replies":[{"embeddable":true,"href":"https:\/\/adanaseshaber.com.tr\/index.php?rest_route=%2Fwp%2Fv2%2Fcomments&post=32316"}],"version-history":[{"count":2,"href":"https:\/\/adanaseshaber.com.tr\/index.php?rest_route=\/wp\/v2\/posts\/32316\/revisions"}],"predecessor-version":[{"id":32320,"href":"https:\/\/adanaseshaber.com.tr\/index.php?rest_route=\/wp\/v2\/posts\/32316\/revisions\/32320"}],"wp:featuredmedia":[{"embeddable":true,"href":"https:\/\/adanaseshaber.com.tr\/index.php?rest_route=\/wp\/v2\/media\/32317"}],"wp:attachment":[{"href":"https:\/\/adanaseshaber.com.tr\/index.php?rest_route=%2Fwp%2Fv2%2Fmedia&parent=32316"}],"wp:term":[{"taxonomy":"category","embeddable":true,"href":"https:\/\/adanaseshaber.com.tr\/index.php?rest_route=%2Fwp%2Fv2%2Fcategories&post=32316"},{"taxonomy":"post_tag","embeddable":true,"href":"https:\/\/adanaseshaber.com.tr\/index.php?rest_route=%2Fwp%2Fv2%2Ftags&post=32316"}],"curies":[{"name":"wp","href":"https:\/\/api.w.org\/{rel}","templated":true}]}}