{"id":32321,"date":"2022-08-05T23:57:48","date_gmt":"2022-08-05T20:57:48","guid":{"rendered":"https:\/\/www.adanaseshaber.com\/?p=32321"},"modified":"2022-08-05T23:59:31","modified_gmt":"2022-08-05T20:59:31","slug":"defne-samyeli-sahnede-soyundu","status":"publish","type":"post","link":"https:\/\/adanaseshaber.com.tr\/?p=32321","title":{"rendered":"Defne Samyeli sahnede soyundu"},"content":{"rendered":"<p>Bir d\u00f6nemin ba\u015far\u0131l\u0131 haber sunucular\u0131ndan olan ve mesle\u011fini noktalad\u0131ktan sonra dizi oyunculu\u011fu ve \u015fark\u0131c\u0131l\u0131k yapmaya ba\u015flayan Defne Samyeli g\u00fcndemden d\u00fc\u015fm\u00fcyor. On parma\u011f\u0131nda on marifet olan Samyeli hem sunuculu\u011fun yan\u0131 s\u0131ra oyunculuk ve \u015fark\u0131c\u0131l\u0131kta da olduk\u00e7a ba\u015far\u0131l\u0131. Sahne ald\u0131\u011f\u0131 zamanlarda sesiyle herkesi kendine hayran b\u0131rakan Samyeli, son konserinde yapt\u0131\u011f\u0131 hareketle hayranlar\u0131n\u0131 bir hayli \u015fa\u015f\u0131rtt\u0131. \u00d6zel hayat\u0131 ve a\u00e7\u0131klamalar\u0131yla s\u0131k s\u0131k magazin man\u015fetlerinin en \u00fcst s\u0131ralar\u0131na ad\u0131n\u0131 yazd\u0131ran Defne Samyeli, ba\u015far\u0131l\u0131 konserlere imza at\u0131yor. \u015eark\u0131c\u0131l\u0131ktaki ba\u015far\u0131s\u0131yla da ad\u0131ndan s\u0131k\u00e7a s\u00f6z ettiren Samyeli, son konserinde yapt\u0131\u011f\u0131 hareketle hayranlar\u0131na b\u00fcy\u00fck bir \u015fok ya\u015fatt\u0131. Samyeli\u2019nin sahnede bir anda ete\u011fini \u00e7\u0131kard\u0131\u011f\u0131n\u0131 g\u00f6ren hayranlar\u0131 \u00e7\u0131\u011fl\u0131k atmaya ba\u015flad\u0131.<\/p>\n<p><strong>SAHNEDE ETE\u011e\u0130N\u0130 \u00c7IKARINCA \u00c7I\u011eLIKLAR KOPTU<\/strong><\/p>\n<p>50 ya\u015f\u0131nda olan ancak hem fizi\u011fi hem de g\u00fczelli\u011fiyle gen\u00e7lere adeta ta\u015f \u00e7\u0131karan Defne Samyeli, sesinin g\u00fczelli\u011fiyle de b\u00fcy\u00fcl\u00fcyor. Ba\u015far\u0131lar\u0131yla ad\u0131ndan s\u0131k\u00e7a bahsettiren eski sunucu, son olarak konserinde yapt\u0131\u011f\u0131 olay hareketle bir kez daha g\u00fcndem oldu. Uzun y\u0131rtma\u00e7l\u0131 bir etekle sahneye \u00e7\u0131kan Defne Samyeli, \u2018Bu etek aya\u011f\u0131ma dolan\u0131yor. Hafiflemem laz\u0131m\u2019 dedi ve bu s\u00f6zlerin hemen ard\u0131ndan ete\u011fini \u00e7\u0131kard\u0131. Samyeli\u2019nin sahnedeki bu hareketi \u00fczerine hayranlar\u0131 ya\u015fad\u0131\u011f\u0131 \u015fa\u015fk\u0131nl\u0131\u011f\u0131 \u00e7\u0131\u011fl\u0131k atarak ifade etti.<\/p>\n<p><img loading=\"lazy\" decoding=\"async\" class=\"aligncenter wp-image-32325 size-full\" src=\"https:\/\/adanaseshaber.com.tr\/wp-content\/uploads\/2022\/08\/defne-samyeli-sahnede-soyundu-1.jpg\" alt=\"\" width=\"1280\" height=\"720\" srcset=\"https:\/\/adanaseshaber.com.tr\/wp-content\/uploads\/2022\/08\/defne-samyeli-sahnede-soyundu-1.jpg 1280w, https:\/\/adanaseshaber.com.tr\/wp-content\/uploads\/2022\/08\/defne-samyeli-sahnede-soyundu-1-300x169.jpg 300w, https:\/\/adanaseshaber.com.tr\/wp-content\/uploads\/2022\/08\/defne-samyeli-sahnede-soyundu-1-1024x576.jpg 1024w, https:\/\/adanaseshaber.com.tr\/wp-content\/uploads\/2022\/08\/defne-samyeli-sahnede-soyundu-1-768x432.jpg 768w, https:\/\/adanaseshaber.com.tr\/wp-content\/uploads\/2022\/08\/defne-samyeli-sahnede-soyundu-1-390x220.jpg 390w\" sizes=\"auto, (max-width: 1280px) 100vw, 1280px\" \/><\/p>\n<p><strong>HAYRANLARINA S\u00dcRPR\u0130Z YAPTI<\/strong><\/p>\n<p>Magazin g\u00fcndeminin en \u00e7ok konu\u015fulan isimleri aras\u0131nda olan Defne Samyeli, g\u00fczelli\u011fi ve \u015fahane fizi\u011fiyle de ad\u0131ndan s\u0131k\u00e7a bahsettiriyor. Eski sunucunun 50 ya\u015f\u0131nda oldu\u011funu duyanlar inanam\u0131yor. Yapt\u0131\u011f\u0131 her hareketle hayranlar\u0131n\u0131 \u015fa\u015f\u0131rtmay\u0131 ba\u015faran Defne Samyeli, son konserinde yine hayranlar\u0131n\u0131 \u015fa\u015f\u0131rtan bir s\u00fcrpriz yapt\u0131. \u015eimdilerde bir mekanda sahne alan Samyeli, hayranlar\u0131 i\u00e7in bir \u015fov haz\u0131rlad\u0131. Sahnede hayranlar\u0131 i\u00e7in haz\u0131rlad\u0131\u011f\u0131 \u015fovla bir kez daha b\u00fcy\u00fck \u015fa\u015fk\u0131nl\u0131k ya\u015fatan Samyeli\u2019nin ete\u011fini \u00e7\u0131kard\u0131\u011f\u0131 anlar sosyal medyan\u0131n da g\u00fcndemine oturdu.<\/p>\n","protected":false},"excerpt":{"rendered":"<p>Bir d\u00f6nemin ba\u015far\u0131l\u0131 haber sunucular\u0131ndan olan ve mesle\u011fini noktalad\u0131ktan sonra dizi oyunculu\u011fu ve \u015fark\u0131c\u0131l\u0131k yapmaya ba\u015flayan Defne Samyeli g\u00fcndemden d\u00fc\u015fm\u00fcyor. On parma\u011f\u0131nda on marifet olan Samyeli hem sunuculu\u011fun yan\u0131 s\u0131ra oyunculuk ve \u015fark\u0131c\u0131l\u0131kta da olduk\u00e7a ba\u015far\u0131l\u0131. Sahne ald\u0131\u011f\u0131 zamanlarda sesiyle herkesi kendine hayran b\u0131rakan Samyeli, son konserinde yapt\u0131\u011f\u0131 hareketle hayranlar\u0131n\u0131 bir hayli \u015fa\u015f\u0131rtt\u0131. \u00d6zel hayat\u0131 &hellip;<\/p>\n","protected":false},"author":6,"featured_media":32322,"comment_status":"closed","ping_status":"closed","sticky":false,"template":"","format":"standard","meta":{"footnotes":""},"categories":[15431],"tags":[],"class_list":["post-32321","post","type-post","status-publish","format-standard","has-post-thumbnail","hentry","category-medya"],"amp_enabled":true,"_links":{"self":[{"href":"https:\/\/adanaseshaber.com.tr\/index.php?rest_route=\/wp\/v2\/posts\/32321","targetHints":{"allow":["GET"]}}],"collection":[{"href":"https:\/\/adanaseshaber.com.tr\/index.php?rest_route=\/wp\/v2\/posts"}],"about":[{"href":"https:\/\/adanaseshaber.com.tr\/index.php?rest_route=\/wp\/v2\/types\/post"}],"author":[{"embeddable":true,"href":"https:\/\/adanaseshaber.com.tr\/index.php?rest_route=\/wp\/v2\/users\/6"}],"replies":[{"embeddable":true,"href":"https:\/\/adanaseshaber.com.tr\/index.php?rest_route=%2Fwp%2Fv2%2Fcomments&post=32321"}],"version-history":[{"count":3,"href":"https:\/\/adanaseshaber.com.tr\/index.php?rest_route=\/wp\/v2\/posts\/32321\/revisions"}],"predecessor-version":[{"id":32326,"href":"https:\/\/adanaseshaber.com.tr\/index.php?rest_route=\/wp\/v2\/posts\/32321\/revisions\/32326"}],"wp:featuredmedia":[{"embeddable":true,"href":"https:\/\/adanaseshaber.com.tr\/index.php?rest_route=\/wp\/v2\/media\/32322"}],"wp:attachment":[{"href":"https:\/\/adanaseshaber.com.tr\/index.php?rest_route=%2Fwp%2Fv2%2Fmedia&parent=32321"}],"wp:term":[{"taxonomy":"category","embeddable":true,"href":"https:\/\/adanaseshaber.com.tr\/index.php?rest_route=%2Fwp%2Fv2%2Fcategories&post=32321"},{"taxonomy":"post_tag","embeddable":true,"href":"https:\/\/adanaseshaber.com.tr\/index.php?rest_route=%2Fwp%2Fv2%2Ftags&post=32321"}],"curies":[{"name":"wp","href":"https:\/\/api.w.org\/{rel}","templated":true}]}}