{"id":32541,"date":"2022-08-07T09:42:32","date_gmt":"2022-08-07T06:42:32","guid":{"rendered":"https:\/\/www.adanaseshaber.com\/?p=32541"},"modified":"2022-08-07T09:43:30","modified_gmt":"2022-08-07T06:43:30","slug":"oguzhan-koc-sahneyi-terk-etti-hayranlari-tepki-gosterdi","status":"publish","type":"post","link":"https:\/\/adanaseshaber.com.tr\/?p=32541","title":{"rendered":"O\u011fuzhan Ko\u00e7 sahneyi terk etti, hayranlar\u0131 tepki g\u00f6sterdi"},"content":{"rendered":"<p>Ba\u015fkent Ankara\u2019da sahne alan \u00fcnl\u00fc \u015fark\u0131c\u0131 O\u011fuzhan Ko\u00e7\u2019un sahneyi terk etmesine hayranlar\u0131 tepki g\u00f6sterdi. Sincan il\u00e7esinde konser veren Ko\u00e7\u2019un ya\u011fmur nedeniyle sahneyi terk etmesi dinleyicileri k\u0131zd\u0131rd\u0131. Ya\u011fmur alt\u0131nda bekleyen dinleyiciler O\u011fuzhan Ko\u00e7\u2019un sahnesini yar\u0131da kesmesini yuhalad\u0131. Sanat\u00e7\u0131 ise konsere ara verdi\u011fini daha sonra gelip tekrar \u015fark\u0131lar\u0131na devam edece\u011fini s\u00f6yledi. O\u011fuzhan Ko\u00e7\u2019un Sincan konseri ya\u011fmur engeline tak\u0131ld\u0131. Ak\u015fam saatlerinde ba\u015flayan konser s\u0131ras\u0131nda ya\u011fmur ba\u015flad\u0131. \u00dcnl\u00fc \u015fark\u0131c\u0131 kendisini dinlemeye gelenlere ya\u011fmurun durumunu sordu. Dinleyiciler ise Ko\u00e7\u2019tan konserine devam etmesini istedi. Ya\u011f\u0131\u015f\u0131n giderek \u015fiddetini artt\u0131rmas\u0131 sonras\u0131nda Ko\u00e7, konserin yar\u0131s\u0131nda sahneyi terk etti. Ya\u011fmur alt\u0131nda bekleyen dinleyiciler ise bu duruma tepki g\u00f6sterdi.<\/p>\n<p><strong>KONSERE YA\u011eMUR ENGEL\u0130<\/strong><\/p>\n<p>Ankara\u2019da Sincan Belediyesi taraf\u0131ndan d\u00fczenlenen O\u011fuzhan Ko\u00e7 konseri ya\u011fmur engeline tak\u0131ld\u0131. Kent Meydan\u0131\u2019nda d\u00fczenlenen konser ak\u015fam saatlerinde ba\u015flad\u0131. Dinleyiciler doyas\u0131ya e\u011flenirken ya\u011f\u0131\u015f ba\u015flad\u0131. \u00dcnl\u00fc sanat\u00e7\u0131 Ko\u00e7, dinleyicilere ya\u011fmurun durumunu sordu. Konsere gelen vatanda\u015flar ise sanat\u00e7\u0131dan devam etmesini istedi. Ancak O\u011fuzhan Ko\u00e7, ya\u011f\u0131\u015f\u0131n \u015fiddetini artt\u0131rmas\u0131 sebebiyle konsere ara verdi\u011fini ve daha sonra gelip tekrar devam edece\u011fini s\u00f6yleyerek sahneyi yar\u0131da b\u0131rakt\u0131.<\/p>\n<p><img loading=\"lazy\" decoding=\"async\" class=\"aligncenter wp-image-32544 size-full\" src=\"https:\/\/adanaseshaber.com.tr\/wp-content\/uploads\/2022\/08\/oguzhan-koc-sahneyi-terk-etti-hayranlari-tepki-gosterdi-1.jpg\" alt=\"\" width=\"1280\" height=\"720\" srcset=\"https:\/\/adanaseshaber.com.tr\/wp-content\/uploads\/2022\/08\/oguzhan-koc-sahneyi-terk-etti-hayranlari-tepki-gosterdi-1.jpg 1280w, https:\/\/adanaseshaber.com.tr\/wp-content\/uploads\/2022\/08\/oguzhan-koc-sahneyi-terk-etti-hayranlari-tepki-gosterdi-1-300x169.jpg 300w, https:\/\/adanaseshaber.com.tr\/wp-content\/uploads\/2022\/08\/oguzhan-koc-sahneyi-terk-etti-hayranlari-tepki-gosterdi-1-1024x576.jpg 1024w, https:\/\/adanaseshaber.com.tr\/wp-content\/uploads\/2022\/08\/oguzhan-koc-sahneyi-terk-etti-hayranlari-tepki-gosterdi-1-768x432.jpg 768w, https:\/\/adanaseshaber.com.tr\/wp-content\/uploads\/2022\/08\/oguzhan-koc-sahneyi-terk-etti-hayranlari-tepki-gosterdi-1-390x220.jpg 390w\" sizes=\"auto, (max-width: 1280px) 100vw, 1280px\" \/><\/p>\n<p><strong>YUHALANDI<\/strong><\/p>\n<p>Sahnesine ara veren Ko\u00e7, bir s\u00fcre sonra sahneye gelerek konserin bitti\u011fini a\u00e7\u0131klad\u0131. Bu durum kar\u015f\u0131s\u0131nda bir hayli sinirlenen dinleyiciler ise \u2018O\u011fuzhan Ko\u00e7 sahneye\u2019 diyerek \u00fcnl\u00fc \u015fark\u0131c\u0131y\u0131 sahneye geri \u00e7a\u011f\u0131rd\u0131. Sahnedeki m\u00fczisyenlerin de toplanmaya ba\u015flad\u0131\u011f\u0131n\u0131 g\u00f6ren dinleyiciler, O\u011fuzhan Ko\u00e7\u2019u yuhalamaya ba\u015flad\u0131. Ya\u015fanan olay kar\u015f\u0131s\u0131nda \u00e7ok sinirlenen vatanda\u015flar O\u011fuzhan Ko\u00e7\u2019a tepki g\u00f6stererek konser alan\u0131ndan da\u011f\u0131lmaya ba\u015flad\u0131. Ko\u00e7\u2019u dinlemeye gelen hayranlar\u0131, halk olarak ya\u011fmurun alt\u0131nda beklediklerini fakat Ko\u00e7\u2019un ka\u00e7t\u0131\u011f\u0131n\u0131 s\u00f6yledi.<\/p>\n","protected":false},"excerpt":{"rendered":"<p>Ba\u015fkent Ankara\u2019da sahne alan \u00fcnl\u00fc \u015fark\u0131c\u0131 O\u011fuzhan Ko\u00e7\u2019un sahneyi terk etmesine hayranlar\u0131 tepki g\u00f6sterdi. Sincan il\u00e7esinde konser veren Ko\u00e7\u2019un ya\u011fmur nedeniyle sahneyi terk etmesi dinleyicileri k\u0131zd\u0131rd\u0131. Ya\u011fmur alt\u0131nda bekleyen dinleyiciler O\u011fuzhan Ko\u00e7\u2019un sahnesini yar\u0131da kesmesini yuhalad\u0131. Sanat\u00e7\u0131 ise konsere ara verdi\u011fini daha sonra gelip tekrar \u015fark\u0131lar\u0131na devam edece\u011fini s\u00f6yledi. O\u011fuzhan Ko\u00e7\u2019un Sincan konseri ya\u011fmur engeline &hellip;<\/p>\n","protected":false},"author":6,"featured_media":32542,"comment_status":"closed","ping_status":"closed","sticky":false,"template":"","format":"standard","meta":{"footnotes":""},"categories":[15431],"tags":[],"class_list":["post-32541","post","type-post","status-publish","format-standard","has-post-thumbnail","hentry","category-medya"],"amp_enabled":true,"_links":{"self":[{"href":"https:\/\/adanaseshaber.com.tr\/index.php?rest_route=\/wp\/v2\/posts\/32541","targetHints":{"allow":["GET"]}}],"collection":[{"href":"https:\/\/adanaseshaber.com.tr\/index.php?rest_route=\/wp\/v2\/posts"}],"about":[{"href":"https:\/\/adanaseshaber.com.tr\/index.php?rest_route=\/wp\/v2\/types\/post"}],"author":[{"embeddable":true,"href":"https:\/\/adanaseshaber.com.tr\/index.php?rest_route=\/wp\/v2\/users\/6"}],"replies":[{"embeddable":true,"href":"https:\/\/adanaseshaber.com.tr\/index.php?rest_route=%2Fwp%2Fv2%2Fcomments&post=32541"}],"version-history":[{"count":2,"href":"https:\/\/adanaseshaber.com.tr\/index.php?rest_route=\/wp\/v2\/posts\/32541\/revisions"}],"predecessor-version":[{"id":32545,"href":"https:\/\/adanaseshaber.com.tr\/index.php?rest_route=\/wp\/v2\/posts\/32541\/revisions\/32545"}],"wp:featuredmedia":[{"embeddable":true,"href":"https:\/\/adanaseshaber.com.tr\/index.php?rest_route=\/wp\/v2\/media\/32542"}],"wp:attachment":[{"href":"https:\/\/adanaseshaber.com.tr\/index.php?rest_route=%2Fwp%2Fv2%2Fmedia&parent=32541"}],"wp:term":[{"taxonomy":"category","embeddable":true,"href":"https:\/\/adanaseshaber.com.tr\/index.php?rest_route=%2Fwp%2Fv2%2Fcategories&post=32541"},{"taxonomy":"post_tag","embeddable":true,"href":"https:\/\/adanaseshaber.com.tr\/index.php?rest_route=%2Fwp%2Fv2%2Ftags&post=32541"}],"curies":[{"name":"wp","href":"https:\/\/api.w.org\/{rel}","templated":true}]}}