{"id":32556,"date":"2022-08-07T10:04:21","date_gmt":"2022-08-07T07:04:21","guid":{"rendered":"https:\/\/www.adanaseshaber.com\/?p=32556"},"modified":"2022-08-07T10:05:35","modified_gmt":"2022-08-07T07:05:35","slug":"cemal-enginyurt-canli-yayinda-gazetecinin-uzerine-yurudu-ortalik-bir-anda-karisti","status":"publish","type":"post","link":"https:\/\/adanaseshaber.com.tr\/?p=32556","title":{"rendered":"Cemal Enginyurt canl\u0131 yay\u0131nda gazetecinin \u00fczerine y\u00fcr\u00fcd\u00fc ortal\u0131k bir anda kar\u0131\u015ft\u0131"},"content":{"rendered":"<p>Demokrat Parti Ordu Milletvekili Cemal Enginyurt, yapt\u0131\u011f\u0131 sosyal medya payla\u015f\u0131mlar\u0131 ve a\u00e7\u0131klamalar\u0131yla s\u0131k s\u0131k g\u00fcndeme gelen isimler aras\u0131nda. Son olarak gazeteci Latif \u015eim\u015fek ile canl\u0131 yay\u0131nda gerginlik ya\u015fayan Enginyurt, sinirlerine hakim olamad\u0131. Cemal Enginyurt ve Latif \u015eim\u015fek\u2019in canl\u0131 yay\u0131nda ya\u015fad\u0131\u011f\u0131 gerginlik g\u00fcndeme bomba gibi d\u00fc\u015ferken ikili yerlerinden kalkarak burun buruna geldi. Canl\u0131 yay\u0131nda kar\u015f\u0131 kar\u015f\u0131ya gelen Enginyurt ve \u015eim\u015fek\u2019in tansiyonun artt\u0131\u011f\u0131 anlarda yerlerinden kalkarak burun buruna gelmesi st\u00fcdyodakileri \u015fa\u015f\u0131rtt\u0131. \u0130kilinin aras\u0131ndaki gerilim kar\u015f\u0131s\u0131n da b\u00fcy\u00fck bir \u015fa\u015fk\u0131nl\u0131k ya\u015fayan di\u011fer konuklar ise bir s\u00fcre sonra \u015fa\u015fk\u0131nl\u0131klar\u0131n\u0131 atarak ikiliyi yat\u0131\u015ft\u0131rd\u0131 ve yanlar\u0131na giderek iki ismi ay\u0131rd\u0131. Canl\u0131 yay\u0131ndaki gerilim dolu anlar sosyal medyan\u0131n da g\u00fcndemine yerle\u015fti.<\/p>\n<p><strong>GAZETEC\u0130 LAT\u0130F \u015e\u0130M\u015eEK\u2019\u0130N \u00dcZER\u0130NE Y\u00dcR\u00dcD\u00dc<\/strong><\/p>\n<p>TV 100 ekranlar\u0131nda P\u0131nar Ardor\u2019un sunumuyla ekrana gelen G\u00fcndeme Dair adl\u0131 programda canl\u0131 yay\u0131n konu\u011fu olan Cemal Enginyurt ve Latif \u015eim\u015fek birbirine girdi. Program\u0131n canl\u0131 yay\u0131n konuklar\u0131 aras\u0131nda Demokrat Parti Ordu Milletvekili Cemal Enginyurt, gazeteciler Latif \u015eim\u015fek ve Bar\u0131\u015f Yarkada\u015f ile yazar Do\u011fan \u00c7a\u011flar vard\u0131. Canl\u0131 yay\u0131nda konuklar\u0131n tart\u0131\u015ft\u0131\u011f\u0131 konular \u00fczerinde bir anda gerilim ya\u015fand\u0131. Enginyurt ve \u015eim\u015fek aras\u0131nda Demirta\u015f ve Kavala gerginli\u011fi ya\u015fan\u0131rken ikili bir anda yerinden kalkt\u0131 ve tansiyon giderek y\u00fckseldi.<\/p>\n<p><img loading=\"lazy\" decoding=\"async\" class=\"aligncenter wp-image-32560 size-full\" src=\"https:\/\/adanaseshaber.com.tr\/wp-content\/uploads\/2022\/08\/cemal-enginyurt-canli-yayinda-gazetecinin-uzerine-yurudu-ortalik-bir-anda-karisti-1.jpg\" alt=\"\" width=\"1280\" height=\"720\" srcset=\"https:\/\/adanaseshaber.com.tr\/wp-content\/uploads\/2022\/08\/cemal-enginyurt-canli-yayinda-gazetecinin-uzerine-yurudu-ortalik-bir-anda-karisti-1.jpg 1280w, https:\/\/adanaseshaber.com.tr\/wp-content\/uploads\/2022\/08\/cemal-enginyurt-canli-yayinda-gazetecinin-uzerine-yurudu-ortalik-bir-anda-karisti-1-300x169.jpg 300w, https:\/\/adanaseshaber.com.tr\/wp-content\/uploads\/2022\/08\/cemal-enginyurt-canli-yayinda-gazetecinin-uzerine-yurudu-ortalik-bir-anda-karisti-1-1024x576.jpg 1024w, https:\/\/adanaseshaber.com.tr\/wp-content\/uploads\/2022\/08\/cemal-enginyurt-canli-yayinda-gazetecinin-uzerine-yurudu-ortalik-bir-anda-karisti-1-768x432.jpg 768w, https:\/\/adanaseshaber.com.tr\/wp-content\/uploads\/2022\/08\/cemal-enginyurt-canli-yayinda-gazetecinin-uzerine-yurudu-ortalik-bir-anda-karisti-1-390x220.jpg 390w\" sizes=\"auto, (max-width: 1280px) 100vw, 1280px\" \/><\/p>\n<p><strong>CANLI YAYINDA B\u00dcY\u00dcK GER\u0130L\u0130M<\/strong><\/p>\n<p>Gazeteci Latif \u015eim\u015fek, Selahattin Demirta\u015f ve Osman Kavala\u2019n\u0131n yarg\u0131lanmas\u0131 hakk\u0131ndaki yorumunda \u2018Herkes verilen karara sayg\u0131 duyacak. Kimse bu \u00fclkenin hakimini, savc\u0131s\u0131n\u0131, polisini k\u00fc\u00e7\u00fcmseyemez.\u2019 dedi. Bu s\u00f6zler \u00fczerine Cemal Enginyurt ise \u2018B\u0131rak bu savunuculu\u011fu, b\u0131rak bu i\u015fleri\u2019 yan\u0131t\u0131n\u0131 verdi. Bu cevap \u00fczerine st\u00fcdyoda bir anda tansiyon y\u00fckseldi. Latif \u015eim\u015fek\u2019in \u2018Sen b\u0131rak bu i\u015fleri\u2019 \u015feklindeki yan\u0131t\u0131 \u00fczerine iki isim yerlerinden kalkarak canl\u0131 yay\u0131nda burun buruna geldi.<\/p>\n<p><strong>D\u0130\u011eER KONUKLAR SAK\u0130NLE\u015eT\u0130RD\u0130<\/strong><\/p>\n<p>Cemal Enginyurt ve Latif \u015eim\u015fek\u2019in st\u00fcdyoda burun buruna geldi\u011fi anlarda di\u011fer konuklar da ne yapaca\u011f\u0131n\u0131 bilemedi. Sunucu ise ne yapaca\u011f\u0131n\u0131 bilemedi\u011fi anlarda \u2018Kesin yay\u0131n\u0131 arkada\u015flar\u2019 diyerek y\u00f6netmenden ricada bulundu. Ancak di\u011fer konuklar\u0131n araya girmesiyle iki isim yat\u0131\u015ft\u0131r\u0131ld\u0131 ve program kald\u0131\u011f\u0131 yerden devam etti.<\/p>\n","protected":false},"excerpt":{"rendered":"<p>Demokrat Parti Ordu Milletvekili Cemal Enginyurt, yapt\u0131\u011f\u0131 sosyal medya payla\u015f\u0131mlar\u0131 ve a\u00e7\u0131klamalar\u0131yla s\u0131k s\u0131k g\u00fcndeme gelen isimler aras\u0131nda. Son olarak gazeteci Latif \u015eim\u015fek ile canl\u0131 yay\u0131nda gerginlik ya\u015fayan Enginyurt, sinirlerine hakim olamad\u0131. Cemal Enginyurt ve Latif \u015eim\u015fek\u2019in canl\u0131 yay\u0131nda ya\u015fad\u0131\u011f\u0131 gerginlik g\u00fcndeme bomba gibi d\u00fc\u015ferken ikili yerlerinden kalkarak burun buruna geldi. Canl\u0131 yay\u0131nda kar\u015f\u0131 kar\u015f\u0131ya &hellip;<\/p>\n","protected":false},"author":6,"featured_media":32558,"comment_status":"closed","ping_status":"closed","sticky":false,"template":"","format":"standard","meta":{"footnotes":""},"categories":[1],"tags":[],"class_list":["post-32556","post","type-post","status-publish","format-standard","has-post-thumbnail","hentry","category-genel"],"amp_enabled":true,"_links":{"self":[{"href":"https:\/\/adanaseshaber.com.tr\/index.php?rest_route=\/wp\/v2\/posts\/32556","targetHints":{"allow":["GET"]}}],"collection":[{"href":"https:\/\/adanaseshaber.com.tr\/index.php?rest_route=\/wp\/v2\/posts"}],"about":[{"href":"https:\/\/adanaseshaber.com.tr\/index.php?rest_route=\/wp\/v2\/types\/post"}],"author":[{"embeddable":true,"href":"https:\/\/adanaseshaber.com.tr\/index.php?rest_route=\/wp\/v2\/users\/6"}],"replies":[{"embeddable":true,"href":"https:\/\/adanaseshaber.com.tr\/index.php?rest_route=%2Fwp%2Fv2%2Fcomments&post=32556"}],"version-history":[{"count":2,"href":"https:\/\/adanaseshaber.com.tr\/index.php?rest_route=\/wp\/v2\/posts\/32556\/revisions"}],"predecessor-version":[{"id":32561,"href":"https:\/\/adanaseshaber.com.tr\/index.php?rest_route=\/wp\/v2\/posts\/32556\/revisions\/32561"}],"wp:featuredmedia":[{"embeddable":true,"href":"https:\/\/adanaseshaber.com.tr\/index.php?rest_route=\/wp\/v2\/media\/32558"}],"wp:attachment":[{"href":"https:\/\/adanaseshaber.com.tr\/index.php?rest_route=%2Fwp%2Fv2%2Fmedia&parent=32556"}],"wp:term":[{"taxonomy":"category","embeddable":true,"href":"https:\/\/adanaseshaber.com.tr\/index.php?rest_route=%2Fwp%2Fv2%2Fcategories&post=32556"},{"taxonomy":"post_tag","embeddable":true,"href":"https:\/\/adanaseshaber.com.tr\/index.php?rest_route=%2Fwp%2Fv2%2Ftags&post=32556"}],"curies":[{"name":"wp","href":"https:\/\/api.w.org\/{rel}","templated":true}]}}