{"id":32566,"date":"2022-08-07T10:24:08","date_gmt":"2022-08-07T07:24:08","guid":{"rendered":"https:\/\/www.adanaseshaber.com\/?p=32566"},"modified":"2022-08-07T10:25:03","modified_gmt":"2022-08-07T07:25:03","slug":"bakan-yardimcisi-ismail-catakli-umit-ozdaga-deli-dedi","status":"publish","type":"post","link":"https:\/\/adanaseshaber.com.tr\/?p=32566","title":{"rendered":"Bakan Yard\u0131mc\u0131s\u0131 \u0130smail \u00c7atakl\u0131, \u00dcmit \u00d6zda\u011f\u2019a deli dedi"},"content":{"rendered":"<p>Zafer Partisi Genel Ba\u015fkan\u0131 \u00dcmit \u00d6zda\u011f\u2019\u0131n g\u00fcndem olan a\u00e7\u0131klamalar\u0131 devam ediyor. Hem yapt\u0131\u011f\u0131 \u00e7\u0131k\u0131\u015flar hem de s\u00f6yledikleriyle s\u0131k s\u0131k siyasetin g\u00fcndeminde yer alan \u00d6zda\u011f, Ordu Valili\u011fi\u2019nin 8 milyon TL\u2019yi Suriye\u2019ye aktard\u0131\u011f\u0131na dair iddias\u0131 kar\u015f\u0131s\u0131nda Valilik\u2019ten yan\u0131t gecikmemi\u015f ve bu iddia \u2018Provokasyon\u2019 denilerek yalanlanm\u0131\u015ft\u0131. \u00d6zda\u011f\u2019\u0131n iddias\u0131na kar\u015f\u0131 \u0130\u00e7i\u015fleri Bakanl\u0131\u011f\u0131\u2019ndan da bir yan\u0131t geldi. \u0130\u00e7i\u015fleri Bakan Yard\u0131mc\u0131s\u0131 \u0130smail \u00c7atakl\u0131, \u00dcmit \u00d6zda\u011f\u2019\u0131n Ordu Valili\u011fi hakk\u0131ndaki iddias\u0131 kar\u015f\u0131s\u0131nda sosyal medya hesab\u0131ndan bir payla\u015f\u0131m yaparak \u2018Bir deliyi ba\u015f\u0131m\u0131za sard\u0131lar\u2019 dedi. \u00c7atakl\u0131\u2019n\u0131n sosyal medya \u00fczerinden yapt\u0131\u011f\u0131 bu payla\u015f\u0131m k\u0131sa s\u00fcrede g\u00fcndem olurken g\u00f6zler \u00dcmit \u00d6zda\u011f\u2019a \u00e7evrildi. \u00dcmit \u00d6zda\u011f\u2019\u0131n \u0130\u00e7i\u015fleri\u2019nden gelen \u2018Deli\u2019 \u00e7\u0131k\u0131\u015f\u0131 kar\u015f\u0131s\u0131nda verece\u011fi yan\u0131t merak konusu oldu.<\/p>\n<p><strong>\u00d6ZDA\u011e\u2019IN 8 M\u0130LYON \u0130DD\u0130ASI<\/strong><\/p>\n<p>Suriyeli m\u00fcltecilerle ilgili yapt\u0131\u011f\u0131 \u00e7\u0131k\u0131\u015flarla s\u0131k s\u0131k siyaset g\u00fcndemine oturan Zafer Partisi Genel Ba\u015fkan\u0131 \u00dcmit \u00d6zda\u011f, yine \u00e7ok konu\u015fulacak bir iddiayla g\u00fcndeme geldi. Ordu Valili\u011fi\u2019nin 8 milyon TL\u2019yi Suriye\u2019ye aktard\u0131\u011f\u0131n\u0131 iddia eden \u00d6zda\u011f, Valiliklere yaz\u0131 g\u00f6nderilerek il b\u00fct\u00e7elerinden briket evler i\u00e7in kaynak aktarmalar\u0131 istendi\u011fini s\u00f6yledi ve \u2018Ordu Valili\u011fi, Ordu halk\u0131 i\u00e7in harcamas\u0131 gereken 8 milyon TL\u2019yi Suriye\u2019ye aktard\u0131. Se\u00e7imden \u00f6nce baz\u0131 Suriyelileri \u015fov ama\u00e7l\u0131 \u0130dlib\u2019e yollay\u0131p orada besleyecekler\u2019 ifadelerini kulland\u0131.<\/p>\n<p><strong>ORDU VAL\u0130L\u0130\u011e\u0130\u2019NDEN A\u00c7IKLAMA GELD\u0130<\/strong><\/p>\n<p>\u00d6zda\u011f\u2019\u0131n 8 milyon iddias\u0131n\u0131n ard\u0131ndan Ordu Valili\u011fi\u2019nden a\u00e7\u0131klama geldi. S\u00f6z konusu iddian\u0131n ger\u00e7ek d\u0131\u015f\u0131 oldu\u011fu aktar\u0131lan a\u00e7\u0131klamada, \u2018Bu iddia tamamen ger\u00e7ek d\u0131\u015f\u0131 ve provokasyon ama\u00e7l\u0131d\u0131r. Valili\u011fimizden g\u00f6nderilen ne bir \u00f6denek ne de il b\u00fct\u00e7esinden yap\u0131lan bir harcama s\u00f6z konusudur. Hay\u0131rsever vatanda\u015flar\u0131n STK\u2019lara yapt\u0131\u011f\u0131 ba\u011f\u0131\u015flarla ger\u00e7ekle\u015fen projeye 2020 y\u0131l\u0131nda 35 briket yap\u0131m\u0131 i\u00e7in ilimizdeki STK\u2019lar ve hay\u0131r sever i\u015f insanlar\u0131m\u0131z toplam 210 bin TL ba\u011f\u0131\u015f ile katk\u0131da bulunmu\u015ftur.\u2019 ifadelerine yer verildi.<\/p>\n<p><img loading=\"lazy\" decoding=\"async\" class=\"aligncenter wp-image-32569 size-full\" src=\"https:\/\/adanaseshaber.com.tr\/wp-content\/uploads\/2022\/08\/bakan-yardimcisi-ismail-catakli-umit-ozdaga-deli-dedi-1.jpg\" alt=\"\" width=\"1280\" height=\"720\" srcset=\"https:\/\/adanaseshaber.com.tr\/wp-content\/uploads\/2022\/08\/bakan-yardimcisi-ismail-catakli-umit-ozdaga-deli-dedi-1.jpg 1280w, https:\/\/adanaseshaber.com.tr\/wp-content\/uploads\/2022\/08\/bakan-yardimcisi-ismail-catakli-umit-ozdaga-deli-dedi-1-300x169.jpg 300w, https:\/\/adanaseshaber.com.tr\/wp-content\/uploads\/2022\/08\/bakan-yardimcisi-ismail-catakli-umit-ozdaga-deli-dedi-1-1024x576.jpg 1024w, https:\/\/adanaseshaber.com.tr\/wp-content\/uploads\/2022\/08\/bakan-yardimcisi-ismail-catakli-umit-ozdaga-deli-dedi-1-768x432.jpg 768w, https:\/\/adanaseshaber.com.tr\/wp-content\/uploads\/2022\/08\/bakan-yardimcisi-ismail-catakli-umit-ozdaga-deli-dedi-1-390x220.jpg 390w\" sizes=\"auto, (max-width: 1280px) 100vw, 1280px\" \/><\/p>\n<p><strong>\u0130SMA\u0130L \u00c7ATAKLI\u2019DAN \u00c7OK KONU\u015eULACAK PAYLA\u015eIM<\/strong><\/p>\n<p>\u00d6zda\u011f\u2019\u0131n 8 milyon iddias\u0131 kar\u015f\u0131s\u0131nda sessiz kalmayan \u0130\u00e7i\u015fleri Bakan Yard\u0131mc\u0131s\u0131 \u0130smail \u00c7atakl\u0131 ise sosyal medya \u00fczerinden \u00e7ok konu\u015fulacak bir payla\u015f\u0131mda bulundu. Ordu Valili\u011fi\u2019nden gelen a\u00e7\u0131klamay\u0131 al\u0131nt\u0131layan \u00c7atakl\u0131, \u2018Bir deliyi ba\u015f\u0131m\u0131za sard\u0131lar. U\u011fra\u015f\u0131p duruyoruz. Hay\u0131rl\u0131s\u0131 Allah\u2019tan. \u00dcmit \u00d6zda\u011f\u2019\u0131n bitmek bilmeyen, koskoca yeni yalan\u0131na Ordu Valili\u011fimizin cevab\u0131.\u2019 notunu d\u00fc\u015ft\u00fc. \u00c7atakl\u0131\u2019n\u0131n bu payla\u015f\u0131m\u0131n\u0131n ard\u0131ndan g\u00f6zler \u00dcmit \u00d6zda\u011f\u2019a \u00e7evrildi.<\/p>\n","protected":false},"excerpt":{"rendered":"<p>Zafer Partisi Genel Ba\u015fkan\u0131 \u00dcmit \u00d6zda\u011f\u2019\u0131n g\u00fcndem olan a\u00e7\u0131klamalar\u0131 devam ediyor. Hem yapt\u0131\u011f\u0131 \u00e7\u0131k\u0131\u015flar hem de s\u00f6yledikleriyle s\u0131k s\u0131k siyasetin g\u00fcndeminde yer alan \u00d6zda\u011f, Ordu Valili\u011fi\u2019nin 8 milyon TL\u2019yi Suriye\u2019ye aktard\u0131\u011f\u0131na dair iddias\u0131 kar\u015f\u0131s\u0131nda Valilik\u2019ten yan\u0131t gecikmemi\u015f ve bu iddia \u2018Provokasyon\u2019 denilerek yalanlanm\u0131\u015ft\u0131. \u00d6zda\u011f\u2019\u0131n iddias\u0131na kar\u015f\u0131 \u0130\u00e7i\u015fleri Bakanl\u0131\u011f\u0131\u2019ndan da bir yan\u0131t geldi. \u0130\u00e7i\u015fleri Bakan Yard\u0131mc\u0131s\u0131 &hellip;<\/p>\n","protected":false},"author":6,"featured_media":32567,"comment_status":"closed","ping_status":"closed","sticky":false,"template":"","format":"standard","meta":{"footnotes":""},"categories":[1],"tags":[],"class_list":["post-32566","post","type-post","status-publish","format-standard","has-post-thumbnail","hentry","category-genel"],"amp_enabled":true,"_links":{"self":[{"href":"https:\/\/adanaseshaber.com.tr\/index.php?rest_route=\/wp\/v2\/posts\/32566","targetHints":{"allow":["GET"]}}],"collection":[{"href":"https:\/\/adanaseshaber.com.tr\/index.php?rest_route=\/wp\/v2\/posts"}],"about":[{"href":"https:\/\/adanaseshaber.com.tr\/index.php?rest_route=\/wp\/v2\/types\/post"}],"author":[{"embeddable":true,"href":"https:\/\/adanaseshaber.com.tr\/index.php?rest_route=\/wp\/v2\/users\/6"}],"replies":[{"embeddable":true,"href":"https:\/\/adanaseshaber.com.tr\/index.php?rest_route=%2Fwp%2Fv2%2Fcomments&post=32566"}],"version-history":[{"count":2,"href":"https:\/\/adanaseshaber.com.tr\/index.php?rest_route=\/wp\/v2\/posts\/32566\/revisions"}],"predecessor-version":[{"id":32570,"href":"https:\/\/adanaseshaber.com.tr\/index.php?rest_route=\/wp\/v2\/posts\/32566\/revisions\/32570"}],"wp:featuredmedia":[{"embeddable":true,"href":"https:\/\/adanaseshaber.com.tr\/index.php?rest_route=\/wp\/v2\/media\/32567"}],"wp:attachment":[{"href":"https:\/\/adanaseshaber.com.tr\/index.php?rest_route=%2Fwp%2Fv2%2Fmedia&parent=32566"}],"wp:term":[{"taxonomy":"category","embeddable":true,"href":"https:\/\/adanaseshaber.com.tr\/index.php?rest_route=%2Fwp%2Fv2%2Fcategories&post=32566"},{"taxonomy":"post_tag","embeddable":true,"href":"https:\/\/adanaseshaber.com.tr\/index.php?rest_route=%2Fwp%2Fv2%2Ftags&post=32566"}],"curies":[{"name":"wp","href":"https:\/\/api.w.org\/{rel}","templated":true}]}}