{"id":32616,"date":"2022-08-07T12:22:51","date_gmt":"2022-08-07T09:22:51","guid":{"rendered":"https:\/\/www.adanaseshaber.com\/?p=32616"},"modified":"2022-08-07T12:27:33","modified_gmt":"2022-08-07T09:27:33","slug":"antalyada-korkutan-deprem-afaddan-son-dakika-aciklamasi","status":"publish","type":"post","link":"https:\/\/adanaseshaber.com.tr\/?p=32616","title":{"rendered":"Antalya\u2019da korkutan deprem! AFAD\u2019dan son dakika a\u00e7\u0131klamas\u0131"},"content":{"rendered":"<p>Antalya Ka\u015f\u2019ta saat 11.02 sular\u0131nda 4.1 b\u00fcy\u00fckl\u00fc\u011f\u00fcnde bir deprem meydana geldi. \u00c7evre illerden de hissedilen sars\u0131nt\u0131yla ilgili AFAD\u2019dan a\u00e7\u0131klama geldi. AFAD\u2019dan yay\u0131mlanan verilere g\u00f6re, 7 A\u011fustos 2022 Pazar (bug\u00fcn) saat 11.02 sular\u0131nda Ka\u015f il\u00e7esinde 4.1 b\u00fcy\u00fckl\u00fc\u011f\u00fcnde bir deprem ya\u015fand\u0131.\u00a0 Depremin \u00e7evre illerden de hissedildi\u011fi bilgisine ula\u015f\u0131l\u0131rken AFAD, depremin ard\u0131ndan herhangi bir olumsuz ihbar almad\u0131klar\u0131n\u0131 bildirdi. Yerin 31.89 kilometre derinli\u011finde meydana gelen depremle ilgili a\u00e7\u0131klamalarda bulunan AFAD, geli\u015fmelerin takip edildi\u011fini de aktard\u0131.<\/p>\n<p><strong>ANTALYA&#8217;DA KORKUTAN DEPREM<\/strong><\/p>\n<p>AFAD, Antalya&#8217;n\u0131n Ka\u015f il\u00e7esinde saat 11.02 sular\u0131nda 4.1 \u015fiddetinde bir deprem meydana geldi\u011fini duyurdu. \u00c7evre illerden de hissedilen sars\u0131nt\u0131yla ilgili detayl\u0131 a\u00e7\u0131klamalara yer veren AFAD, Ka\u015f il\u00e7esinin 3.85 kilometre a\u00e7\u0131klar\u0131nda ger\u00e7ekle\u015fen depremin derinli\u011fini ise 31.89 olarak bildirdi.<\/p>\n<p><img loading=\"lazy\" decoding=\"async\" class=\"aligncenter wp-image-32622 size-full\" src=\"https:\/\/adanaseshaber.com.tr\/wp-content\/uploads\/2022\/08\/antalyada-korkutan-deprem-afaddan-son-dakika-aciklamasi-1.jpg\" alt=\"\" width=\"1280\" height=\"720\" srcset=\"https:\/\/adanaseshaber.com.tr\/wp-content\/uploads\/2022\/08\/antalyada-korkutan-deprem-afaddan-son-dakika-aciklamasi-1.jpg 1280w, https:\/\/adanaseshaber.com.tr\/wp-content\/uploads\/2022\/08\/antalyada-korkutan-deprem-afaddan-son-dakika-aciklamasi-1-300x169.jpg 300w, https:\/\/adanaseshaber.com.tr\/wp-content\/uploads\/2022\/08\/antalyada-korkutan-deprem-afaddan-son-dakika-aciklamasi-1-1024x576.jpg 1024w, https:\/\/adanaseshaber.com.tr\/wp-content\/uploads\/2022\/08\/antalyada-korkutan-deprem-afaddan-son-dakika-aciklamasi-1-768x432.jpg 768w, https:\/\/adanaseshaber.com.tr\/wp-content\/uploads\/2022\/08\/antalyada-korkutan-deprem-afaddan-son-dakika-aciklamasi-1-390x220.jpg 390w\" sizes=\"auto, (max-width: 1280px) 100vw, 1280px\" \/><\/p>\n<p><strong>OLUMSUZ B\u0130R \u0130HBAR YOK<\/strong><\/p>\n<p>Antalya&#8217;n\u0131n Ka\u015f il\u00e7esinde meydana gelen depremle ilgili detayl\u0131 bilgilendirmeye yer veren AFAD, depremin \u015fiddetini 4.1 olarak payla\u015ft\u0131. Depremle ilgili payla\u015f\u0131mlar\u0131na devam eden AFAD, &#8216;Ge\u00e7mi\u015f olsun Antalya. Ka\u015f a\u00e7\u0131klar\u0131nda meydana gelen deprem sonras\u0131, an itibar\u0131yla, olumsuz bir ihbar\u0131n bulunmad\u0131\u011f\u0131 bilgisi al\u0131nm\u0131\u015ft\u0131r.&#8217; denildi.<\/p>\n","protected":false},"excerpt":{"rendered":"<p>Antalya Ka\u015f\u2019ta saat 11.02 sular\u0131nda 4.1 b\u00fcy\u00fckl\u00fc\u011f\u00fcnde bir deprem meydana geldi. \u00c7evre illerden de hissedilen sars\u0131nt\u0131yla ilgili AFAD\u2019dan a\u00e7\u0131klama geldi. AFAD\u2019dan yay\u0131mlanan verilere g\u00f6re, 7 A\u011fustos 2022 Pazar (bug\u00fcn) saat 11.02 sular\u0131nda Ka\u015f il\u00e7esinde 4.1 b\u00fcy\u00fckl\u00fc\u011f\u00fcnde bir deprem ya\u015fand\u0131.\u00a0 Depremin \u00e7evre illerden de hissedildi\u011fi bilgisine ula\u015f\u0131l\u0131rken AFAD, depremin ard\u0131ndan herhangi bir olumsuz ihbar almad\u0131klar\u0131n\u0131 bildirdi. &hellip;<\/p>\n","protected":false},"author":6,"featured_media":32617,"comment_status":"closed","ping_status":"closed","sticky":false,"template":"","format":"standard","meta":{"footnotes":""},"categories":[1],"tags":[],"class_list":["post-32616","post","type-post","status-publish","format-standard","has-post-thumbnail","hentry","category-genel"],"amp_enabled":true,"_links":{"self":[{"href":"https:\/\/adanaseshaber.com.tr\/index.php?rest_route=\/wp\/v2\/posts\/32616","targetHints":{"allow":["GET"]}}],"collection":[{"href":"https:\/\/adanaseshaber.com.tr\/index.php?rest_route=\/wp\/v2\/posts"}],"about":[{"href":"https:\/\/adanaseshaber.com.tr\/index.php?rest_route=\/wp\/v2\/types\/post"}],"author":[{"embeddable":true,"href":"https:\/\/adanaseshaber.com.tr\/index.php?rest_route=\/wp\/v2\/users\/6"}],"replies":[{"embeddable":true,"href":"https:\/\/adanaseshaber.com.tr\/index.php?rest_route=%2Fwp%2Fv2%2Fcomments&post=32616"}],"version-history":[{"count":5,"href":"https:\/\/adanaseshaber.com.tr\/index.php?rest_route=\/wp\/v2\/posts\/32616\/revisions"}],"predecessor-version":[{"id":32623,"href":"https:\/\/adanaseshaber.com.tr\/index.php?rest_route=\/wp\/v2\/posts\/32616\/revisions\/32623"}],"wp:featuredmedia":[{"embeddable":true,"href":"https:\/\/adanaseshaber.com.tr\/index.php?rest_route=\/wp\/v2\/media\/32617"}],"wp:attachment":[{"href":"https:\/\/adanaseshaber.com.tr\/index.php?rest_route=%2Fwp%2Fv2%2Fmedia&parent=32616"}],"wp:term":[{"taxonomy":"category","embeddable":true,"href":"https:\/\/adanaseshaber.com.tr\/index.php?rest_route=%2Fwp%2Fv2%2Fcategories&post=32616"},{"taxonomy":"post_tag","embeddable":true,"href":"https:\/\/adanaseshaber.com.tr\/index.php?rest_route=%2Fwp%2Fv2%2Ftags&post=32616"}],"curies":[{"name":"wp","href":"https:\/\/api.w.org\/{rel}","templated":true}]}}