{"id":32631,"date":"2022-08-07T12:48:50","date_gmt":"2022-08-07T09:48:50","guid":{"rendered":"https:\/\/www.adanaseshaber.com\/?p=32631"},"modified":"2022-08-07T12:49:36","modified_gmt":"2022-08-07T09:49:36","slug":"odtu-mezuniyet-torenine-damga-vuran-pankartlar","status":"publish","type":"post","link":"https:\/\/adanaseshaber.com.tr\/?p=32631","title":{"rendered":"ODT\u00dc mezuniyet t\u00f6renine damga vuran pankartlar"},"content":{"rendered":"<p>ODT\u00dc\u2019de gelenek yine bozulmad\u0131 ve bu y\u0131l yine mezuniyet t\u00f6renine damga vuran pankartlar a\u00e7\u0131ld\u0131. Daha \u00f6nce mezuniyet t\u00f6renlerindeki pankartlarla g\u00fcndeme gelen ODT\u00dc \u00f6\u011frencilerinin 2022 y\u0131l\u0131 mezuniyet t\u00f6reni i\u00e7in haz\u0131rlad\u0131klar\u0131 pankartlar yine \u00e7ok konu\u015fuldu. ODT\u00dc \u00f6\u011frencilerinin mezuniyet pankartlar\u0131 sosyal medyan\u0131n da g\u00fcndemine oturdu. \u00d6\u011frencilerin haz\u0131rlad\u0131\u011f\u0131 pankartlara sosyal medyadan yorum ya\u011fd\u0131. ODT\u00dc \u00f6\u011frencileri ve mezunlar\u0131, Devrim Stadyumu\u2019nda d\u00fczenlenecek olan mezuniyet t\u00f6renlerinin yasaklanmas\u0131n\u0131n ard\u0131ndan kendi mezuniyet t\u00f6renlerini yapt\u0131. Mezuniyet t\u00f6renlerinde haz\u0131rlad\u0131klar\u0131 pankartlarla her y\u0131l g\u00fcndeme gelen ODT\u00dc \u00f6\u011frencileri, bu y\u0131l yine gelene\u011fi bozmad\u0131 ve 2022 y\u0131l\u0131 mezuniyet t\u00f6reni i\u00e7in de \u00e7ok konu\u015fulan pankartlar ortaya \u00e7\u0131kard\u0131. ODT\u00dc mezuniyet t\u00f6renindeki pankartlar g\u00fcndeme damga vurdu.<\/p>\n<p><strong>ODT\u00dc MEZUN\u0130YET PANKARTLARI Y\u0130NE G\u00dcNDEM OLDU<\/strong><\/p>\n<p>ODT\u00dc \u00f6\u011frencileri ve mezunlar\u0131, Devrim Stadyumu\u2019nda ger\u00e7ekle\u015ftirilecek olan mezuniyet t\u00f6reninin yasaklanmas\u0131n\u0131n ard\u0131ndan kendileri bir t\u00f6ren d\u00fczenledi ve mezuniyet i\u00e7in haz\u0131rlad\u0131klar\u0131 pankartlarla bir kez daha g\u00fcndem oldu. \u00d6\u011frenciler ve aileleri Devrim Stadyumu\u2019na bulu\u015farak mezuniyet t\u00f6renini ger\u00e7ekle\u015ftirdi. ODT\u00dc\u2019l\u00fc \u00f6\u011frencilerin a\u00e7t\u0131\u011f\u0131 pankartlar yine \u00e7ok konu\u015fuldu.<\/p>\n<p><img loading=\"lazy\" decoding=\"async\" class=\"aligncenter wp-image-32637 size-full\" src=\"https:\/\/adanaseshaber.com.tr\/wp-content\/uploads\/2022\/08\/odtu-mezuniyet-torenine-damga-vuran-pankartlar-1.jpg\" alt=\"\" width=\"1280\" height=\"720\" srcset=\"https:\/\/adanaseshaber.com.tr\/wp-content\/uploads\/2022\/08\/odtu-mezuniyet-torenine-damga-vuran-pankartlar-1.jpg 1280w, https:\/\/adanaseshaber.com.tr\/wp-content\/uploads\/2022\/08\/odtu-mezuniyet-torenine-damga-vuran-pankartlar-1-300x169.jpg 300w, https:\/\/adanaseshaber.com.tr\/wp-content\/uploads\/2022\/08\/odtu-mezuniyet-torenine-damga-vuran-pankartlar-1-1024x576.jpg 1024w, https:\/\/adanaseshaber.com.tr\/wp-content\/uploads\/2022\/08\/odtu-mezuniyet-torenine-damga-vuran-pankartlar-1-768x432.jpg 768w, https:\/\/adanaseshaber.com.tr\/wp-content\/uploads\/2022\/08\/odtu-mezuniyet-torenine-damga-vuran-pankartlar-1-390x220.jpg 390w\" sizes=\"auto, (max-width: 1280px) 100vw, 1280px\" \/><\/p>\n<p><strong>\u2018D\u0130NOZORA K\u0130MSE B\u0130R \u015eEY YAPMADI\u2019<\/strong><\/p>\n<p>ODT\u00dc \u00f6\u011frencilerinin 2022 y\u0131l\u0131 mezuniyet t\u00f6reni i\u00e7in haz\u0131rlad\u0131\u011f\u0131 pankartlar sosyal medyada payla\u015f\u0131m rekorlar\u0131 k\u0131rd\u0131. S\u00f6z konusu pankartlar yorum ya\u011fmuruna tutulurken ODT\u00dc\u2019l\u00fc \u00f6\u011frenciler bu y\u0131l yine mezuniyet pankartlar\u0131yla adlar\u0131ndan s\u00f6z ettirmeyi ba\u015fard\u0131. \u0130\u015fte 2022 ODT\u00dc mezuniyet t\u00f6reni pankartlar\u0131ndan baz\u0131lar\u0131;<\/p>\n<p>&#8211; Enflasyon sebep; faiz sonu\u00e7. Dinozora kimse bir \u015fey yapmad\u0131.<\/p>\n<p>&#8211; Sorular\u0131 de\u011fil, sorunlar\u0131m\u0131z\u0131 \u00e7al\u0131n.<\/p>\n<p>&#8211; Notlar\u0131 tayin eden Allah\u2019t\u0131r.<\/p>\n<p>&#8211; G\u00f6zlerime bak ne g\u00f6r\u00fcyorsun? Mezuniyet \u0131\u015f\u0131lt\u0131s\u0131.<\/p>\n<p>&#8211; \u015e\u00f6yle d\u00fc\u015f\u00fcn\u00fcn; KPSS\u2019ye de girmi\u015f olabilirdik.<\/p>\n<p>&#8211; Ortalamam\u0131z\u0131 T\u00dc\u0130K hesaplas\u0131n.<\/p>\n<p>-Akl\u0131m\u0131z havadaysa bilin ki &#8221;O&#8217;\u00a0 g\u00f6sterdi\u011fi i\u00e7in.<\/p>\n","protected":false},"excerpt":{"rendered":"<p>ODT\u00dc\u2019de gelenek yine bozulmad\u0131 ve bu y\u0131l yine mezuniyet t\u00f6renine damga vuran pankartlar a\u00e7\u0131ld\u0131. Daha \u00f6nce mezuniyet t\u00f6renlerindeki pankartlarla g\u00fcndeme gelen ODT\u00dc \u00f6\u011frencilerinin 2022 y\u0131l\u0131 mezuniyet t\u00f6reni i\u00e7in haz\u0131rlad\u0131klar\u0131 pankartlar yine \u00e7ok konu\u015fuldu. ODT\u00dc \u00f6\u011frencilerinin mezuniyet pankartlar\u0131 sosyal medyan\u0131n da g\u00fcndemine oturdu. \u00d6\u011frencilerin haz\u0131rlad\u0131\u011f\u0131 pankartlara sosyal medyadan yorum ya\u011fd\u0131. ODT\u00dc \u00f6\u011frencileri ve mezunlar\u0131, Devrim Stadyumu\u2019nda &hellip;<\/p>\n","protected":false},"author":6,"featured_media":32634,"comment_status":"closed","ping_status":"closed","sticky":false,"template":"","format":"standard","meta":{"footnotes":""},"categories":[1],"tags":[],"class_list":["post-32631","post","type-post","status-publish","format-standard","has-post-thumbnail","hentry","category-genel"],"amp_enabled":true,"_links":{"self":[{"href":"https:\/\/adanaseshaber.com.tr\/index.php?rest_route=\/wp\/v2\/posts\/32631","targetHints":{"allow":["GET"]}}],"collection":[{"href":"https:\/\/adanaseshaber.com.tr\/index.php?rest_route=\/wp\/v2\/posts"}],"about":[{"href":"https:\/\/adanaseshaber.com.tr\/index.php?rest_route=\/wp\/v2\/types\/post"}],"author":[{"embeddable":true,"href":"https:\/\/adanaseshaber.com.tr\/index.php?rest_route=\/wp\/v2\/users\/6"}],"replies":[{"embeddable":true,"href":"https:\/\/adanaseshaber.com.tr\/index.php?rest_route=%2Fwp%2Fv2%2Fcomments&post=32631"}],"version-history":[{"count":3,"href":"https:\/\/adanaseshaber.com.tr\/index.php?rest_route=\/wp\/v2\/posts\/32631\/revisions"}],"predecessor-version":[{"id":32638,"href":"https:\/\/adanaseshaber.com.tr\/index.php?rest_route=\/wp\/v2\/posts\/32631\/revisions\/32638"}],"wp:featuredmedia":[{"embeddable":true,"href":"https:\/\/adanaseshaber.com.tr\/index.php?rest_route=\/wp\/v2\/media\/32634"}],"wp:attachment":[{"href":"https:\/\/adanaseshaber.com.tr\/index.php?rest_route=%2Fwp%2Fv2%2Fmedia&parent=32631"}],"wp:term":[{"taxonomy":"category","embeddable":true,"href":"https:\/\/adanaseshaber.com.tr\/index.php?rest_route=%2Fwp%2Fv2%2Fcategories&post=32631"},{"taxonomy":"post_tag","embeddable":true,"href":"https:\/\/adanaseshaber.com.tr\/index.php?rest_route=%2Fwp%2Fv2%2Ftags&post=32631"}],"curies":[{"name":"wp","href":"https:\/\/api.w.org\/{rel}","templated":true}]}}