{"id":32639,"date":"2022-08-07T13:09:15","date_gmt":"2022-08-07T10:09:15","guid":{"rendered":"https:\/\/www.adanaseshaber.com\/?p=32639"},"modified":"2022-08-07T13:09:56","modified_gmt":"2022-08-07T10:09:56","slug":"yavuz-agiralioglundan-sosyal-medyayi-ayaga-kaldiran-muslumanlik-aciklamasi","status":"publish","type":"post","link":"https:\/\/adanaseshaber.com.tr\/?p=32639","title":{"rendered":"Yavuz A\u011f\u0131ralio\u011flu\u2019ndan sosyal medyay\u0131 aya\u011fa kald\u0131ran \u2018M\u00fcsl\u00fcmanl\u0131k\u2019 a\u00e7\u0131klamas\u0131"},"content":{"rendered":"<p>\u0130Y\u0130 Partili Yavuz A\u011f\u0131ralio\u011flu\u2019nun sosyal medya \u00fczerinden yapt\u0131\u011f\u0131 \u2018M\u00fcsl\u00fcmanl\u0131k\u2019 a\u00e7\u0131klamas\u0131na tepki ya\u011f\u0131yor. A\u011f\u0131ralio\u011flu\u2019nun sosyal medyada payla\u015f\u0131lan ve k\u0131sa s\u00fcrede yay\u0131lan videosuna tepkiler \u00e7\u0131\u011f gibi b\u00fcy\u00fcd\u00fc. S\u00f6z konusu videoda kullan\u0131lan ifadelere ilk tepki ise Zafer Partisi Genel Ba\u015fkan\u0131 \u00dcmit \u00d6zda\u011f\u2019dan geldi. A\u011f\u0131ralio\u011flu\u2019nun tepki \u00e7eken \u2018M\u00fcsl\u00fcmanl\u0131k\u2019 \u00e7\u0131k\u0131\u015f\u0131n\u0131n ard\u0131ndan g\u00f6zler \u0130Y\u0130 Parti Genel Ba\u015fkan\u0131 Meral Ak\u015fener\u2019e \u00e7evrildi. Ak\u015fener\u2019in tepki \u00e7eken video hakk\u0131nda s\u00f6yleyecekleri merak konusu oldu. \u0130Y\u0130 Parti \u0130stanbul Milletvekili Yavuz A\u011f\u0131ralio\u011flu, \u2018Biz M\u00fcsl\u00fcman olmayan T\u00fcrk\u2019e, T\u00fcrk ve insan demiyoruz.\u2019 s\u00f6zleriyle tepki \u00e7ekti. Sosyal medyada payla\u015f\u0131lan bu videodaki ifadelere ilk tepki ise Zafer Partisi Genel Ba\u015fkan\u0131 \u00d6zda\u011f\u2019dan geldi. \u00d6zda\u011f, \u2018Bu kafa \u0130slam \u00f6ncesi 4000 y\u0131ll\u0131k T\u00fcrk tarihini nas\u0131l izah eder?\u2019 diyerek A\u011f\u0131ralio\u011flu\u2019nun a\u00e7\u0131klamas\u0131n\u0131 ele\u015ftirdi. \u0130\u015fte detaylar\u2026<\/p>\n<p><strong>TEPK\u0130 \u00c7EKEN M\u00dcSL\u00dcMANLIK \u00c7IKI\u015eI<\/strong><\/p>\n<p>\u0130Y\u0130 Parti \u0130stanbul Milletvekili Yavuz A\u011f\u0131ralio\u011flu\u2019ndan sosyal medyay\u0131 aya\u011fa kald\u0131ran bir a\u00e7\u0131klama geldi. A\u011f\u0131ralio\u011flu\u2019nun sosyal medyada h\u0131zla yay\u0131lan ve hen\u00fcz nerede \u00e7ekildi\u011fi hakk\u0131nda herhangi bir bilgi bulunmayan videosuna tepkiler \u00e7\u0131\u011f gibi b\u00fcy\u00fcd\u00fc. S\u00f6z konusu videoda, kay\u0131t alan \u015fahs\u0131n \u2018\u0130slam karde\u015fli\u011fi vurgusundan \u00f6nce bir \u015fey daha s\u00f6ylediniz\u2019 ifadeleri \u00fczerine a\u00e7\u0131klama yapmaya ba\u015flayan A\u011f\u0131ralio\u011flu, \u2018Biz M\u00fcsl\u00fcman olmayan T\u00fcrk\u2019e, T\u00fcrk demiyoruz. Kemali ile T\u00fcrk demiyoruz. M\u00fcsl\u00fcman olmayan K\u00fcrde ni\u00e7in K\u00fcrt diyelim? Ni\u00e7in insan diyelim? Bizim i\u00e7in \u00f6nemli olan, arkas\u0131nda b\u00fcy\u00fck irademizle durdu\u011fumuz olan Allah\u2019a kulluk davam\u0131z\u0131n devlete, millete, medeniyete d\u00f6n\u00fck taraflar\u0131d\u0131r\u2019 ifadelerine yer verdi.<\/p>\n<p><img loading=\"lazy\" decoding=\"async\" class=\"aligncenter wp-image-32642 size-full\" src=\"https:\/\/adanaseshaber.com.tr\/wp-content\/uploads\/2022\/08\/yavuz-agiralioglundan-sosyal-medyayi-ayaga-kaldiran-muslumanlik-aciklamasi-1.jpg\" alt=\"\" width=\"1280\" height=\"720\" srcset=\"https:\/\/adanaseshaber.com.tr\/wp-content\/uploads\/2022\/08\/yavuz-agiralioglundan-sosyal-medyayi-ayaga-kaldiran-muslumanlik-aciklamasi-1.jpg 1280w, https:\/\/adanaseshaber.com.tr\/wp-content\/uploads\/2022\/08\/yavuz-agiralioglundan-sosyal-medyayi-ayaga-kaldiran-muslumanlik-aciklamasi-1-300x169.jpg 300w, https:\/\/adanaseshaber.com.tr\/wp-content\/uploads\/2022\/08\/yavuz-agiralioglundan-sosyal-medyayi-ayaga-kaldiran-muslumanlik-aciklamasi-1-1024x576.jpg 1024w, https:\/\/adanaseshaber.com.tr\/wp-content\/uploads\/2022\/08\/yavuz-agiralioglundan-sosyal-medyayi-ayaga-kaldiran-muslumanlik-aciklamasi-1-768x432.jpg 768w, https:\/\/adanaseshaber.com.tr\/wp-content\/uploads\/2022\/08\/yavuz-agiralioglundan-sosyal-medyayi-ayaga-kaldiran-muslumanlik-aciklamasi-1-390x220.jpg 390w\" sizes=\"auto, (max-width: 1280px) 100vw, 1280px\" \/><\/p>\n<p><strong>TEPK\u0130 YA\u011eDI<\/strong><\/p>\n<p>Videodaki a\u00e7\u0131klamalar\u0131na devam eden A\u011f\u0131ralio\u011flu, \u2018Bu s\u00fcrecin hi\u00e7bir taraf\u0131nda diliyle, diniyle, iman\u0131yla, s\u00f6z\u00fcyle olmayan K\u00fcrd\u00fc, T\u00fcrk\u00fc, karde\u015fli\u011fi ve iman\u0131m\u0131z\u0131 temsil edemezler. Bu s\u00fcrecin en k\u00f6t\u00fc taraf\u0131 bizim a\u00e7\u0131m\u0131zdan inan\u00e7s\u0131zl\u0131\u011f\u0131yla, ahlaks\u0131zl\u0131\u011f\u0131yla bin y\u0131ll\u0131k bir karde\u015fli\u011fin \u00fczerine hami edilmesidir.\u2019 dedi. \u0130Y\u0130 Partili A\u011f\u0131ralio\u011flu\u2019nun bu s\u00f6zlerine ilk tepki Zafer Partisi Genel Ba\u015fkan\u0131 \u00dcmit \u00d6zda\u011f\u2019dan geldi. Kullan\u0131lan ifadeler hakk\u0131nda a\u00e7\u0131klama yapan \u00d6zda\u011f, \u2018Bu kafa \u0130slam \u00f6ncesi 4000 y\u0131ll\u0131k T\u00fcrk tarihini nas\u0131l izah eder?\u2019 dedi. A\u011f\u0131ralio\u011flu\u2019nun videoda kulland\u0131\u011f\u0131 ifadelere sosyal medya kullan\u0131c\u0131lar\u0131 taraf\u0131ndan da tepki ya\u011fd\u0131. S\u00f6z konusu videonun ard\u0131ndan g\u00f6zler \u0130Y\u0130 Parti Genel Ba\u015fkan\u0131 Meral Ak\u015fener\u2019e \u00e7evrildi. Ak\u015fener\u2019in A\u011f\u0131ralio\u011flu\u2019nun videda kulland\u0131\u011f\u0131 ifadelerle ilgili s\u00f6yleyecekleri merak konusu oldu.<\/p>\n<p>&nbsp;<\/p>\n","protected":false},"excerpt":{"rendered":"<p>\u0130Y\u0130 Partili Yavuz A\u011f\u0131ralio\u011flu\u2019nun sosyal medya \u00fczerinden yapt\u0131\u011f\u0131 \u2018M\u00fcsl\u00fcmanl\u0131k\u2019 a\u00e7\u0131klamas\u0131na tepki ya\u011f\u0131yor. A\u011f\u0131ralio\u011flu\u2019nun sosyal medyada payla\u015f\u0131lan ve k\u0131sa s\u00fcrede yay\u0131lan videosuna tepkiler \u00e7\u0131\u011f gibi b\u00fcy\u00fcd\u00fc. S\u00f6z konusu videoda kullan\u0131lan ifadelere ilk tepki ise Zafer Partisi Genel Ba\u015fkan\u0131 \u00dcmit \u00d6zda\u011f\u2019dan geldi. A\u011f\u0131ralio\u011flu\u2019nun tepki \u00e7eken \u2018M\u00fcsl\u00fcmanl\u0131k\u2019 \u00e7\u0131k\u0131\u015f\u0131n\u0131n ard\u0131ndan g\u00f6zler \u0130Y\u0130 Parti Genel Ba\u015fkan\u0131 Meral Ak\u015fener\u2019e \u00e7evrildi. Ak\u015fener\u2019in &hellip;<\/p>\n","protected":false},"author":6,"featured_media":32640,"comment_status":"closed","ping_status":"closed","sticky":false,"template":"","format":"standard","meta":{"footnotes":""},"categories":[1],"tags":[],"class_list":["post-32639","post","type-post","status-publish","format-standard","has-post-thumbnail","hentry","category-genel"],"amp_enabled":true,"_links":{"self":[{"href":"https:\/\/adanaseshaber.com.tr\/index.php?rest_route=\/wp\/v2\/posts\/32639","targetHints":{"allow":["GET"]}}],"collection":[{"href":"https:\/\/adanaseshaber.com.tr\/index.php?rest_route=\/wp\/v2\/posts"}],"about":[{"href":"https:\/\/adanaseshaber.com.tr\/index.php?rest_route=\/wp\/v2\/types\/post"}],"author":[{"embeddable":true,"href":"https:\/\/adanaseshaber.com.tr\/index.php?rest_route=\/wp\/v2\/users\/6"}],"replies":[{"embeddable":true,"href":"https:\/\/adanaseshaber.com.tr\/index.php?rest_route=%2Fwp%2Fv2%2Fcomments&post=32639"}],"version-history":[{"count":2,"href":"https:\/\/adanaseshaber.com.tr\/index.php?rest_route=\/wp\/v2\/posts\/32639\/revisions"}],"predecessor-version":[{"id":32643,"href":"https:\/\/adanaseshaber.com.tr\/index.php?rest_route=\/wp\/v2\/posts\/32639\/revisions\/32643"}],"wp:featuredmedia":[{"embeddable":true,"href":"https:\/\/adanaseshaber.com.tr\/index.php?rest_route=\/wp\/v2\/media\/32640"}],"wp:attachment":[{"href":"https:\/\/adanaseshaber.com.tr\/index.php?rest_route=%2Fwp%2Fv2%2Fmedia&parent=32639"}],"wp:term":[{"taxonomy":"category","embeddable":true,"href":"https:\/\/adanaseshaber.com.tr\/index.php?rest_route=%2Fwp%2Fv2%2Fcategories&post=32639"},{"taxonomy":"post_tag","embeddable":true,"href":"https:\/\/adanaseshaber.com.tr\/index.php?rest_route=%2Fwp%2Fv2%2Ftags&post=32639"}],"curies":[{"name":"wp","href":"https:\/\/api.w.org\/{rel}","templated":true}]}}