{"id":32649,"date":"2022-08-07T13:59:07","date_gmt":"2022-08-07T10:59:07","guid":{"rendered":"https:\/\/www.adanaseshaber.com\/?p=32649"},"modified":"2022-08-07T14:00:29","modified_gmt":"2022-08-07T11:00:29","slug":"istanbulda-halk-ekmeke-zam-halk-ekmek-fiyati-istanbul","status":"publish","type":"post","link":"https:\/\/adanaseshaber.com.tr\/?p=32649","title":{"rendered":"\u0130stanbul\u2019da Halk Ekmek\u2019e zam! Halk ekmek fiyat\u0131 \u0130stanbul"},"content":{"rendered":"<p>Halk ekmek i\u00e7in zam haberleri pe\u015f pe\u015fe gelmeye devam ediyor. Ankara\u2019n\u0131n ard\u0131ndan \u015fimdi de \u0130stanbul ve \u0130zmir\u2019de de Halk Ekmek\u2019e zam geldi\u011fi \u00f6\u011frenildi. Halk Ekmek i\u00e7in zam karar\u0131 alan Ankara, \u0130zmir ve \u0130stanbul Belediyesi\u2019nin \u00fc\u00e7\u00fc de zam i\u00e7in ayn\u0131 nedeni gerek\u00e7e g\u00f6sterdi. Gelen zamm\u0131n ard\u0131ndan Halk Ekmek fiyatlar\u0131 ara\u015ft\u0131r\u0131lmaya ba\u015fland\u0131. Ankara, \u0130stanbul ve \u0130zmir\u2019de Halk Ekmek\u2019e zam geldi. Artan maliyetler sebebiyle zam karar\u0131 alan belediyeler zam karar\u0131yla g\u00fcndem oldu. Maliyet art\u0131\u015flar\u0131n\u0131n zamm\u0131 zorunlu k\u0131ld\u0131\u011f\u0131 aktar\u0131ld\u0131. \u0130BB, fiyat d\u00fczenlemesinin ka\u00e7\u0131n\u0131lmaz oldu\u011funu s\u00f6yledi. \u0130\u015fte Halk Ekmek\u2019e gelen zam ve t\u00fcm detaylar\u2026<\/p>\n<p><strong>3 B\u00dcY\u00dcK\u015eEH\u0130R BELED\u0130YES\u0130\u2019NDEN HALK EKMEK\u2019E ZAM KARARI<\/strong><\/p>\n<p>\u0130lk olarak Ankara B\u00fcy\u00fck\u015fehir Belediyesi b\u00fcnyesinde bulunan Halk Ekmek taraf\u0131ndan \u00fcretilen ekme\u011fe 1 lira zam geldi\u011fi duyuruldu. Bu zamm\u0131n ard\u0131ndan Ankara\u2019da 2 liradan sat\u0131lan Halk Ekmek, 8 A\u011fustos 2022 tarihinden itibaren 3 liradan sat\u0131lacak. Ankara\u2019daki y\u00fczde 50 zam karar\u0131n\u0131n ard\u0131ndan \u0130zmir ve \u0130stanbul\u2019da da Halk Ekmek\u2019e zam gelece\u011fi \u00f6\u011frenildi. 3 b\u00fcy\u00fck\u015fehir belediyesi taraf\u0131ndan al\u0131nan zam karar\u0131n\u0131n maliyet art\u0131\u015flar\u0131 sebebiyle ka\u00e7\u0131n\u0131lmaz oldu\u011fu belirtildi.<\/p>\n<p><strong>\u0130ZM\u0130R\u2019DE DE 3 L\u0130RA OLDU<\/strong><\/p>\n<p>Ankara\u2019n\u0131n ard\u0131ndan bir zam haberi de \u0130zmir\u2019den geldi. \u0130zmir B\u00fcy\u00fck\u015fehir Belediyesi de Halk Ekmek fiyat\u0131na zam yapt\u0131 ve y\u00fczde 20 art\u0131\u015fla 2.5 lira olan ekmek fiyat\u0131 3 liraya y\u00fckseldi. \u0130zmir Belediyesi\u2019nin sosyal medya hesab\u0131ndan yap\u0131lan a\u00e7\u0131klamada ise artan maliyetlere vurgu yap\u0131larak 8 A\u011fustos 2022 tarihinden itibaren Halk Ekmek\u2019in 3 liradan sat\u0131laca\u011f\u0131 duyuruldu.<\/p>\n<p><img loading=\"lazy\" decoding=\"async\" class=\"aligncenter wp-image-32652 size-full\" src=\"https:\/\/adanaseshaber.com.tr\/wp-content\/uploads\/2022\/08\/istanbulda-halk-ekmeke-zam-halk-ekmek-fiyati-istanbul-1.jpg\" alt=\"\" width=\"1280\" height=\"720\" srcset=\"https:\/\/adanaseshaber.com.tr\/wp-content\/uploads\/2022\/08\/istanbulda-halk-ekmeke-zam-halk-ekmek-fiyati-istanbul-1.jpg 1280w, https:\/\/adanaseshaber.com.tr\/wp-content\/uploads\/2022\/08\/istanbulda-halk-ekmeke-zam-halk-ekmek-fiyati-istanbul-1-300x169.jpg 300w, https:\/\/adanaseshaber.com.tr\/wp-content\/uploads\/2022\/08\/istanbulda-halk-ekmeke-zam-halk-ekmek-fiyati-istanbul-1-1024x576.jpg 1024w, https:\/\/adanaseshaber.com.tr\/wp-content\/uploads\/2022\/08\/istanbulda-halk-ekmeke-zam-halk-ekmek-fiyati-istanbul-1-768x432.jpg 768w, https:\/\/adanaseshaber.com.tr\/wp-content\/uploads\/2022\/08\/istanbulda-halk-ekmeke-zam-halk-ekmek-fiyati-istanbul-1-390x220.jpg 390w\" sizes=\"auto, (max-width: 1280px) 100vw, 1280px\" \/><\/p>\n<p><strong>\u0130BB\u2019DEN ZAM A\u00c7IKLAMASI<\/strong><\/p>\n<p>Ankara ve \u0130zmir\u2019in ard\u0131ndan bir zam haberi de \u0130stanbul\u2019dan geldi. \u0130BB \u015firketi Halk Ekmek A.\u015e\u2019nin Y\u00f6netim Kurulu Ba\u015fkanvekili \u00d6zgen Nama, 2 liral\u0131k normal ekmek fiyat\u0131n\u0131n 3 liraya \u00e7\u0131kar\u0131ld\u0131\u011f\u0131n\u0131 bildirdi. 3-4 ayd\u0131r ekme\u011fi zarar\u0131na satt\u0131klar\u0131n\u0131 aktaran Nama, \u2018F\u0131r\u0131nc\u0131lar\u0131n 210 gram ekme\u011fi 5 liraya satt\u0131\u011f\u0131 piyasada, 250 graml\u0131k normal ekme\u011fimizin fiyat\u0131n\u0131 3 liraya \u00e7\u0131kard\u0131k. \u00dczg\u00fcn\u00fcz ama ba\u015fka \u00e7aremiz kalmad\u0131. \u00dcretimin s\u00fcreklili\u011fi ve kurumun ya\u015famas\u0131 i\u00e7in fiyat d\u00fczenlemesi ka\u00e7\u0131n\u0131lmaz oldu.\u2019 dedi.<\/p>\n","protected":false},"excerpt":{"rendered":"<p>Halk ekmek i\u00e7in zam haberleri pe\u015f pe\u015fe gelmeye devam ediyor. Ankara\u2019n\u0131n ard\u0131ndan \u015fimdi de \u0130stanbul ve \u0130zmir\u2019de de Halk Ekmek\u2019e zam geldi\u011fi \u00f6\u011frenildi. Halk Ekmek i\u00e7in zam karar\u0131 alan Ankara, \u0130zmir ve \u0130stanbul Belediyesi\u2019nin \u00fc\u00e7\u00fc de zam i\u00e7in ayn\u0131 nedeni gerek\u00e7e g\u00f6sterdi. Gelen zamm\u0131n ard\u0131ndan Halk Ekmek fiyatlar\u0131 ara\u015ft\u0131r\u0131lmaya ba\u015fland\u0131. Ankara, \u0130stanbul ve \u0130zmir\u2019de Halk &hellip;<\/p>\n","protected":false},"author":6,"featured_media":32650,"comment_status":"closed","ping_status":"closed","sticky":false,"template":"","format":"standard","meta":{"footnotes":""},"categories":[1],"tags":[],"class_list":["post-32649","post","type-post","status-publish","format-standard","has-post-thumbnail","hentry","category-genel"],"amp_enabled":true,"_links":{"self":[{"href":"https:\/\/adanaseshaber.com.tr\/index.php?rest_route=\/wp\/v2\/posts\/32649","targetHints":{"allow":["GET"]}}],"collection":[{"href":"https:\/\/adanaseshaber.com.tr\/index.php?rest_route=\/wp\/v2\/posts"}],"about":[{"href":"https:\/\/adanaseshaber.com.tr\/index.php?rest_route=\/wp\/v2\/types\/post"}],"author":[{"embeddable":true,"href":"https:\/\/adanaseshaber.com.tr\/index.php?rest_route=\/wp\/v2\/users\/6"}],"replies":[{"embeddable":true,"href":"https:\/\/adanaseshaber.com.tr\/index.php?rest_route=%2Fwp%2Fv2%2Fcomments&post=32649"}],"version-history":[{"count":2,"href":"https:\/\/adanaseshaber.com.tr\/index.php?rest_route=\/wp\/v2\/posts\/32649\/revisions"}],"predecessor-version":[{"id":32653,"href":"https:\/\/adanaseshaber.com.tr\/index.php?rest_route=\/wp\/v2\/posts\/32649\/revisions\/32653"}],"wp:featuredmedia":[{"embeddable":true,"href":"https:\/\/adanaseshaber.com.tr\/index.php?rest_route=\/wp\/v2\/media\/32650"}],"wp:attachment":[{"href":"https:\/\/adanaseshaber.com.tr\/index.php?rest_route=%2Fwp%2Fv2%2Fmedia&parent=32649"}],"wp:term":[{"taxonomy":"category","embeddable":true,"href":"https:\/\/adanaseshaber.com.tr\/index.php?rest_route=%2Fwp%2Fv2%2Fcategories&post=32649"},{"taxonomy":"post_tag","embeddable":true,"href":"https:\/\/adanaseshaber.com.tr\/index.php?rest_route=%2Fwp%2Fv2%2Ftags&post=32649"}],"curies":[{"name":"wp","href":"https:\/\/api.w.org\/{rel}","templated":true}]}}