{"id":32705,"date":"2022-08-07T22:49:38","date_gmt":"2022-08-07T19:49:38","guid":{"rendered":"https:\/\/www.adanaseshaber.com\/?p=32705"},"modified":"2022-08-07T22:49:40","modified_gmt":"2022-08-07T19:49:40","slug":"merve-bolugurdan-murat-dalkilica-bu-kacinci-show-kocum","status":"publish","type":"post","link":"https:\/\/adanaseshaber.com.tr\/?p=32705","title":{"rendered":"Merve Bolu\u011fur\u2019dan Murat Dalk\u0131l\u0131\u00e7\u2019a: Bu ka\u00e7\u0131nc\u0131 Show ko\u00e7um"},"content":{"rendered":"<p>Son d\u00f6nemde magazin man\u015fetlerinden d\u00fc\u015fmeyen \u00fcnl\u00fc oyuncu Merve Bolu\u011fur, eski e\u015fi Murat Dalk\u0131l\u0131\u00e7 ile ilgili sessizli\u011fini bozdu. \u00c7\u0131kard\u0131\u011f\u0131 \u015fark\u0131 ve \u00f6zel hayat\u0131yla s\u0131k s\u0131k g\u00fcndeme gelen ve a\u00e7\u0131klamalar\u0131yla magazin man\u015fetlerinde yer bulan Bolu\u011fur, eski e\u015fi Murat Dalk\u0131l\u0131\u00e7\u2019a a\u011f\u0131r s\u00f6zlerle y\u00fcklendi. \u00dcnl\u00fc \u015fark\u0131c\u0131 Murat Dalk\u0131l\u0131\u00e7, eski e\u015fi Merve Bolu\u011fur ile ilgili bir a\u00e7\u0131klama yapm\u0131\u015f ve \u2018\u0130sterse ayr\u0131l\u0131k nedenimizi Merve a\u00e7\u0131klar\u2019 demi\u015fti. Murat Dalk\u0131l\u0131\u00e7\u2019\u0131n yapt\u0131\u011f\u0131 a\u00e7\u0131klaman\u0131n ard\u0131ndan sessizli\u011fini bozan Merve Bolu\u011fur ise a\u00e7t\u0131 a\u011fz\u0131n\u0131 yumdu g\u00f6z\u00fcn\u00fc. Son d\u00f6nemde magazin man\u015fetlerinde yer almaktan rahats\u0131z olan ve son olarak eski e\u015fi Murat Dalk\u0131l\u0131\u00e7\u2019la ad\u0131n\u0131n s\u0131k\u00e7a an\u0131lmas\u0131 Bolu\u011fur\u2019un moralini bir hayli bozdu. Murat Dalk\u0131l\u0131\u00e7\u2019tan gelen a\u00e7\u0131klama ise barda\u011f\u0131 ta\u015f\u0131ran son damla oldu ve g\u00fczel oyuncu sessizli\u011fini bozdu. \u0130\u015fte Merve Bolu\u011fur\u2019un eski e\u015fi Murat Dalk\u0131l\u0131\u00e7\u2019a verdi\u011fi yan\u0131t ve t\u00fcm detaylar&#8230;<\/p>\n<p><strong>MURAT DALKILI\u00c7\u2019TAN MERVE BOLU\u011eUR A\u00c7IKLAMASI<\/strong><\/p>\n<p>\u00dcnl\u00fc \u015fark\u0131c\u0131 Murat Dalk\u0131l\u0131\u00e7\u2019\u0131n eski e\u015fi Merve Bolu\u011fur ile ilgili a\u00e7\u0131klamalar\u0131 g\u00fcndeme bomba gibi d\u00fc\u015ft\u00fc. Magazin man\u015fetlerinin en \u00fcst s\u0131ralar\u0131nda yer bulan a\u00e7\u0131klamalar \u00e7ok konu\u015fuldu. Merve Bolu\u011fur\u2019un bo\u015fanma sonras\u0131nda zor g\u00fcnler ge\u00e7irdi\u011fi, psikolojik olarak zor zamanlardan ge\u00e7ti\u011fi ve bu sebepten dolay\u0131 ekranlardan uzakla\u015ft\u0131\u011f\u0131 iddia edildi. \u00d6zellikle \u2018Murat\u2019tan sonra kendini toparlayamad\u0131\u2019 yorumlar\u0131na kar\u015f\u0131 sessiz kalamayan Dalk\u0131l\u0131\u00e7, \u2018Merve ne olursa olsun ailemin soyad\u0131n\u0131 ta\u015f\u0131d\u0131. Bizim ayr\u0131lma nedenimizi can\u0131 isterse bir g\u00fcn Merve a\u00e7\u0131klar.\u2019 \u0130fadelerini kulland\u0131. Eski e\u015finin bu a\u00e7\u0131klamalar\u0131na \u00e7ok sinirlenen Merve Bolu\u011fur ise Murat Dalk\u0131l\u0131\u00e7\u2019\u0131 topa tuttu.<\/p>\n<p><img loading=\"lazy\" decoding=\"async\" class=\"aligncenter wp-image-32707 size-full\" src=\"https:\/\/adanaseshaber.com.tr\/wp-content\/uploads\/2022\/08\/merve-bolugurdan-murat-dalkilica-bu-kacinci-show-kocum-1.jpg\" alt=\"\" width=\"1280\" height=\"720\" srcset=\"https:\/\/adanaseshaber.com.tr\/wp-content\/uploads\/2022\/08\/merve-bolugurdan-murat-dalkilica-bu-kacinci-show-kocum-1.jpg 1280w, https:\/\/adanaseshaber.com.tr\/wp-content\/uploads\/2022\/08\/merve-bolugurdan-murat-dalkilica-bu-kacinci-show-kocum-1-300x169.jpg 300w, https:\/\/adanaseshaber.com.tr\/wp-content\/uploads\/2022\/08\/merve-bolugurdan-murat-dalkilica-bu-kacinci-show-kocum-1-1024x576.jpg 1024w, https:\/\/adanaseshaber.com.tr\/wp-content\/uploads\/2022\/08\/merve-bolugurdan-murat-dalkilica-bu-kacinci-show-kocum-1-768x432.jpg 768w, https:\/\/adanaseshaber.com.tr\/wp-content\/uploads\/2022\/08\/merve-bolugurdan-murat-dalkilica-bu-kacinci-show-kocum-1-390x220.jpg 390w\" sizes=\"auto, (max-width: 1280px) 100vw, 1280px\" \/><\/p>\n<p><strong>MERVE\u2019DEN ZEH\u0130R ZEMBEREK A\u00c7IKLAMALAR<\/strong><\/p>\n<p>Eski e\u015fi Murat Dalk\u0131l\u0131\u00e7\u2019\u0131n a\u00e7\u0131klamalar\u0131na \u00e7ok sinirlenen Merve Bolu\u011fur, sosyal medya hesab\u0131ndan yapt\u0131\u011f\u0131 a\u00e7\u0131klamayla a\u00e7t\u0131 a\u011fz\u0131n\u0131 yumdu g\u00f6z\u00fcn\u00fc. Murat Dalk\u0131l\u0131\u00e7\u2019\u0131 hedef alan Bolu\u011fur, \u2018Ge\u00e7mi\u015fimle ilgili hi\u00e7 konu\u015fmad\u0131m \u00e7\u00fcnk\u00fc benim i\u00e7in bitmi\u015ftir. Susmam\u0131n nedeni de sayg\u0131mdand\u0131 hep. Fakat kimse de beni defalarca a\u011fz\u0131na sak\u0131z etmeyecek. Topluca son kez yaz\u0131yorum. Bir daha bana b\u00f6yle gelmeyin. Ne magazin ne ex. Son kez s\u00f6yl\u00fcyorum. Benim bir duru\u015fum, imaj\u0131m var. Kalk\u0131p koku\u015fmu\u015f bitmi\u015f \u015feyin primini yapmak ne ya. Yan\u0131ndaki kad\u0131na sayg\u0131n olsun. Bir de Merve a\u00e7\u0131klas\u0131n falan. Ka\u00e7\u0131nc\u0131 Show ko\u00e7um. Art\u0131k hakk\u0131m\u0131 savunaca\u011f\u0131m. Kimse beni de\u011fi\u015fik ithamlarla yarg\u0131layamaz. L\u00fctfen erkek\u00e7ikler uzak durun benden. Ne birine laf att\u0131m bug\u00fcne kadar, ne birine yasland\u0131m. Siz de benden uzak duracaks\u0131n\u0131z bu b\u00f6yle biline. Cahil kesimin psikolojik bask\u0131lar\u0131ndan da s\u0131k\u0131ld\u0131m. \u0130\u015fsiz misiniz bu kadar psikolog kesildiniz. S\u0131\u011f kafalar\u0131n\u0131zla uzay\u0131n abi. Ben Merve\u2019yim sadece.\u2019 ifadelerini kulland\u0131.<\/p>\n<p>&nbsp;<\/p>\n","protected":false},"excerpt":{"rendered":"<p>Son d\u00f6nemde magazin man\u015fetlerinden d\u00fc\u015fmeyen \u00fcnl\u00fc oyuncu Merve Bolu\u011fur, eski e\u015fi Murat Dalk\u0131l\u0131\u00e7 ile ilgili sessizli\u011fini bozdu. \u00c7\u0131kard\u0131\u011f\u0131 \u015fark\u0131 ve \u00f6zel hayat\u0131yla s\u0131k s\u0131k g\u00fcndeme gelen ve a\u00e7\u0131klamalar\u0131yla magazin man\u015fetlerinde yer bulan Bolu\u011fur, eski e\u015fi Murat Dalk\u0131l\u0131\u00e7\u2019a a\u011f\u0131r s\u00f6zlerle y\u00fcklendi. \u00dcnl\u00fc \u015fark\u0131c\u0131 Murat Dalk\u0131l\u0131\u00e7, eski e\u015fi Merve Bolu\u011fur ile ilgili bir a\u00e7\u0131klama yapm\u0131\u015f ve \u2018\u0130sterse &hellip;<\/p>\n","protected":false},"author":6,"featured_media":32706,"comment_status":"closed","ping_status":"closed","sticky":false,"template":"","format":"standard","meta":{"footnotes":""},"categories":[15431],"tags":[],"class_list":["post-32705","post","type-post","status-publish","format-standard","has-post-thumbnail","hentry","category-medya"],"amp_enabled":true,"_links":{"self":[{"href":"https:\/\/adanaseshaber.com.tr\/index.php?rest_route=\/wp\/v2\/posts\/32705","targetHints":{"allow":["GET"]}}],"collection":[{"href":"https:\/\/adanaseshaber.com.tr\/index.php?rest_route=\/wp\/v2\/posts"}],"about":[{"href":"https:\/\/adanaseshaber.com.tr\/index.php?rest_route=\/wp\/v2\/types\/post"}],"author":[{"embeddable":true,"href":"https:\/\/adanaseshaber.com.tr\/index.php?rest_route=\/wp\/v2\/users\/6"}],"replies":[{"embeddable":true,"href":"https:\/\/adanaseshaber.com.tr\/index.php?rest_route=%2Fwp%2Fv2%2Fcomments&post=32705"}],"version-history":[{"count":2,"href":"https:\/\/adanaseshaber.com.tr\/index.php?rest_route=\/wp\/v2\/posts\/32705\/revisions"}],"predecessor-version":[{"id":32709,"href":"https:\/\/adanaseshaber.com.tr\/index.php?rest_route=\/wp\/v2\/posts\/32705\/revisions\/32709"}],"wp:featuredmedia":[{"embeddable":true,"href":"https:\/\/adanaseshaber.com.tr\/index.php?rest_route=\/wp\/v2\/media\/32706"}],"wp:attachment":[{"href":"https:\/\/adanaseshaber.com.tr\/index.php?rest_route=%2Fwp%2Fv2%2Fmedia&parent=32705"}],"wp:term":[{"taxonomy":"category","embeddable":true,"href":"https:\/\/adanaseshaber.com.tr\/index.php?rest_route=%2Fwp%2Fv2%2Fcategories&post=32705"},{"taxonomy":"post_tag","embeddable":true,"href":"https:\/\/adanaseshaber.com.tr\/index.php?rest_route=%2Fwp%2Fv2%2Ftags&post=32705"}],"curies":[{"name":"wp","href":"https:\/\/api.w.org\/{rel}","templated":true}]}}