{"id":32710,"date":"2022-08-07T23:21:35","date_gmt":"2022-08-07T20:21:35","guid":{"rendered":"https:\/\/www.adanaseshaber.com\/?p=32710"},"modified":"2022-08-07T23:21:37","modified_gmt":"2022-08-07T20:21:37","slug":"bime-psikolog-mu-geldi-bimde-psikolog-senasi-satilmasi-gundem-oldu","status":"publish","type":"post","link":"https:\/\/adanaseshaber.com.tr\/?p=32710","title":{"rendered":"B\u0130M\u2019e psikolog mu geldi? B\u0130M\u2019de psikolog senas\u0131 sat\u0131lmas\u0131 g\u00fcndem oldu"},"content":{"rendered":"<p>B\u0130M\u2019in 12 A\u011fustos 2022 akt\u00fcel \u00fcr\u00fcnler katalo\u011fu sosyal medyan\u0131n g\u00fcndemine yerle\u015fti. B\u0130M\u2019in 12 A\u011fustos akt\u00fcel \u00fcr\u00fcnler bro\u015f\u00fcr\u00fcndeki psikolog g\u00f6rselini g\u00f6renler g\u00f6zlerine inanamad\u0131. Sosyal medyan\u0131n da g\u00fcndemine yerle\u015fen olayla ilgili binlerce yorum yap\u0131ld\u0131. G\u00fcndeme yerle\u015fen B\u0130M bro\u015f\u00fcr\u00fcndeki psikolog g\u00f6rseliyle ilgili gelen baz\u0131 yorumlar y\u00fczleri g\u00fcl\u00fcmsetti. B\u0130M 12 A\u011fustos 2022 akt\u00fcel \u00fcr\u00fcnler katalo\u011fu sosyal medyan\u0131n en \u00e7ok konu\u015fulan konusu oldu. B\u0130M\u2019in indirimli \u00fcr\u00fcnler bro\u015f\u00fcr\u00fcndeki psikolog g\u00f6rseli g\u00f6renleri \u015fa\u015f\u0131rtt\u0131. Konuyla ilgili onlarca yorum gelirken yap\u0131lan baz\u0131 yorumlar g\u00fcl\u00fcmsetti. Sosyal medyada payla\u015f\u0131m rekorlar\u0131 k\u0131ran psikolog g\u00f6rseli ile ilgili ara\u015ft\u0131rmalar da yo\u011funla\u015ft\u0131. Vatanda\u015flar, \u2018B\u0130M\u2019e psikolog mu geldi?\u2019, \u2018B\u0130M psikolog g\u00f6rseli ger\u00e7ek mi?\u2019, \u2018B\u0130M\u2019de psikolog seans\u0131 m\u0131 sat\u0131l\u0131yor?\u2019 gibi sorulara yan\u0131t aramaya ba\u015flad\u0131. \u0130\u015fte detaylar\u2026<\/p>\n<p><strong>B\u0130M\u2019E PS\u0130KOLOG MU GELD\u0130?<\/strong><\/p>\n<p>B\u0130M marketin 12 A\u011fustos 2022 tarihine ait akt\u00fcel \u00fcr\u00fcnler katalo\u011fundaki psikolog g\u00f6rseli \u00fclke g\u00fcndemine oturdu. Sosyal medyada payla\u015f\u0131m rekorlar\u0131 k\u0131ran bro\u015f\u00fcrdeki psikolog g\u00f6rseli ile ilgili ara\u015ft\u0131rmalar yo\u011funla\u015ft\u0131. Viral olan g\u00f6rselin ger\u00e7ek olup olmad\u0131\u011f\u0131 merakla ara\u015ft\u0131r\u0131l\u0131rken B\u0130M\u2019in 12 A\u011fustos tarihine ait oldu\u011fu iddia edilen indirimli \u00fcr\u00fcnler bro\u015f\u00fcr\u00fcnde yer alan \u2018Psikolog seans ba\u015f\u0131 199,99 TL\u2019 g\u00f6rseli g\u00fcndeme bomba gibi d\u00fc\u015ft\u00fc. Ancak k\u0131sa s\u00fcre i\u00e7inde s\u00f6z konusu g\u00f6rselin photoshop oldu\u011fu ortaya \u00e7\u0131kt\u0131. B\u00f6ylece B\u0130M markete ait oldu\u011fu iddia edilen ve 12 A\u011fustos akt\u00fcel \u00fcr\u00fcnler katalo\u011fu olarak payla\u015f\u0131lan psikolog seans\u0131n\u0131n as\u0131ls\u0131z oldu\u011fu \u00f6\u011frenildi.<\/p>\n<p><img loading=\"lazy\" decoding=\"async\" class=\"aligncenter wp-image-32712 size-full\" src=\"https:\/\/adanaseshaber.com.tr\/wp-content\/uploads\/2022\/08\/bime-psikolog-mu-geldi-bimde-psikolog-senasi-satilmasi-gundem-oldu-1.jpg\" alt=\"\" width=\"1280\" height=\"720\" srcset=\"https:\/\/adanaseshaber.com.tr\/wp-content\/uploads\/2022\/08\/bime-psikolog-mu-geldi-bimde-psikolog-senasi-satilmasi-gundem-oldu-1.jpg 1280w, https:\/\/adanaseshaber.com.tr\/wp-content\/uploads\/2022\/08\/bime-psikolog-mu-geldi-bimde-psikolog-senasi-satilmasi-gundem-oldu-1-300x169.jpg 300w, https:\/\/adanaseshaber.com.tr\/wp-content\/uploads\/2022\/08\/bime-psikolog-mu-geldi-bimde-psikolog-senasi-satilmasi-gundem-oldu-1-1024x576.jpg 1024w, https:\/\/adanaseshaber.com.tr\/wp-content\/uploads\/2022\/08\/bime-psikolog-mu-geldi-bimde-psikolog-senasi-satilmasi-gundem-oldu-1-768x432.jpg 768w, https:\/\/adanaseshaber.com.tr\/wp-content\/uploads\/2022\/08\/bime-psikolog-mu-geldi-bimde-psikolog-senasi-satilmasi-gundem-oldu-1-390x220.jpg 390w\" sizes=\"auto, (max-width: 1280px) 100vw, 1280px\" \/><\/p>\n<p><strong>SOSYAL MEDYADA PAYLA\u015eIM REKORU KIRDI<\/strong><\/p>\n<p>Hen\u00fcz montaj\u0131n kimin taraf\u0131ndan yap\u0131ld\u0131\u011f\u0131 bilinmezken B\u0130M2den ise konuyla ilgili herhangi bir a\u00e7\u0131klama gelmedi. B\u0130M akt\u00fcel \u00fcr\u00fcnler katalo\u011funa yap\u0131lan photoshop ise sosyal medyada payla\u015f\u0131m rekorlar\u0131 k\u0131rd\u0131. Psikolog seans\u0131 montaj\u0131 ile ilgili yap\u0131lan yorumlar ise herkesi g\u00fcld\u00fcrd\u00fc.<\/p>\n","protected":false},"excerpt":{"rendered":"<p>B\u0130M\u2019in 12 A\u011fustos 2022 akt\u00fcel \u00fcr\u00fcnler katalo\u011fu sosyal medyan\u0131n g\u00fcndemine yerle\u015fti. B\u0130M\u2019in 12 A\u011fustos akt\u00fcel \u00fcr\u00fcnler bro\u015f\u00fcr\u00fcndeki psikolog g\u00f6rselini g\u00f6renler g\u00f6zlerine inanamad\u0131. Sosyal medyan\u0131n da g\u00fcndemine yerle\u015fen olayla ilgili binlerce yorum yap\u0131ld\u0131. G\u00fcndeme yerle\u015fen B\u0130M bro\u015f\u00fcr\u00fcndeki psikolog g\u00f6rseliyle ilgili gelen baz\u0131 yorumlar y\u00fczleri g\u00fcl\u00fcmsetti. B\u0130M 12 A\u011fustos 2022 akt\u00fcel \u00fcr\u00fcnler katalo\u011fu sosyal medyan\u0131n en \u00e7ok &hellip;<\/p>\n","protected":false},"author":6,"featured_media":32711,"comment_status":"closed","ping_status":"closed","sticky":false,"template":"","format":"standard","meta":{"footnotes":""},"categories":[1],"tags":[],"class_list":["post-32710","post","type-post","status-publish","format-standard","has-post-thumbnail","hentry","category-genel"],"amp_enabled":true,"_links":{"self":[{"href":"https:\/\/adanaseshaber.com.tr\/index.php?rest_route=\/wp\/v2\/posts\/32710","targetHints":{"allow":["GET"]}}],"collection":[{"href":"https:\/\/adanaseshaber.com.tr\/index.php?rest_route=\/wp\/v2\/posts"}],"about":[{"href":"https:\/\/adanaseshaber.com.tr\/index.php?rest_route=\/wp\/v2\/types\/post"}],"author":[{"embeddable":true,"href":"https:\/\/adanaseshaber.com.tr\/index.php?rest_route=\/wp\/v2\/users\/6"}],"replies":[{"embeddable":true,"href":"https:\/\/adanaseshaber.com.tr\/index.php?rest_route=%2Fwp%2Fv2%2Fcomments&post=32710"}],"version-history":[{"count":2,"href":"https:\/\/adanaseshaber.com.tr\/index.php?rest_route=\/wp\/v2\/posts\/32710\/revisions"}],"predecessor-version":[{"id":32714,"href":"https:\/\/adanaseshaber.com.tr\/index.php?rest_route=\/wp\/v2\/posts\/32710\/revisions\/32714"}],"wp:featuredmedia":[{"embeddable":true,"href":"https:\/\/adanaseshaber.com.tr\/index.php?rest_route=\/wp\/v2\/media\/32711"}],"wp:attachment":[{"href":"https:\/\/adanaseshaber.com.tr\/index.php?rest_route=%2Fwp%2Fv2%2Fmedia&parent=32710"}],"wp:term":[{"taxonomy":"category","embeddable":true,"href":"https:\/\/adanaseshaber.com.tr\/index.php?rest_route=%2Fwp%2Fv2%2Fcategories&post=32710"},{"taxonomy":"post_tag","embeddable":true,"href":"https:\/\/adanaseshaber.com.tr\/index.php?rest_route=%2Fwp%2Fv2%2Ftags&post=32710"}],"curies":[{"name":"wp","href":"https:\/\/api.w.org\/{rel}","templated":true}]}}