{"id":32715,"date":"2022-08-08T00:10:59","date_gmt":"2022-08-07T21:10:59","guid":{"rendered":"https:\/\/www.adanaseshaber.com\/?p=32715"},"modified":"2022-08-08T00:11:09","modified_gmt":"2022-08-07T21:11:09","slug":"cemal-enginyurtun-korumasi-tutuklandi-canli-yayinda-gazeteci-latif-simseki-darp-etmisti","status":"publish","type":"post","link":"https:\/\/adanaseshaber.com.tr\/?p=32715","title":{"rendered":"Cemal Enginyurt\u2019un korumas\u0131 tutukland\u0131! Canl\u0131 yay\u0131nda gazeteci Latif \u015eim\u015fek\u2019i darp etmi\u015fti"},"content":{"rendered":"<p>T\u00fcrkiye g\u00fcndemine oturan gazeteci Latif \u015eim\u015fek ve Cemal Enginyurt olay\u0131n\u0131n yank\u0131lar\u0131 s\u00fcr\u00fcyor. Canl\u0131 yay\u0131nda bir anda tansiyonun y\u00fckselmesiyle gergin anlar ya\u015fayan ikilinin tart\u0131\u015fmas\u0131 g\u00fcndem olmu\u015ftu. \u00c7\u0131kan tart\u0131\u015fman\u0131n \u015fiddete d\u00f6n\u00fc\u015fmesi ise herkesi \u015fa\u015fk\u0131na \u00e7evirdi. \u015eiddet an\u0131n\u0131 izleyenler b\u00fcy\u00fck bir \u015fa\u015fk\u0131nl\u0131k ya\u015fad\u0131. Cemal Enginyurt ve korumas\u0131 oldu\u011fu iddia edilen ki\u015fi gazeteci Latif \u015eim\u015fek\u2019i darp etti. \u015eiddete u\u011frayan Latif \u015eim\u015fek\u2019in \u015fikayetinin ard\u0131ndan olayla ilgili soru\u015fturma ba\u015flat\u0131ld\u0131. Ya\u015fanan \u015fiddet olay\u0131 sosyal medyan\u0131n da g\u00fcndemine oturmu\u015f ve binlerce ki\u015fi taraf\u0131ndan k\u0131nanm\u0131\u015ft\u0131. Ba\u015flat\u0131lan soru\u015fturma kapsam\u0131nda Cemal Enginyurt\u2019un korumas\u0131 oldu\u011fu iddia edilen \u015f\u00fcpheli tutukland\u0131. \u0130\u015fte g\u00fcndem olan \u015fiddet olay\u0131n\u0131n t\u00fcm detaylar\u0131\u2026<\/p>\n<p><strong>CANLI YAYINDA TANS\u0130YON Y\u00dcKSELD\u0130<\/strong><\/p>\n<p>Demokrat Parti Ordu Milletvekili Cemal Enginyurt ile gazeteci Latif \u015eim\u015fek aras\u0131nda canl\u0131 yay\u0131nda tart\u0131\u015fma \u00e7\u0131kt\u0131. Konuk olduklar\u0131 bir televizyon program\u0131nda tart\u0131\u015fmaya ba\u015flayan ikili aras\u0131nda tansiyon bir anda y\u00fckseldi. Gazeteci Latif \u015eim\u015fek\u2019in Selahattin Demirta\u015f ve Osman Kavala\u2019n\u0131n yarg\u0131lanmalar\u0131 hakk\u0131nda yapt\u0131\u011f\u0131 \u2018Herkes verilen karara sayg\u0131 duyacak. Kimse bu \u00fclkenin hakimini, savc\u0131s\u0131n\u0131, polisini k\u00fc\u00e7\u00fcmseyemez\u2019 yorumunun ard\u0131ndan Cemal Enginyurt, \u2018B\u0131rak bu savunuculu\u011fu, b\u0131rak bu i\u015fleri\u2019 yan\u0131t\u0131n\u0131 verdi. Buna kar\u015f\u0131l\u0131k \u015eim\u015fek\u2019in \u2018Sen b\u0131rak bu i\u015fleri\u2019 \u015feklinde tepki vermesi \u00fczerine koltuklar\u0131ndan kalkan iki isim canl\u0131 yay\u0131nda burun buruna geldi.<\/p>\n<p><strong>DARP ED\u0130LD\u0130<\/strong><\/p>\n<p>Canl\u0131 yay\u0131nda tansiyonun bir hayli y\u00fckseldi\u011fi anlarda Cemal Enginyurt ve korumas\u0131 oldu\u011fu iddia edilen bir ki\u015fi gazeteci Latif \u015eim\u015fek\u2019e fiziksel sald\u0131r\u0131da bulundu. Darp edilen \u015eim\u015fek, Cemal Enginyurt ve korumas\u0131ndan \u015fikayet\u00e7i oldu. \u015eikayet \u00fczerine \u0130stanbul Cumhuriyet Ba\u015fsavc\u0131l\u0131\u011f\u0131 olayla ilgili soru\u015fturma ba\u015flatt\u0131. Ba\u015fsavc\u0131l\u0131k, Ordu Milletvekili Cemal Enginyurt hakk\u0131ndaki soru\u015fturma evrak\u0131n\u0131n da Ankara Cumhuriyet Ba\u015fsavc\u0131l\u0131\u011f\u0131\u2019na g\u00f6nderilece\u011fini bildirdi.<\/p>\n<p><img loading=\"lazy\" decoding=\"async\" class=\"aligncenter wp-image-32719 size-full\" src=\"https:\/\/adanaseshaber.com.tr\/wp-content\/uploads\/2022\/08\/cemal-enginyurtun-korumasi-tutuklandi-canli-yayinda-gazeteci-latif-simseki-darp-etmisti-2.jpg\" alt=\"\" width=\"1280\" height=\"720\" srcset=\"https:\/\/adanaseshaber.com.tr\/wp-content\/uploads\/2022\/08\/cemal-enginyurtun-korumasi-tutuklandi-canli-yayinda-gazeteci-latif-simseki-darp-etmisti-2.jpg 1280w, https:\/\/adanaseshaber.com.tr\/wp-content\/uploads\/2022\/08\/cemal-enginyurtun-korumasi-tutuklandi-canli-yayinda-gazeteci-latif-simseki-darp-etmisti-2-300x169.jpg 300w, https:\/\/adanaseshaber.com.tr\/wp-content\/uploads\/2022\/08\/cemal-enginyurtun-korumasi-tutuklandi-canli-yayinda-gazeteci-latif-simseki-darp-etmisti-2-1024x576.jpg 1024w, https:\/\/adanaseshaber.com.tr\/wp-content\/uploads\/2022\/08\/cemal-enginyurtun-korumasi-tutuklandi-canli-yayinda-gazeteci-latif-simseki-darp-etmisti-2-768x432.jpg 768w, https:\/\/adanaseshaber.com.tr\/wp-content\/uploads\/2022\/08\/cemal-enginyurtun-korumasi-tutuklandi-canli-yayinda-gazeteci-latif-simseki-darp-etmisti-2-390x220.jpg 390w\" sizes=\"auto, (max-width: 1280px) 100vw, 1280px\" \/><\/p>\n<p><strong>TUTUKLANDI<\/strong><\/p>\n<p>\u00d6te yandan Ba\u015fsavc\u0131l\u0131k, TV program\u0131n\u0131n yap\u0131ld\u0131\u011f\u0131 kanalda resmi g\u00f6revi bulunmayan ve Enginyurt\u2019un korumas\u0131 oldu\u011fu iddia edilen ki\u015fi hakk\u0131nda g\u00f6zalt\u0131 talimat\u0131 verdi. G\u00f6zalt\u0131na al\u0131nan \u015f\u00fcpheli, emniyetteki i\u015flemlerinin ard\u0131ndan adliyeye sevk edildi ve \u00e7\u0131kar\u0131ld\u0131\u011f\u0131 hakimlik\u00e7e tutuklanarak cezaevine g\u00f6nderildi.<\/p>\n","protected":false},"excerpt":{"rendered":"<p>T\u00fcrkiye g\u00fcndemine oturan gazeteci Latif \u015eim\u015fek ve Cemal Enginyurt olay\u0131n\u0131n yank\u0131lar\u0131 s\u00fcr\u00fcyor. Canl\u0131 yay\u0131nda bir anda tansiyonun y\u00fckselmesiyle gergin anlar ya\u015fayan ikilinin tart\u0131\u015fmas\u0131 g\u00fcndem olmu\u015ftu. \u00c7\u0131kan tart\u0131\u015fman\u0131n \u015fiddete d\u00f6n\u00fc\u015fmesi ise herkesi \u015fa\u015fk\u0131na \u00e7evirdi. \u015eiddet an\u0131n\u0131 izleyenler b\u00fcy\u00fck bir \u015fa\u015fk\u0131nl\u0131k ya\u015fad\u0131. Cemal Enginyurt ve korumas\u0131 oldu\u011fu iddia edilen ki\u015fi gazeteci Latif \u015eim\u015fek\u2019i darp etti. \u015eiddete u\u011frayan &hellip;<\/p>\n","protected":false},"author":6,"featured_media":32717,"comment_status":"closed","ping_status":"closed","sticky":false,"template":"","format":"standard","meta":{"footnotes":""},"categories":[1],"tags":[],"class_list":["post-32715","post","type-post","status-publish","format-standard","has-post-thumbnail","hentry","category-genel"],"amp_enabled":true,"_links":{"self":[{"href":"https:\/\/adanaseshaber.com.tr\/index.php?rest_route=\/wp\/v2\/posts\/32715","targetHints":{"allow":["GET"]}}],"collection":[{"href":"https:\/\/adanaseshaber.com.tr\/index.php?rest_route=\/wp\/v2\/posts"}],"about":[{"href":"https:\/\/adanaseshaber.com.tr\/index.php?rest_route=\/wp\/v2\/types\/post"}],"author":[{"embeddable":true,"href":"https:\/\/adanaseshaber.com.tr\/index.php?rest_route=\/wp\/v2\/users\/6"}],"replies":[{"embeddable":true,"href":"https:\/\/adanaseshaber.com.tr\/index.php?rest_route=%2Fwp%2Fv2%2Fcomments&post=32715"}],"version-history":[{"count":2,"href":"https:\/\/adanaseshaber.com.tr\/index.php?rest_route=\/wp\/v2\/posts\/32715\/revisions"}],"predecessor-version":[{"id":32720,"href":"https:\/\/adanaseshaber.com.tr\/index.php?rest_route=\/wp\/v2\/posts\/32715\/revisions\/32720"}],"wp:featuredmedia":[{"embeddable":true,"href":"https:\/\/adanaseshaber.com.tr\/index.php?rest_route=\/wp\/v2\/media\/32717"}],"wp:attachment":[{"href":"https:\/\/adanaseshaber.com.tr\/index.php?rest_route=%2Fwp%2Fv2%2Fmedia&parent=32715"}],"wp:term":[{"taxonomy":"category","embeddable":true,"href":"https:\/\/adanaseshaber.com.tr\/index.php?rest_route=%2Fwp%2Fv2%2Fcategories&post=32715"},{"taxonomy":"post_tag","embeddable":true,"href":"https:\/\/adanaseshaber.com.tr\/index.php?rest_route=%2Fwp%2Fv2%2Ftags&post=32715"}],"curies":[{"name":"wp","href":"https:\/\/api.w.org\/{rel}","templated":true}]}}