{"id":32786,"date":"2022-08-08T11:35:44","date_gmt":"2022-08-08T08:35:44","guid":{"rendered":"https:\/\/www.adanaseshaber.com\/?p=32786"},"modified":"2022-08-08T11:44:13","modified_gmt":"2022-08-08T08:44:13","slug":"sinem-unsal-ve-halit-ozgur-sari-ask-yasamaya-basladi","status":"publish","type":"post","link":"https:\/\/adanaseshaber.com.tr\/?p=32786","title":{"rendered":"Sinem \u00dcnsal ve Halit \u00d6zg\u00fcr Sar\u0131 a\u015fk ya\u015famaya ba\u015flad\u0131"},"content":{"rendered":"<p>FOX ekranlar\u0131nda yay\u0131nlanan Gizli Sakl\u0131 dizisinde ba\u015frolleri payla\u015fan Sinem \u00dcnsal ve Halit \u00d6zg\u00fcr Sar\u0131 a\u015fk ya\u015famaya ba\u015flad\u0131. Bir dizi a\u015fk\u0131 daha ger\u00e7ek olurken \u00e7iftin ili\u015fkilerini gizlilik i\u00e7inde y\u00fcr\u00fctt\u00fc\u011f\u00fc ve tatil i\u00e7in Belgrad\u2019a gitti\u011fi \u00f6\u011frenildi. Dizi ba\u015flad\u0131\u011f\u0131ndan bu yana hayranlar\u0131 taraf\u0131ndan yak\u0131\u015ft\u0131r\u0131lan \u00fcnl\u00fc oyuncular\u0131n dizi a\u015fk\u0131 ger\u00e7ek olurken haberi duyanlar \u00e7ifti birbirine \u00e7ok yak\u0131\u015ft\u0131rd\u0131. Sinem \u00dcnsal ve Halit \u00d6zg\u00fcr Sar\u0131 a\u015fk\u0131n\u0131n ortaya \u00e7\u0131kmas\u0131n\u0131n ard\u0131ndan sosyal medyan\u0131n da g\u00fcndemine yerle\u015fen konuyla ilgili \u00e7ok say\u0131da yorum yap\u0131ld\u0131. Oyuncu \u00e7iftin birlikteli\u011fini \u00f6\u011frenen sosyal medya kullan\u0131c\u0131lar\u0131n\u0131n geneli iki ismi birbirine \u00e7ok yak\u0131\u015ft\u0131rd\u0131klar\u0131na dair yorumlarda bulundu. Baz\u0131 sosyal medya kullan\u0131c\u0131lar\u0131 ise \u00dcnsal ve Sar\u0131\u2019n\u0131n birbirlerine \u00e7ok benzedi\u011fini ve bu ili\u015fkinin evlili\u011fe kadar gidebilece\u011fi \u015feklinde yorumlar yapt\u0131.<\/p>\n<p><strong>D\u0130Z\u0130 A\u015eKI GER\u00c7EK OLDU<\/strong><\/p>\n<p>FOX TV ekranlar\u0131nda yay\u0131nlanan Gizli Sakl\u0131 dizisinin ba\u015frol oyuncular\u0131 Sinem \u00dcnsal ve Halit \u00d6zg\u00fcr Sar\u0131 a\u015fk ya\u015famaya ba\u015flad\u0131. \u00dcnl\u00fc \u00e7iftin a\u015fk haberi magazin g\u00fcndemine bomba gibi d\u00fc\u015ferken haberi duyanlar binlerce yorumda bulundu. Dizi ba\u015flad\u0131\u011f\u0131ndan bu yana s\u0131k s\u0131k g\u00fcndeme gelen ve birbirlerine \u00e7ok yak\u0131\u015ft\u0131r\u0131lan \u00e7iftin yeni bir a\u015fka yelken a\u00e7t\u0131klar\u0131 ve ili\u015fkilerini gizli tuttuklar\u0131 \u00f6\u011frenildi. \u00dcnsal ve Sar\u0131 \u00e7iftinin tatil i\u00e7in Belgrad\u2019a gitti\u011fi bilgisine ula\u015f\u0131ld\u0131.<\/p>\n<p><img loading=\"lazy\" decoding=\"async\" class=\"aligncenter wp-image-32797 size-full\" src=\"https:\/\/adanaseshaber.com.tr\/wp-content\/uploads\/2022\/08\/sinem-unsal-ve-halit-ozgur-sari-ask-yasamaya-basladi.jpeg\" alt=\"\" width=\"1280\" height=\"720\" srcset=\"https:\/\/adanaseshaber.com.tr\/wp-content\/uploads\/2022\/08\/sinem-unsal-ve-halit-ozgur-sari-ask-yasamaya-basladi.jpeg 1280w, https:\/\/adanaseshaber.com.tr\/wp-content\/uploads\/2022\/08\/sinem-unsal-ve-halit-ozgur-sari-ask-yasamaya-basladi-300x169.jpeg 300w, https:\/\/adanaseshaber.com.tr\/wp-content\/uploads\/2022\/08\/sinem-unsal-ve-halit-ozgur-sari-ask-yasamaya-basladi-1024x576.jpeg 1024w, https:\/\/adanaseshaber.com.tr\/wp-content\/uploads\/2022\/08\/sinem-unsal-ve-halit-ozgur-sari-ask-yasamaya-basladi-768x432.jpeg 768w, https:\/\/adanaseshaber.com.tr\/wp-content\/uploads\/2022\/08\/sinem-unsal-ve-halit-ozgur-sari-ask-yasamaya-basladi-390x220.jpeg 390w\" sizes=\"auto, (max-width: 1280px) 100vw, 1280px\" \/><\/p>\n<p><strong>HAL\u0130T \u00d6ZG\u00dcR SARI K\u0130MD\u0130R?<\/strong><\/p>\n<p>4 Ekim 1993 y\u0131l\u0131nda \u0130stanbul&#8217;da d\u00fcnyaya gelen Halit \u00d6zg\u00fcr Sar\u0131, \u0130stanbul Bilgi \u00dcniversitesi&#8217;nden mezun. 2018 y\u0131l\u0131nda oyunculuk kariyerine ba\u015flayan Sar\u0131, ilk oyunculuk deneyimini Dirili\u015f Ertu\u011frul dizisinde ya\u015fad\u0131. Daha sonra Hakan Muhaf\u0131z ve \u015eampiyon dizilerinde rol ald\u0131. Ge\u00e7en Yaz adl\u0131 filmle beyaz perdeye ad\u0131m att\u0131. ATV ekranlar\u0131nda yay\u0131nlanan Karde\u015flerim dizisindeki performans\u0131yla b\u00fcy\u00fck be\u011feni toplad\u0131. Gizli Sakl\u0131 dizisinde g\u00fczel oyuncu Sinem \u00dcnsal ile ba\u015frol\u00fc payla\u015ft\u0131.<\/p>\n","protected":false},"excerpt":{"rendered":"<p>FOX ekranlar\u0131nda yay\u0131nlanan Gizli Sakl\u0131 dizisinde ba\u015frolleri payla\u015fan Sinem \u00dcnsal ve Halit \u00d6zg\u00fcr Sar\u0131 a\u015fk ya\u015famaya ba\u015flad\u0131. Bir dizi a\u015fk\u0131 daha ger\u00e7ek olurken \u00e7iftin ili\u015fkilerini gizlilik i\u00e7inde y\u00fcr\u00fctt\u00fc\u011f\u00fc ve tatil i\u00e7in Belgrad\u2019a gitti\u011fi \u00f6\u011frenildi. Dizi ba\u015flad\u0131\u011f\u0131ndan bu yana hayranlar\u0131 taraf\u0131ndan yak\u0131\u015ft\u0131r\u0131lan \u00fcnl\u00fc oyuncular\u0131n dizi a\u015fk\u0131 ger\u00e7ek olurken haberi duyanlar \u00e7ifti birbirine \u00e7ok yak\u0131\u015ft\u0131rd\u0131. Sinem \u00dcnsal &hellip;<\/p>\n","protected":false},"author":6,"featured_media":32795,"comment_status":"closed","ping_status":"closed","sticky":false,"template":"","format":"standard","meta":{"footnotes":""},"categories":[15431],"tags":[],"class_list":["post-32786","post","type-post","status-publish","format-standard","has-post-thumbnail","hentry","category-medya"],"amp_enabled":true,"_links":{"self":[{"href":"https:\/\/adanaseshaber.com.tr\/index.php?rest_route=\/wp\/v2\/posts\/32786","targetHints":{"allow":["GET"]}}],"collection":[{"href":"https:\/\/adanaseshaber.com.tr\/index.php?rest_route=\/wp\/v2\/posts"}],"about":[{"href":"https:\/\/adanaseshaber.com.tr\/index.php?rest_route=\/wp\/v2\/types\/post"}],"author":[{"embeddable":true,"href":"https:\/\/adanaseshaber.com.tr\/index.php?rest_route=\/wp\/v2\/users\/6"}],"replies":[{"embeddable":true,"href":"https:\/\/adanaseshaber.com.tr\/index.php?rest_route=%2Fwp%2Fv2%2Fcomments&post=32786"}],"version-history":[{"count":6,"href":"https:\/\/adanaseshaber.com.tr\/index.php?rest_route=\/wp\/v2\/posts\/32786\/revisions"}],"predecessor-version":[{"id":32798,"href":"https:\/\/adanaseshaber.com.tr\/index.php?rest_route=\/wp\/v2\/posts\/32786\/revisions\/32798"}],"wp:featuredmedia":[{"embeddable":true,"href":"https:\/\/adanaseshaber.com.tr\/index.php?rest_route=\/wp\/v2\/media\/32795"}],"wp:attachment":[{"href":"https:\/\/adanaseshaber.com.tr\/index.php?rest_route=%2Fwp%2Fv2%2Fmedia&parent=32786"}],"wp:term":[{"taxonomy":"category","embeddable":true,"href":"https:\/\/adanaseshaber.com.tr\/index.php?rest_route=%2Fwp%2Fv2%2Fcategories&post=32786"},{"taxonomy":"post_tag","embeddable":true,"href":"https:\/\/adanaseshaber.com.tr\/index.php?rest_route=%2Fwp%2Fv2%2Ftags&post=32786"}],"curies":[{"name":"wp","href":"https:\/\/api.w.org\/{rel}","templated":true}]}}