{"id":32814,"date":"2022-08-08T13:04:22","date_gmt":"2022-08-08T10:04:22","guid":{"rendered":"https:\/\/www.adanaseshaber.com\/?p=32814"},"modified":"2022-08-08T13:04:18","modified_gmt":"2022-08-08T10:04:18","slug":"petek-dincozun-esi-nida-buyukbayraktar-kimdir-nida-buyukbayraktar-kac-yasinda-ne-is-yapiyor","status":"publish","type":"post","link":"https:\/\/adanaseshaber.com.tr\/?p=32814","title":{"rendered":"Petek Din\u00e7\u00f6z\u2019\u00fcn e\u015fi Nida B\u00fcy\u00fckbayraktar kimdir? Nida B\u00fcy\u00fckbayraktar ka\u00e7 ya\u015f\u0131nda, ne i\u015f yap\u0131yor?"},"content":{"rendered":"<p>Ge\u00e7ti\u011fimiz aylarda Serkan Kodalo\u011flu ile olan evlili\u011fini noktalayan \u00fcnl\u00fc \u015fark\u0131c\u0131 Petek Din\u00e7\u00f6z, Nida B\u00fcy\u00fckbayraktar ile yeni bir ili\u015fkiye yelken a\u00e7m\u0131\u015f ve evlilik karar\u0131n\u0131 sosyal medya hesab\u0131ndan duyurmu\u015ftu. Petek Din\u00e7\u00f6z\u2019\u00fcn evlilik karar\u0131 b\u00fcy\u00fck bir \u015fa\u015fk\u0131nl\u0131kla kar\u015f\u0131lanm\u0131\u015f ve baz\u0131 takip\u00e7ileri bu karar\u0131n \u00e7ok erken verildi\u011fine dair yorumlarda bulunmu\u015ftu. Petek Din\u00e7\u00f6z\u2019\u00fcn e\u015fi Nida B\u00fcy\u00fckbayraktar ise merak konusu oldu. Serkan Kodalo\u011flu ile bo\u015fanan Petek Din\u00e7\u00f6z\u2019\u00fcn Nida B\u00fcy\u00fckbayraktar ile nikah mamas\u0131na oturmas\u0131 magazin g\u00fcndemine bomba gibi d\u00fc\u015ft\u00fc. \u0130\u015f insan\u0131 Nida B\u00fcy\u00fckbayraktar ile evlnen Petek Din\u00e7\u00f6z\u2019\u00fcn e\u015fi hakk\u0131ndaki detaylar merak konusu oldu. Peki, Petek Din\u00e7\u00f6z\u2019\u00fcn e\u015fi Nida B\u00fcy\u00fckbayraktar kimdir? Nida B\u00fcy\u00fckbayraktar nereli, ne i\u015f yap\u0131yor? Nida B\u00fcy\u00fckbayraktar ka\u00e7 ya\u015f\u0131nda? \u0130\u015fte detaylar\u2026<\/p>\n<p><strong>SOSYAL MEDYA HESABINDAN DUYURDU<\/strong><\/p>\n<p>Petek Din\u00e7\u00f6z, ge\u00e7ti\u011fimiz g\u00fcnlerde sosyal medya hesab\u0131 \u00fczerinden yapt\u0131\u011f\u0131 payla\u015f\u0131mla evlenece\u011fini duyurmu\u015ftu. Nida B\u00fcy\u00fckbayraktar ile ni\u015fan y\u00fcz\u00fcklerinin foto\u011fraf\u0131n\u0131 payla\u015fan Din\u00e7\u00f6z, &#8216;Mutlu bir yuva kurmak i\u00e7in att\u0131\u011f\u0131m\u0131z ilk ad\u0131m\u0131m\u0131z hay\u0131rl\u0131 olsun. Rabbim bizi birbirimizden hi\u00e7 ay\u0131rmas\u0131n.&#8217; notunu d\u00fc\u015fm\u00fc\u015ft\u00fc.<\/p>\n<p><strong>N\u0130DA B\u00dcY\u00dcKBAYRAKTAR K\u0130MD\u0130R?<\/strong><\/p>\n<p>Petek Din\u00e7\u00f6z\u2019\u00fcn e\u015fi Nida B\u00fcy\u00fckbayraktar, e\u011flence sekt\u00f6r\u00fcn\u00fcn tan\u0131nm\u0131\u015f isimlerinden. \u0130\u015f insan\u0131 B\u00fcy\u00fckbayraktar, 2011 y\u0131l\u0131nda Metro Turizm\u2019in Ege B\u00f6lge M\u00fcd\u00fcr\u00fc olarak \u00e7al\u0131\u015ft\u0131.<\/p>\n<p><img loading=\"lazy\" decoding=\"async\" class=\"aligncenter wp-image-32816 size-full\" src=\"https:\/\/adanaseshaber.com.tr\/wp-content\/uploads\/2022\/08\/petek-dincozun-esi-nida-buyukbayraktar-kimdir-nida-buyukbayraktar-kac-yasinda-ne-is-yapiyor-1.jpg\" alt=\"\" width=\"1280\" height=\"720\" srcset=\"https:\/\/adanaseshaber.com.tr\/wp-content\/uploads\/2022\/08\/petek-dincozun-esi-nida-buyukbayraktar-kimdir-nida-buyukbayraktar-kac-yasinda-ne-is-yapiyor-1.jpg 1280w, https:\/\/adanaseshaber.com.tr\/wp-content\/uploads\/2022\/08\/petek-dincozun-esi-nida-buyukbayraktar-kimdir-nida-buyukbayraktar-kac-yasinda-ne-is-yapiyor-1-300x169.jpg 300w, https:\/\/adanaseshaber.com.tr\/wp-content\/uploads\/2022\/08\/petek-dincozun-esi-nida-buyukbayraktar-kimdir-nida-buyukbayraktar-kac-yasinda-ne-is-yapiyor-1-1024x576.jpg 1024w, https:\/\/adanaseshaber.com.tr\/wp-content\/uploads\/2022\/08\/petek-dincozun-esi-nida-buyukbayraktar-kimdir-nida-buyukbayraktar-kac-yasinda-ne-is-yapiyor-1-768x432.jpg 768w, https:\/\/adanaseshaber.com.tr\/wp-content\/uploads\/2022\/08\/petek-dincozun-esi-nida-buyukbayraktar-kimdir-nida-buyukbayraktar-kac-yasinda-ne-is-yapiyor-1-390x220.jpg 390w\" sizes=\"auto, (max-width: 1280px) 100vw, 1280px\" \/><\/p>\n<p><strong>PETEK D\u0130N\u00c7\u00d6Z K\u0130MD\u0130R?<\/strong><\/p>\n<p>29 May\u0131s 1980 y\u0131l\u0131nda \u0130zmir\u2019de d\u00fcnyaya gelen \u00fcnl\u00fc \u015fark\u0131c\u0131 Petek Din\u00e7\u00f6z, ilk ve ortaokulu Gazi Ortaokulu\u2019nda tamamlad\u0131. 14 ya\u015f\u0131nda kadar \u0130zmir\u2019de ikamet etti. Okulu b\u0131rakt\u0131ktan sonra mankenlik hayat\u0131na at\u0131ld\u0131. Can Tanr\u0131yar ile hayat\u0131n\u0131 birle\u015ftirdi ve 2010 y\u0131l\u0131nda bo\u015fand\u0131. 2014 y\u0131l\u0131nda Serkan Kodalo\u011flu ile evlenen Din\u00e7\u00f6z, 2022 y\u0131l\u0131nda evlili\u011fini noktalad\u0131. Petek Din\u00e7\u00f6z ve Serkan Kodalo\u011flu\u2019nun bu evlilikten \u0130rfan Aslan ad\u0131nda bir \u00e7ocuklar\u0131 d\u00fcnyaya geldi. Bo\u015fanman\u0131n ard\u0131ndan \u0130rfan Aslan\u2019\u0131n velayeti annesi Petek Din\u00e7\u00f6z\u2019e verildi.<\/p>\n","protected":false},"excerpt":{"rendered":"<p>Ge\u00e7ti\u011fimiz aylarda Serkan Kodalo\u011flu ile olan evlili\u011fini noktalayan \u00fcnl\u00fc \u015fark\u0131c\u0131 Petek Din\u00e7\u00f6z, Nida B\u00fcy\u00fckbayraktar ile yeni bir ili\u015fkiye yelken a\u00e7m\u0131\u015f ve evlilik karar\u0131n\u0131 sosyal medya hesab\u0131ndan duyurmu\u015ftu. Petek Din\u00e7\u00f6z\u2019\u00fcn evlilik karar\u0131 b\u00fcy\u00fck bir \u015fa\u015fk\u0131nl\u0131kla kar\u015f\u0131lanm\u0131\u015f ve baz\u0131 takip\u00e7ileri bu karar\u0131n \u00e7ok erken verildi\u011fine dair yorumlarda bulunmu\u015ftu. Petek Din\u00e7\u00f6z\u2019\u00fcn e\u015fi Nida B\u00fcy\u00fckbayraktar ise merak konusu oldu. &hellip;<\/p>\n","protected":false},"author":6,"featured_media":32815,"comment_status":"closed","ping_status":"closed","sticky":false,"template":"","format":"standard","meta":{"footnotes":""},"categories":[15431],"tags":[],"class_list":["post-32814","post","type-post","status-publish","format-standard","has-post-thumbnail","hentry","category-medya"],"amp_enabled":true,"_links":{"self":[{"href":"https:\/\/adanaseshaber.com.tr\/index.php?rest_route=\/wp\/v2\/posts\/32814","targetHints":{"allow":["GET"]}}],"collection":[{"href":"https:\/\/adanaseshaber.com.tr\/index.php?rest_route=\/wp\/v2\/posts"}],"about":[{"href":"https:\/\/adanaseshaber.com.tr\/index.php?rest_route=\/wp\/v2\/types\/post"}],"author":[{"embeddable":true,"href":"https:\/\/adanaseshaber.com.tr\/index.php?rest_route=\/wp\/v2\/users\/6"}],"replies":[{"embeddable":true,"href":"https:\/\/adanaseshaber.com.tr\/index.php?rest_route=%2Fwp%2Fv2%2Fcomments&post=32814"}],"version-history":[{"count":2,"href":"https:\/\/adanaseshaber.com.tr\/index.php?rest_route=\/wp\/v2\/posts\/32814\/revisions"}],"predecessor-version":[{"id":32818,"href":"https:\/\/adanaseshaber.com.tr\/index.php?rest_route=\/wp\/v2\/posts\/32814\/revisions\/32818"}],"wp:featuredmedia":[{"embeddable":true,"href":"https:\/\/adanaseshaber.com.tr\/index.php?rest_route=\/wp\/v2\/media\/32815"}],"wp:attachment":[{"href":"https:\/\/adanaseshaber.com.tr\/index.php?rest_route=%2Fwp%2Fv2%2Fmedia&parent=32814"}],"wp:term":[{"taxonomy":"category","embeddable":true,"href":"https:\/\/adanaseshaber.com.tr\/index.php?rest_route=%2Fwp%2Fv2%2Fcategories&post=32814"},{"taxonomy":"post_tag","embeddable":true,"href":"https:\/\/adanaseshaber.com.tr\/index.php?rest_route=%2Fwp%2Fv2%2Ftags&post=32814"}],"curies":[{"name":"wp","href":"https:\/\/api.w.org\/{rel}","templated":true}]}}