{"id":32831,"date":"2022-08-08T14:24:13","date_gmt":"2022-08-08T11:24:13","guid":{"rendered":"https:\/\/www.adanaseshaber.com\/?p=32831"},"modified":"2022-08-08T14:24:18","modified_gmt":"2022-08-08T11:24:18","slug":"mehmet-ali-celebiden-ak-partiye-katilacagina-dair-iddialara-yanit","status":"publish","type":"post","link":"https:\/\/adanaseshaber.com.tr\/?p=32831","title":{"rendered":"Mehmet Ali \u00c7elebi\u2019den AK Parti\u2019ye kat\u0131laca\u011f\u0131na dair iddialara yan\u0131t"},"content":{"rendered":"<p>CHP\u2019den istifa eden ve AK Parti\u2019ye kat\u0131laca\u011f\u0131 konu\u015fulan Mehmet Ali \u00c7elebi, yapt\u0131\u011f\u0131 a\u00e7\u0131klamalarla s\u0131k s\u0131k siyaset g\u00fcndeminde yer al\u0131rken son g\u00fcnlerde kendisinin AK Parti\u2019ye kat\u0131laca\u011f\u0131na dair iddialar g\u00fcndemde yer alm\u0131\u015ft\u0131. \u00c7elebi\u2019nin AK Parti\u2019ye kat\u0131laca\u011f\u0131na dair iddialar sosyal medyan\u0131n g\u00fcndemine otururken bu iddia b\u00fcy\u00fck yank\u0131 bulmu\u015f ve tart\u0131\u015fmalara yol a\u00e7m\u0131\u015ft\u0131. Hakk\u0131ndaki iddialara yan\u0131t veren \u00c7elebi, sosyal medya \u00fczerinden yapt\u0131\u011f\u0131 payla\u015f\u0131mla iddialar\u0131 yalanlad\u0131. \u00c7ok sert a\u00e7\u0131klamalar yaparak CHP&#8217;den istifa eden \u00c7elebi, son g\u00fcnlerde yapt\u0131\u011f\u0131 payla\u015f\u0131mlarla g\u00fcndemde. \u00c7elebi\u2019nin sosyal medya \u00fczerinden yapt\u0131\u011f\u0131 \u00e7\u0131k\u0131\u015flar AK Parti\u2019ye kat\u0131laca\u011f\u0131na dair iddialar\u0131 beraberinde getirmi\u015fti. G\u00fcnlerdir g\u00fcndemden d\u00fc\u015fmeyen iddialar\u0131n ard\u0131ndan Mehmet Ali \u00c7elebi\u2019den a\u00e7\u0131klama geldi. \u00c7elebi, hakk\u0131ndaki iddialarla ilgili sessizli\u011fini bozarak sosyal medya hesab\u0131ndan bir a\u00e7\u0131klama yapt\u0131. \u0130\u015fte detaylar\u2026<\/p>\n<p><strong>G\u00dcNDEM OLAN CUMHUR \u0130TT\u0130FAKI YORUMU<\/strong><\/p>\n<p>Sosyal medya hesab\u0131ndan g\u00fcndem olan bir payla\u015f\u0131ma imza atan Mehmet Ali \u00c7elebi, \u2018Asker k\u00f6kenli bir vekilim. Silahl\u0131 Kuvvetlerimizin namuslu ellerinde yeti\u015ftim. Bir\u00e7ok devre arkada\u015f\u0131m \u015fehit oldu. 40 bin vatan evlad\u0131m\u0131z bo\u015funa topra\u011fa d\u00fc\u015fmedi. PKK-\u00d6calan severlerin ho\u015f g\u00f6r\u00fcld\u00fc\u011f\u00fc denklemlerle i\u015fim olmaz net! Siyaseti b\u0131raksam da 6+1 de\u011fil Cumhur \u0130ttifak\u0131 derim.\u2019 ifadelerine yer vermi\u015fti. \u00c7elebi\u2019nin bu s\u00f6zleri AK Parti\u2019ye ge\u00e7ece\u011fine dair iddialar\u0131 beraberinde getirmi\u015fti.<\/p>\n<p><img loading=\"lazy\" decoding=\"async\" class=\"aligncenter wp-image-32833 size-full\" src=\"https:\/\/adanaseshaber.com.tr\/wp-content\/uploads\/2022\/08\/mehmet-ali-celebiden-ak-partiye-katilacagina-dair-iddialara-yanit-1.jpg\" alt=\"\" width=\"1280\" height=\"720\" srcset=\"https:\/\/adanaseshaber.com.tr\/wp-content\/uploads\/2022\/08\/mehmet-ali-celebiden-ak-partiye-katilacagina-dair-iddialara-yanit-1.jpg 1280w, https:\/\/adanaseshaber.com.tr\/wp-content\/uploads\/2022\/08\/mehmet-ali-celebiden-ak-partiye-katilacagina-dair-iddialara-yanit-1-300x169.jpg 300w, https:\/\/adanaseshaber.com.tr\/wp-content\/uploads\/2022\/08\/mehmet-ali-celebiden-ak-partiye-katilacagina-dair-iddialara-yanit-1-1024x576.jpg 1024w, https:\/\/adanaseshaber.com.tr\/wp-content\/uploads\/2022\/08\/mehmet-ali-celebiden-ak-partiye-katilacagina-dair-iddialara-yanit-1-768x432.jpg 768w, https:\/\/adanaseshaber.com.tr\/wp-content\/uploads\/2022\/08\/mehmet-ali-celebiden-ak-partiye-katilacagina-dair-iddialara-yanit-1-390x220.jpg 390w\" sizes=\"auto, (max-width: 1280px) 100vw, 1280px\" \/><\/p>\n<p><strong>AK PART\u0130\u2019YE GE\u00c7ECE\u011e\u0130 \u0130DD\u0130ALARINA YANIT VERD\u0130<\/strong><\/p>\n<p>Mehmet Ali \u00c7elebi\u2019nin yapt\u0131\u011f\u0131 bu \u00e7\u0131k\u0131\u015f siyasete Cumhur \u0130ttifak\u0131\u2019nda devam edece\u011fine dair iddialar\u0131 beraberinde getirirken g\u00fcndeme gelen iddialar \u00e7ok konu\u015fulmu\u015ftu. Hakk\u0131ndaki iddialarla ilgili sessizli\u011fini bozan Mehmet Ali \u00c7elebi ise \u2018Benim a\u011fz\u0131mdan \u00e7\u0131km\u0131\u015f herhangi bir beyan\u0131 duymadan bu s\u00fcre\u00e7te hakaret eden, lin\u00e7 eden, aileme k\u00fcfreden kendini bilmezlerle adalet \u00f6n\u00fcnde hesapla\u015faca\u011f\u0131z. Ben Silivri\u2019de neredeysem hala orday\u0131m, sorgulanmas\u0131 gerekenler bug\u00fcn FET\u00d6 ve PKK ile i\u015fbirli\u011fi yapanlard\u0131r!\u2019 ifadelerini kulland\u0131. Yoluna ba\u011f\u0131ms\u0131z olarak devam edece\u011fini bildiren \u00c7elebi, &#8216;Ba\u011f\u0131ms\u0131z vekil olarak \u00fclkemin \u00e7\u0131karlar\u0131n\u0131 savunmaya devam edece\u011fim. S\u00f6ylediklerimin arkas\u0131nday\u0131m. \u00c7ok ciddi egemenlik m\u00fccadelesi veriyoruz. FET\u00d6-PKK m\u00fccadelesi kararl\u0131l\u0131kla devam etmeli. Cumhur, bu konularda tutarl\u0131. Ya\u015fas\u0131n T\u00fcrkiye Cumhuriyeti. Varolsun Y\u00fcce T\u00fcrk Milleti!&#8217; ifadeleriyle a\u00e7\u0131klamas\u0131n\u0131 noktalad\u0131.<\/p>\n","protected":false},"excerpt":{"rendered":"<p>CHP\u2019den istifa eden ve AK Parti\u2019ye kat\u0131laca\u011f\u0131 konu\u015fulan Mehmet Ali \u00c7elebi, yapt\u0131\u011f\u0131 a\u00e7\u0131klamalarla s\u0131k s\u0131k siyaset g\u00fcndeminde yer al\u0131rken son g\u00fcnlerde kendisinin AK Parti\u2019ye kat\u0131laca\u011f\u0131na dair iddialar g\u00fcndemde yer alm\u0131\u015ft\u0131. \u00c7elebi\u2019nin AK Parti\u2019ye kat\u0131laca\u011f\u0131na dair iddialar sosyal medyan\u0131n g\u00fcndemine otururken bu iddia b\u00fcy\u00fck yank\u0131 bulmu\u015f ve tart\u0131\u015fmalara yol a\u00e7m\u0131\u015ft\u0131. Hakk\u0131ndaki iddialara yan\u0131t veren \u00c7elebi, sosyal &hellip;<\/p>\n","protected":false},"author":6,"featured_media":32832,"comment_status":"closed","ping_status":"closed","sticky":false,"template":"","format":"standard","meta":{"footnotes":""},"categories":[1],"tags":[],"class_list":["post-32831","post","type-post","status-publish","format-standard","has-post-thumbnail","hentry","category-genel"],"amp_enabled":true,"_links":{"self":[{"href":"https:\/\/adanaseshaber.com.tr\/index.php?rest_route=\/wp\/v2\/posts\/32831","targetHints":{"allow":["GET"]}}],"collection":[{"href":"https:\/\/adanaseshaber.com.tr\/index.php?rest_route=\/wp\/v2\/posts"}],"about":[{"href":"https:\/\/adanaseshaber.com.tr\/index.php?rest_route=\/wp\/v2\/types\/post"}],"author":[{"embeddable":true,"href":"https:\/\/adanaseshaber.com.tr\/index.php?rest_route=\/wp\/v2\/users\/6"}],"replies":[{"embeddable":true,"href":"https:\/\/adanaseshaber.com.tr\/index.php?rest_route=%2Fwp%2Fv2%2Fcomments&post=32831"}],"version-history":[{"count":2,"href":"https:\/\/adanaseshaber.com.tr\/index.php?rest_route=\/wp\/v2\/posts\/32831\/revisions"}],"predecessor-version":[{"id":32835,"href":"https:\/\/adanaseshaber.com.tr\/index.php?rest_route=\/wp\/v2\/posts\/32831\/revisions\/32835"}],"wp:featuredmedia":[{"embeddable":true,"href":"https:\/\/adanaseshaber.com.tr\/index.php?rest_route=\/wp\/v2\/media\/32832"}],"wp:attachment":[{"href":"https:\/\/adanaseshaber.com.tr\/index.php?rest_route=%2Fwp%2Fv2%2Fmedia&parent=32831"}],"wp:term":[{"taxonomy":"category","embeddable":true,"href":"https:\/\/adanaseshaber.com.tr\/index.php?rest_route=%2Fwp%2Fv2%2Fcategories&post=32831"},{"taxonomy":"post_tag","embeddable":true,"href":"https:\/\/adanaseshaber.com.tr\/index.php?rest_route=%2Fwp%2Fv2%2Ftags&post=32831"}],"curies":[{"name":"wp","href":"https:\/\/api.w.org\/{rel}","templated":true}]}}