{"id":32836,"date":"2022-08-08T14:42:43","date_gmt":"2022-08-08T11:42:43","guid":{"rendered":"https:\/\/www.adanaseshaber.com\/?p=32836"},"modified":"2022-08-08T14:49:47","modified_gmt":"2022-08-08T11:49:47","slug":"eyup-sultan-turbesine-cekicli-saldiri","status":"publish","type":"post","link":"https:\/\/adanaseshaber.com.tr\/?p=32836","title":{"rendered":"Ey\u00fcp Sultan T\u00fcrbesi\u2019ne \u00e7eki\u00e7li sald\u0131r\u0131"},"content":{"rendered":"<p>\u0130stanbul\u2019da d\u00fcn ak\u015fam Ey\u00fcp Sultan T\u00fcrbesi\u2019ne \u00e7irkin bir sald\u0131r\u0131 d\u00fczenlendi. Ak\u015fam saatlerinde sald\u0131r\u0131y\u0131 d\u00fczenleyen \u015fah\u0131s hacet penceresinin sa\u011f ve sol taraf\u0131ndaki \u00e7ini levhalar\u0131n \u00fczerindeki pen\u00e7e motiflerine zarar verdi. Sald\u0131rgan, g\u00fcvenlik g\u00f6revlileri taraf\u0131ndan yakaland\u0131. Ey\u00fcp Sultan T\u00fcrbesi\u2019ne d\u00fcn ak\u015fam saatlerinde elinde \u00e7eki\u00e7le gelen sald\u0131rgan, hacet penceresinin sa\u011f ve sol taraf\u0131ndaki \u00e7inilere zarar verdi. \u00c7ini levhalar\u0131n \u00fczerindeki pen\u00e7e motiflerine zarar veren sald\u0131rgan\u0131 t\u00fcrbenin g\u00fcvenlik g\u00f6revlileri yakalad\u0131. G\u00fcvenlik g\u00f6revlileri taraf\u0131ndan yakalanan sald\u0131rgan\u0131n polis ekiplerine teslim edildi\u011fi \u00f6\u011frenildi.<\/p>\n<p><b>\u00c7EK\u0130\u00c7L\u0130 SALDIRI<\/b><\/p>\n<p>D\u00fcn ak\u015fam \u0130stanbul&#8217;da Ey\u00fcp Sultan T\u00fcrbesi&#8217;ne \u00e7eki\u00e7li sald\u0131r\u0131 d\u00fczenlendi. Sald\u0131r\u0131y\u0131 ger\u00e7ekle\u015ftiren zanl\u0131n\u0131n t\u00fcrbenin g\u00fcvenlik g\u00fc\u00e7leri taraf\u0131ndan yakalanarak polise teslim edildi\u011fi \u00f6\u011frenildi. Saat 21.30 sular\u0131nda t\u00fcrbeye gelen zanl\u0131, hacet penceresinin sa\u011f ve sol taraf\u0131ndaki \u00e7ini levhalar\u0131n \u00fczerindeki pen\u00e7e motiflerine zarar verdi.<\/p>\n<p><strong>Z\u0130H\u0130NSEL ENGELL\u0130 RAPORU OLDU\u011eU \u00d6\u011eREN\u0130LD\u0130<\/strong><\/p>\n<p>T\u00fcrbenin g\u00fcvenlik g\u00fc\u00e7leri taraf\u0131ndan m\u00fcdahale edilen ve yakalanarak polise teslim edilen \u015fahs\u0131n, Prof. Dr. Mazhar Osman Ruh Sa\u011fl\u0131\u011f\u0131 ve Sinir Hastal\u0131klar\u0131 E\u011fitim ve Ara\u015ft\u0131rma Hastanesi&#8217;nce d\u00fczenlenmi\u015f y\u00fczde 80 oran\u0131nda zihinsel engelli raporu oldu\u011fu ortaya \u00e7\u0131kt\u0131.<\/p>\n<p><img loading=\"lazy\" decoding=\"async\" class=\"aligncenter wp-image-32842 size-full\" src=\"https:\/\/adanaseshaber.com.tr\/wp-content\/uploads\/2022\/08\/eyup-sultan-turbesine-cekicli-saldiri-1.jpg\" alt=\"\" width=\"1280\" height=\"720\" srcset=\"https:\/\/adanaseshaber.com.tr\/wp-content\/uploads\/2022\/08\/eyup-sultan-turbesine-cekicli-saldiri-1.jpg 1280w, https:\/\/adanaseshaber.com.tr\/wp-content\/uploads\/2022\/08\/eyup-sultan-turbesine-cekicli-saldiri-1-300x169.jpg 300w, https:\/\/adanaseshaber.com.tr\/wp-content\/uploads\/2022\/08\/eyup-sultan-turbesine-cekicli-saldiri-1-1024x576.jpg 1024w, https:\/\/adanaseshaber.com.tr\/wp-content\/uploads\/2022\/08\/eyup-sultan-turbesine-cekicli-saldiri-1-768x432.jpg 768w, https:\/\/adanaseshaber.com.tr\/wp-content\/uploads\/2022\/08\/eyup-sultan-turbesine-cekicli-saldiri-1-390x220.jpg 390w\" sizes=\"auto, (max-width: 1280px) 100vw, 1280px\" \/><\/p>\n<p><strong>TAHR\u0130P ED\u0130LEN \u00c7\u0130N\u0130LER TAM\u0130R ED\u0130L\u0130YOR<\/strong><\/p>\n<p>\u00d6te yandan K\u00fclt\u00fcr ve Turizm Bakanl\u0131\u011f\u0131&#8217;n\u0131n ilgili birimleri, \u00e7eki\u00e7le tahrip edilen \u00e7inilerin tamiri i\u00e7in \u00e7al\u0131\u015fma ba\u015flatt\u0131.<\/p>\n","protected":false},"excerpt":{"rendered":"<p>\u0130stanbul\u2019da d\u00fcn ak\u015fam Ey\u00fcp Sultan T\u00fcrbesi\u2019ne \u00e7irkin bir sald\u0131r\u0131 d\u00fczenlendi. Ak\u015fam saatlerinde sald\u0131r\u0131y\u0131 d\u00fczenleyen \u015fah\u0131s hacet penceresinin sa\u011f ve sol taraf\u0131ndaki \u00e7ini levhalar\u0131n \u00fczerindeki pen\u00e7e motiflerine zarar verdi. Sald\u0131rgan, g\u00fcvenlik g\u00f6revlileri taraf\u0131ndan yakaland\u0131. Ey\u00fcp Sultan T\u00fcrbesi\u2019ne d\u00fcn ak\u015fam saatlerinde elinde \u00e7eki\u00e7le gelen sald\u0131rgan, hacet penceresinin sa\u011f ve sol taraf\u0131ndaki \u00e7inilere zarar verdi. \u00c7ini levhalar\u0131n \u00fczerindeki &hellip;<\/p>\n","protected":false},"author":6,"featured_media":32837,"comment_status":"closed","ping_status":"closed","sticky":false,"template":"","format":"standard","meta":{"footnotes":""},"categories":[1],"tags":[],"class_list":["post-32836","post","type-post","status-publish","format-standard","has-post-thumbnail","hentry","category-genel"],"amp_enabled":true,"_links":{"self":[{"href":"https:\/\/adanaseshaber.com.tr\/index.php?rest_route=\/wp\/v2\/posts\/32836","targetHints":{"allow":["GET"]}}],"collection":[{"href":"https:\/\/adanaseshaber.com.tr\/index.php?rest_route=\/wp\/v2\/posts"}],"about":[{"href":"https:\/\/adanaseshaber.com.tr\/index.php?rest_route=\/wp\/v2\/types\/post"}],"author":[{"embeddable":true,"href":"https:\/\/adanaseshaber.com.tr\/index.php?rest_route=\/wp\/v2\/users\/6"}],"replies":[{"embeddable":true,"href":"https:\/\/adanaseshaber.com.tr\/index.php?rest_route=%2Fwp%2Fv2%2Fcomments&post=32836"}],"version-history":[{"count":5,"href":"https:\/\/adanaseshaber.com.tr\/index.php?rest_route=\/wp\/v2\/posts\/32836\/revisions"}],"predecessor-version":[{"id":32839,"href":"https:\/\/adanaseshaber.com.tr\/index.php?rest_route=\/wp\/v2\/posts\/32836\/revisions\/32839"}],"wp:featuredmedia":[{"embeddable":true,"href":"https:\/\/adanaseshaber.com.tr\/index.php?rest_route=\/wp\/v2\/media\/32837"}],"wp:attachment":[{"href":"https:\/\/adanaseshaber.com.tr\/index.php?rest_route=%2Fwp%2Fv2%2Fmedia&parent=32836"}],"wp:term":[{"taxonomy":"category","embeddable":true,"href":"https:\/\/adanaseshaber.com.tr\/index.php?rest_route=%2Fwp%2Fv2%2Fcategories&post=32836"},{"taxonomy":"post_tag","embeddable":true,"href":"https:\/\/adanaseshaber.com.tr\/index.php?rest_route=%2Fwp%2Fv2%2Ftags&post=32836"}],"curies":[{"name":"wp","href":"https:\/\/api.w.org\/{rel}","templated":true}]}}