{"id":32864,"date":"2022-08-08T15:18:15","date_gmt":"2022-08-08T12:18:15","guid":{"rendered":"https:\/\/www.adanaseshaber.com\/?p=32864"},"modified":"2022-08-08T15:18:09","modified_gmt":"2022-08-08T12:18:09","slug":"melih-gokcekten-cemal-enginyurta-kivirma-erkek-ol","status":"publish","type":"post","link":"https:\/\/adanaseshaber.com.tr\/?p=32864","title":{"rendered":"Melih G\u00f6k\u00e7ek\u2019ten Cemal Enginyurt\u2019a: K\u0131v\u0131rma, erkek ol"},"content":{"rendered":"<p>Kat\u0131ld\u0131\u011f\u0131 bir TV program\u0131nda gazeteci Latif \u015eim\u015fek ile ya\u015fad\u0131\u011f\u0131 tart\u0131\u015fman\u0131n ard\u0131ndan korumas\u0131 oldu\u011fu iddia edilen bir ki\u015fi ile beraber \u015eim\u015fek\u2019i darp eden Demokrat Parti Ordu Milletvekili Cemal Enginyurt\u2019a tepkiler \u00e7\u0131\u011f gibi b\u00fcy\u00fcyor. Canl\u0131 yay\u0131ndaki darp olay\u0131ndan sonra Enginyurt&#8217;a bir tepki de eski Ankara B\u00fcy\u00fck\u015fehir Belediye Ba\u015fkan\u0131 Melih G\u00f6k\u00e7ek\u2019ten geldi. G\u00f6k\u00e7ek, sosyal medya hesab\u0131ndan yapt\u0131\u011f\u0131 payla\u015f\u0131mla Enginyurt\u2019a y\u00fcklendi. Canl\u0131 yay\u0131ndaki darp olay\u0131n\u0131n g\u00fcndeme bomba gibi d\u00fc\u015fmesinin ard\u0131ndan a\u00e7\u0131klama yapan Cemal Enginyurt, yan\u0131ndaki \u015fahs\u0131n korumas\u0131 olmad\u0131\u011f\u0131n\u0131 s\u00f6ylemi\u015fti. Enginyurt\u2019un bu a\u00e7\u0131klamas\u0131n\u0131n ard\u0131ndan Melih G\u00f6k\u00e7ek\u2019ten tepki geldi. Tart\u0131\u015fmalara dahil olan G\u00f6k\u00e7ek, yapt\u0131\u011f\u0131 payla\u015f\u0131mla Enginyurt\u2019u hedef ald\u0131 ve K\u0131v\u0131rma, erkek ol\u2019 s\u00f6zleriyle Cemal Enginyurt\u2019a y\u00fcklendi. \u0130\u015fte detaylar\u2026<\/p>\n<p><strong>CANLI YAYINDA DARP OLAYI<\/strong><\/p>\n<p>Demokrat Parti Ordu Milletvekili ve gazeteci Latif \u015eim\u015fek, konuk olduklar\u0131 bir TV program\u0131nda kavga etti. Selahattin Demirta\u015f ve Osman Kavala\u2019n\u0131n yarg\u0131lanmalar\u0131 \u00fczerinden ba\u015flayan tart\u0131\u015fma bir s\u00fcre sonra kavgaya d\u00f6n\u00fc\u015ft\u00fc. Canl\u0131 yay\u0131nda tansiyon bir anda y\u00fckselirken Cemal Enginyurt ve korumas\u0131 oldu\u011fu iddia edilen bir ki\u015fi gazeteci Latif \u015eim\u015fek\u2019i darp etti.<\/p>\n<p><strong>\u015e\u0130KAYET\u00c7\u0130 OLDU<\/strong><\/p>\n<p>G\u00fcndeme bomba gibi d\u00fc\u015fen \u015fiddet olay\u0131n\u0131n ard\u0131ndan gazeteci Latif \u015eim\u015fek, Cemal Enginyurt ve korumas\u0131 oldu\u011fu \u00f6ne s\u00fcr\u00fclen \u015fah\u0131stan \u015fikayet\u00e7i oldu. \u015eikayet \u00fczerine \u0130stanbul Cumhuriyet Ba\u015fsavc\u0131l\u0131\u011f\u0131 olayla ilgili soru\u015fturma ba\u015flatt\u0131 ve ba\u015flat\u0131lan soru\u015fturma kapsam\u0131nda koruma oldu\u011fu iddia edilen \u015fah\u0131s \u00e7\u0131kar\u0131ld\u0131\u011f\u0131 mahkemece tutuklanarak cezaevine g\u00f6nderildi.<\/p>\n<p><img loading=\"lazy\" decoding=\"async\" class=\"aligncenter wp-image-32867 size-full\" src=\"https:\/\/adanaseshaber.com.tr\/wp-content\/uploads\/2022\/08\/melih-gokcekten-cemal-enginyurta-kivirma-erkek-ol-2.jpg\" alt=\"\" width=\"1280\" height=\"720\" srcset=\"https:\/\/adanaseshaber.com.tr\/wp-content\/uploads\/2022\/08\/melih-gokcekten-cemal-enginyurta-kivirma-erkek-ol-2.jpg 1280w, https:\/\/adanaseshaber.com.tr\/wp-content\/uploads\/2022\/08\/melih-gokcekten-cemal-enginyurta-kivirma-erkek-ol-2-300x169.jpg 300w, https:\/\/adanaseshaber.com.tr\/wp-content\/uploads\/2022\/08\/melih-gokcekten-cemal-enginyurta-kivirma-erkek-ol-2-1024x576.jpg 1024w, https:\/\/adanaseshaber.com.tr\/wp-content\/uploads\/2022\/08\/melih-gokcekten-cemal-enginyurta-kivirma-erkek-ol-2-768x432.jpg 768w, https:\/\/adanaseshaber.com.tr\/wp-content\/uploads\/2022\/08\/melih-gokcekten-cemal-enginyurta-kivirma-erkek-ol-2-390x220.jpg 390w\" sizes=\"auto, (max-width: 1280px) 100vw, 1280px\" \/><\/p>\n<p><strong>ENG\u0130NYURT\u2019TAN KORUMA A\u00c7IKLAMASI<\/strong><\/p>\n<p>Ya\u015fanan olay\u0131n ard\u0131ndan yan\u0131ndaki \u015fahs\u0131n korumas\u0131 oldu\u011funa dair iddialara yan\u0131t veren Cemal Enginyurt, \u2018Cemal Enginyurt\u2019un korumas\u0131 Latif \u015eim\u015fek\u2019i darp etti diyen iftirac\u0131lar. Benim hayat\u0131m boyunca korumam olmad\u0131. Beni koruyan halk\u0131md\u0131r. Kavgaya kar\u0131\u015fan ki\u015fi dan\u0131\u015fman\u0131m\u0131 ziyarete gelen \u0130stanbul2da ya\u015fayan bir arkada\u015ft\u0131r. Yalan ve iftira mesle\u011finiz oldu. Bu nas\u0131l bir kin?\u2019 ifadelerini kulland\u0131.<\/p>\n<p><img loading=\"lazy\" decoding=\"async\" class=\"aligncenter wp-image-32866 size-full\" src=\"https:\/\/adanaseshaber.com.tr\/wp-content\/uploads\/2022\/08\/melih-gokcekten-cemal-enginyurta-kivirma-erkek-ol-1.jpg\" alt=\"\" width=\"1280\" height=\"720\" srcset=\"https:\/\/adanaseshaber.com.tr\/wp-content\/uploads\/2022\/08\/melih-gokcekten-cemal-enginyurta-kivirma-erkek-ol-1.jpg 1280w, https:\/\/adanaseshaber.com.tr\/wp-content\/uploads\/2022\/08\/melih-gokcekten-cemal-enginyurta-kivirma-erkek-ol-1-300x169.jpg 300w, https:\/\/adanaseshaber.com.tr\/wp-content\/uploads\/2022\/08\/melih-gokcekten-cemal-enginyurta-kivirma-erkek-ol-1-1024x576.jpg 1024w, https:\/\/adanaseshaber.com.tr\/wp-content\/uploads\/2022\/08\/melih-gokcekten-cemal-enginyurta-kivirma-erkek-ol-1-768x432.jpg 768w, https:\/\/adanaseshaber.com.tr\/wp-content\/uploads\/2022\/08\/melih-gokcekten-cemal-enginyurta-kivirma-erkek-ol-1-390x220.jpg 390w\" sizes=\"auto, (max-width: 1280px) 100vw, 1280px\" \/><\/p>\n<p><strong>\u2018ERKEK OL\u2019<\/strong><\/p>\n<p>Milletvekili Cemal Enginyurt\u2019un bu a\u00e7\u0131klamas\u0131n\u0131n ard\u0131ndan eski Ankara B\u00fcy\u00fck\u015fehir Belediye Ba\u015fkan\u0131 Melih G\u00f6k\u00e7ek\u2019ten \u00e7ok sert bir payla\u015f\u0131m geldi. Enginyurt\u2019un sosyal medya hesab\u0131 \u00fczerinden yapt\u0131\u011f\u0131 a\u00e7\u0131klamay\u0131 al\u0131nt\u0131layan G\u00f6k\u00e7ek, \u2018R\u00fczgar g\u00fcl\u00fc t\u0131st\u0131n de\u011fil mi? K\u0131v\u0131rma, erkek ol\u2026 Adam\u0131 yakma. Erkek\u00e7e emri verdi\u011fini s\u00f6yle. E\u011fer G\u00fcltekin Uysal sana bir ceza vermezse o da alt\u0131nda kal\u0131r. Seni partiden atarsa b\u00fcy\u00fcr.\u2019 ifadelerini kulland\u0131.<\/p>\n","protected":false},"excerpt":{"rendered":"<p>Kat\u0131ld\u0131\u011f\u0131 bir TV program\u0131nda gazeteci Latif \u015eim\u015fek ile ya\u015fad\u0131\u011f\u0131 tart\u0131\u015fman\u0131n ard\u0131ndan korumas\u0131 oldu\u011fu iddia edilen bir ki\u015fi ile beraber \u015eim\u015fek\u2019i darp eden Demokrat Parti Ordu Milletvekili Cemal Enginyurt\u2019a tepkiler \u00e7\u0131\u011f gibi b\u00fcy\u00fcyor. Canl\u0131 yay\u0131ndaki darp olay\u0131ndan sonra Enginyurt&#8217;a bir tepki de eski Ankara B\u00fcy\u00fck\u015fehir Belediye Ba\u015fkan\u0131 Melih G\u00f6k\u00e7ek\u2019ten geldi. G\u00f6k\u00e7ek, sosyal medya hesab\u0131ndan yapt\u0131\u011f\u0131 payla\u015f\u0131mla &hellip;<\/p>\n","protected":false},"author":6,"featured_media":32865,"comment_status":"closed","ping_status":"closed","sticky":false,"template":"","format":"standard","meta":{"footnotes":""},"categories":[1],"tags":[],"class_list":["post-32864","post","type-post","status-publish","format-standard","has-post-thumbnail","hentry","category-genel"],"amp_enabled":true,"_links":{"self":[{"href":"https:\/\/adanaseshaber.com.tr\/index.php?rest_route=\/wp\/v2\/posts\/32864","targetHints":{"allow":["GET"]}}],"collection":[{"href":"https:\/\/adanaseshaber.com.tr\/index.php?rest_route=\/wp\/v2\/posts"}],"about":[{"href":"https:\/\/adanaseshaber.com.tr\/index.php?rest_route=\/wp\/v2\/types\/post"}],"author":[{"embeddable":true,"href":"https:\/\/adanaseshaber.com.tr\/index.php?rest_route=\/wp\/v2\/users\/6"}],"replies":[{"embeddable":true,"href":"https:\/\/adanaseshaber.com.tr\/index.php?rest_route=%2Fwp%2Fv2%2Fcomments&post=32864"}],"version-history":[{"count":1,"href":"https:\/\/adanaseshaber.com.tr\/index.php?rest_route=\/wp\/v2\/posts\/32864\/revisions"}],"predecessor-version":[{"id":32868,"href":"https:\/\/adanaseshaber.com.tr\/index.php?rest_route=\/wp\/v2\/posts\/32864\/revisions\/32868"}],"wp:featuredmedia":[{"embeddable":true,"href":"https:\/\/adanaseshaber.com.tr\/index.php?rest_route=\/wp\/v2\/media\/32865"}],"wp:attachment":[{"href":"https:\/\/adanaseshaber.com.tr\/index.php?rest_route=%2Fwp%2Fv2%2Fmedia&parent=32864"}],"wp:term":[{"taxonomy":"category","embeddable":true,"href":"https:\/\/adanaseshaber.com.tr\/index.php?rest_route=%2Fwp%2Fv2%2Fcategories&post=32864"},{"taxonomy":"post_tag","embeddable":true,"href":"https:\/\/adanaseshaber.com.tr\/index.php?rest_route=%2Fwp%2Fv2%2Ftags&post=32864"}],"curies":[{"name":"wp","href":"https:\/\/api.w.org\/{rel}","templated":true}]}}