{"id":32890,"date":"2022-08-08T16:12:51","date_gmt":"2022-08-08T13:12:51","guid":{"rendered":"https:\/\/www.adanaseshaber.com\/?p=32890"},"modified":"2022-08-08T16:15:23","modified_gmt":"2022-08-08T13:15:23","slug":"kizilcik-serbeti-dizisi-hangi-kanalda-kizilcik-serbeti-konusu-ve-oyuncu-kadrosu","status":"publish","type":"post","link":"https:\/\/adanaseshaber.com.tr\/?p=32890","title":{"rendered":"K\u0131z\u0131lc\u0131k \u015eerbeti dizisi hangi kanalda? K\u0131z\u0131lc\u0131k \u015eerbeti konusu ve oyuncu kadrosu"},"content":{"rendered":"<p>K\u0131z\u0131lc\u0131k \u015eerbeti dizisiyle ilgili merak edilenler ara\u015ft\u0131r\u0131lmaya devam ediliyor. Yeni sezonda ekrana gelmeye haz\u0131rlanan yeni dizinin oyuncu kadrosu ve hangi kanalda yay\u0131nlanaca\u011f\u0131 merak konusu. K\u0131z\u0131lc\u0131k \u015eerbeti dizisinin konusu ve nerede \u00e7ekildi\u011fine dair ara\u015ft\u0131rmalar da yo\u011funla\u015ft\u0131. Dizinin ba\u015frol oyuncular\u0131 ise merak edilen bir di\u011fer konu. Yeni dizi K\u0131z\u0131lc\u0131k \u015eerbeti ile ilgili detaylar yava\u015f yava\u015f netle\u015fmeye ba\u015flad\u0131. Yeni dizisi K\u0131z\u0131lc\u0131k \u015eerbeti ile ilgili merak edilenler ara\u015ft\u0131r\u0131l\u0131yor. Yeni sezonda izleyici kar\u015f\u0131s\u0131na \u00e7\u0131kmaya haz\u0131rlanan diziyle ilgili merak edilen pek \u00e7ok konu var. \u00d6zellikle oyuncu kadrosu diziyi heyecanla bekleyen izleyiciler taraf\u0131ndan b\u00fcy\u00fck bir merakla ara\u015ft\u0131r\u0131l\u0131yor. Peki, K\u0131z\u0131lc\u0131k \u015eerbeti dizisi konusu nedir? K\u0131z\u0131lc\u0131k \u015eerbeti nerede \u00e7ekiliyor? K\u0131z\u0131lc\u0131k \u015eerbeti oyuncu kadrosunda kimler var? K\u0131z\u0131lc\u0131k \u015eerbeti hangi kanalda yay\u0131nlanacak? K\u0131z\u0131lc\u0131k \u015eerbeti ne zaman ba\u015flayacak? S\u0131la T\u00fcrko\u011flu, K\u0131z\u0131lc\u0131k \u015eerbeti dizisi oyuncu kadrosunda m\u0131? \u0130\u015fte t\u00fcm merak edilenler\u2026<\/p>\n<p><strong>KIZILCIK \u015eERBET\u0130 D\u0130Z\u0130S\u0130 KONUSU<\/strong><\/p>\n<p>Yeni sezonda izleyici kar\u015f\u0131s\u0131na \u00e7\u0131kmaya haz\u0131rlanan K\u0131z\u0131lc\u0131k \u015eerbeti dizisinin konusu hakk\u0131nda hen\u00fcz detayl\u0131 bir bilgi bulunmuyor. Hikayesiyle fark yaratmaya haz\u0131rlanan yeni dizinin reytinglerde rakiplerinin \u00f6n\u00fcne ge\u00e7mesi bekleniyor.<\/p>\n<p><strong>KIZILCIK \u015eERBET\u0130 OYUNCU KADROSU<\/strong><\/p>\n<p>K\u0131z\u0131lc\u0131k \u015eerbeti dizisinin oyuncu kadrosunda Evrim Alasya, Bar\u0131\u015f K\u0131l\u0131\u00e7 ve S\u0131la T\u00fcrko\u011flu gibi \u00fcnl\u00fc isimler yer alacak.<\/p>\n<p><img loading=\"lazy\" decoding=\"async\" class=\"aligncenter wp-image-32893 size-full\" src=\"https:\/\/adanaseshaber.com.tr\/wp-content\/uploads\/2022\/08\/kizilcik-serbeti-dizisi-hangi-kanalda-kizilcik-serbeti-konusu-ve-oyuncu-kadrosu-1.jpg\" alt=\"\" width=\"1280\" height=\"720\" srcset=\"https:\/\/adanaseshaber.com.tr\/wp-content\/uploads\/2022\/08\/kizilcik-serbeti-dizisi-hangi-kanalda-kizilcik-serbeti-konusu-ve-oyuncu-kadrosu-1.jpg 1280w, https:\/\/adanaseshaber.com.tr\/wp-content\/uploads\/2022\/08\/kizilcik-serbeti-dizisi-hangi-kanalda-kizilcik-serbeti-konusu-ve-oyuncu-kadrosu-1-300x169.jpg 300w, https:\/\/adanaseshaber.com.tr\/wp-content\/uploads\/2022\/08\/kizilcik-serbeti-dizisi-hangi-kanalda-kizilcik-serbeti-konusu-ve-oyuncu-kadrosu-1-1024x576.jpg 1024w, https:\/\/adanaseshaber.com.tr\/wp-content\/uploads\/2022\/08\/kizilcik-serbeti-dizisi-hangi-kanalda-kizilcik-serbeti-konusu-ve-oyuncu-kadrosu-1-768x432.jpg 768w, https:\/\/adanaseshaber.com.tr\/wp-content\/uploads\/2022\/08\/kizilcik-serbeti-dizisi-hangi-kanalda-kizilcik-serbeti-konusu-ve-oyuncu-kadrosu-1-390x220.jpg 390w\" sizes=\"auto, (max-width: 1280px) 100vw, 1280px\" \/><\/p>\n<p><strong>KIZILCIK \u015eERBET\u0130 HANG\u0130 KANALDA YAYINLANACAK?<\/strong><\/p>\n<p>Yeni sezonda izleyicisiyle bulu\u015facak olan K\u0131z\u0131lc\u0131k \u015eerbeti dizisi Show TV ekranlar\u0131nda yay\u0131nlanacak. Dizinin \u00e7ekimleri ile ilgili hen\u00fcz herhangi bir bilgi bulunmuyor.<\/p>\n","protected":false},"excerpt":{"rendered":"<p>K\u0131z\u0131lc\u0131k \u015eerbeti dizisiyle ilgili merak edilenler ara\u015ft\u0131r\u0131lmaya devam ediliyor. Yeni sezonda ekrana gelmeye haz\u0131rlanan yeni dizinin oyuncu kadrosu ve hangi kanalda yay\u0131nlanaca\u011f\u0131 merak konusu. K\u0131z\u0131lc\u0131k \u015eerbeti dizisinin konusu ve nerede \u00e7ekildi\u011fine dair ara\u015ft\u0131rmalar da yo\u011funla\u015ft\u0131. Dizinin ba\u015frol oyuncular\u0131 ise merak edilen bir di\u011fer konu. Yeni dizi K\u0131z\u0131lc\u0131k \u015eerbeti ile ilgili detaylar yava\u015f yava\u015f netle\u015fmeye ba\u015flad\u0131. &hellip;<\/p>\n","protected":false},"author":6,"featured_media":32891,"comment_status":"closed","ping_status":"closed","sticky":false,"template":"","format":"standard","meta":{"footnotes":""},"categories":[15431],"tags":[],"class_list":["post-32890","post","type-post","status-publish","format-standard","has-post-thumbnail","hentry","category-medya"],"amp_enabled":true,"_links":{"self":[{"href":"https:\/\/adanaseshaber.com.tr\/index.php?rest_route=\/wp\/v2\/posts\/32890","targetHints":{"allow":["GET"]}}],"collection":[{"href":"https:\/\/adanaseshaber.com.tr\/index.php?rest_route=\/wp\/v2\/posts"}],"about":[{"href":"https:\/\/adanaseshaber.com.tr\/index.php?rest_route=\/wp\/v2\/types\/post"}],"author":[{"embeddable":true,"href":"https:\/\/adanaseshaber.com.tr\/index.php?rest_route=\/wp\/v2\/users\/6"}],"replies":[{"embeddable":true,"href":"https:\/\/adanaseshaber.com.tr\/index.php?rest_route=%2Fwp%2Fv2%2Fcomments&post=32890"}],"version-history":[{"count":2,"href":"https:\/\/adanaseshaber.com.tr\/index.php?rest_route=\/wp\/v2\/posts\/32890\/revisions"}],"predecessor-version":[{"id":32894,"href":"https:\/\/adanaseshaber.com.tr\/index.php?rest_route=\/wp\/v2\/posts\/32890\/revisions\/32894"}],"wp:featuredmedia":[{"embeddable":true,"href":"https:\/\/adanaseshaber.com.tr\/index.php?rest_route=\/wp\/v2\/media\/32891"}],"wp:attachment":[{"href":"https:\/\/adanaseshaber.com.tr\/index.php?rest_route=%2Fwp%2Fv2%2Fmedia&parent=32890"}],"wp:term":[{"taxonomy":"category","embeddable":true,"href":"https:\/\/adanaseshaber.com.tr\/index.php?rest_route=%2Fwp%2Fv2%2Fcategories&post=32890"},{"taxonomy":"post_tag","embeddable":true,"href":"https:\/\/adanaseshaber.com.tr\/index.php?rest_route=%2Fwp%2Fv2%2Ftags&post=32890"}],"curies":[{"name":"wp","href":"https:\/\/api.w.org\/{rel}","templated":true}]}}