{"id":32912,"date":"2022-08-08T17:34:57","date_gmt":"2022-08-08T14:34:57","guid":{"rendered":"https:\/\/www.adanaseshaber.com\/?p=32912"},"modified":"2022-08-08T17:34:28","modified_gmt":"2022-08-08T14:34:28","slug":"kpss-on-lisans-sinav-tarihi-2022-kpss-on-lisans-basvurusu-ne-zaman-basliyor","status":"publish","type":"post","link":"https:\/\/adanaseshaber.com.tr\/?p=32912","title":{"rendered":"KPSS \u00f6n lisans s\u0131nav tarihi 2022! KPSS \u00f6n lisans ba\u015fvurusu ne zaman ba\u015fl\u0131yor?"},"content":{"rendered":"<p>31 Temmuz 2022 tarihinde ger\u00e7ekle\u015ftirilen KPSS Lisans oturumunda s\u0131nav sorular\u0131n\u0131n s\u0131zd\u0131r\u0131ld\u0131\u011f\u0131 iddias\u0131yla KPSS iptal edilmi\u015f ve di\u011fer oturumlar da ertelenmi\u015fti. KPSS s\u0131nav\u0131n\u0131n iptalinin ard\u0131ndan g\u00f6zler \u00d6SYM\u2019nin a\u00e7\u0131klayaca\u011f\u0131 yeni s\u0131nav takvimine \u00e7evrilmi\u015fti. Yeni \u00d6SYM Ba\u015fkan\u0131 Prof. Dr. Bayram Ali Ersoy, yeni s\u0131nav takviminin yak\u0131nda a\u00e7\u0131klanaca\u011f\u0131n\u0131 duyurmu\u015ftu. Bug\u00fcn ise \u00d6SYM2den yap\u0131lan a\u00e7\u0131klama ile yeni s\u0131nav takvimi a\u00e7\u0131kland\u0131. KPSS lisans oturumunun iptal edilmesinin ard\u0131ndan di\u011fer oturumlar da ertelenmi\u015fti. Yeni s\u0131nav takvimi i\u00e7in g\u00f6zlerin \u00e7evrildi\u011fi \u00d6SYM\u2019den beklenen a\u00e7\u0131klama geldi. \u00d6SYM, 2022 KPSS s\u0131nav\u0131nda yeni takvimi a\u00e7\u0131klad\u0131. Peki, KPSS \u00f6n lisans s\u0131nav tarihi ne zaman 2022? 2022 KPSS \u00f6n lisans ba\u015fvurusu ba\u015flad\u0131 m\u0131? KPSS \u00f6n lisans ba\u015fvurusu ne zaman ba\u015flayacak? KPSS \u00f6n lisans s\u0131nav \u00fccreti ne kadar? \u0130\u015fte detaylar\u2026<\/p>\n<p><strong>YEN\u0130 SINAV TAKV\u0130M\u0130 A\u00c7IKLANDI<\/strong><\/p>\n<p>KPSS s\u0131nav\u0131n\u0131n iptalinin ard\u0131ndan merakla beklenen yeni s\u0131nav takvimi belli oldu. Bu kapsamda Genel Yetenek-Genel K\u00fclt\u00fcr ve E\u011fitim Bilimleri oturumlar\u0131 18 Eyl\u00fcl 2022 tarihinde Alan Bilgili oturumlar\u0131 ise 24-25 Eyl\u00fcl 2022 tarihlerinde ger\u00e7ekle\u015ftirilecek.<\/p>\n<p><strong>2022 KPSS \u00d6N L\u0130SANS SINAV TAR\u0130H\u0130<\/strong><\/p>\n<p>2022 KPSS \u00f6n lisans s\u0131nav tarihi de belli oldu. \u00d6SYM taraf\u0131ndan yap\u0131lan duyuruda 2 Ekim 2022 tarihinde yap\u0131lmas\u0131 planlanan 2022-KPSS \u00f6n lisans s\u0131nav\u0131n\u0131n 9 Ekim 2022 tarihinde ger\u00e7ekle\u015ftirilece\u011fi bildirildi.<\/p>\n<p><img loading=\"lazy\" decoding=\"async\" class=\"aligncenter wp-image-32914 size-full\" src=\"https:\/\/adanaseshaber.com.tr\/wp-content\/uploads\/2022\/08\/kpss-on-lisans-sinav-tarihi-2022-kpss-on-lisans-basvurusu-ne-zaman-basliyor-1.jpg\" alt=\"\" width=\"1280\" height=\"720\" srcset=\"https:\/\/adanaseshaber.com.tr\/wp-content\/uploads\/2022\/08\/kpss-on-lisans-sinav-tarihi-2022-kpss-on-lisans-basvurusu-ne-zaman-basliyor-1.jpg 1280w, https:\/\/adanaseshaber.com.tr\/wp-content\/uploads\/2022\/08\/kpss-on-lisans-sinav-tarihi-2022-kpss-on-lisans-basvurusu-ne-zaman-basliyor-1-300x169.jpg 300w, https:\/\/adanaseshaber.com.tr\/wp-content\/uploads\/2022\/08\/kpss-on-lisans-sinav-tarihi-2022-kpss-on-lisans-basvurusu-ne-zaman-basliyor-1-1024x576.jpg 1024w, https:\/\/adanaseshaber.com.tr\/wp-content\/uploads\/2022\/08\/kpss-on-lisans-sinav-tarihi-2022-kpss-on-lisans-basvurusu-ne-zaman-basliyor-1-768x432.jpg 768w, https:\/\/adanaseshaber.com.tr\/wp-content\/uploads\/2022\/08\/kpss-on-lisans-sinav-tarihi-2022-kpss-on-lisans-basvurusu-ne-zaman-basliyor-1-390x220.jpg 390w\" sizes=\"auto, (max-width: 1280px) 100vw, 1280px\" \/><\/p>\n<p><strong>2022 KPSS \u00d6N L\u0130SANS BA\u015eVURULARI BA\u015eLADI MI?<\/strong><\/p>\n<p>Yeni s\u0131nav takviminin belli olmas\u0131n\u0131n ard\u0131ndan ba\u015fvuru s\u00fcreciyle ilgili merak edilenler ara\u015ft\u0131r\u0131lmaya ba\u015fland\u0131. Hen\u00fcz 2022 KPSS \u00f6n lisan s\u0131nav ba\u015fvurusu ile ilgili herhangi bir a\u00e7\u0131klama gelmedi. Ba\u015fvurular ba\u015flad\u0131\u011f\u0131nda haberimizde sizleri bilgilendirece\u011fiz\u2026<\/p>\n","protected":false},"excerpt":{"rendered":"<p>31 Temmuz 2022 tarihinde ger\u00e7ekle\u015ftirilen KPSS Lisans oturumunda s\u0131nav sorular\u0131n\u0131n s\u0131zd\u0131r\u0131ld\u0131\u011f\u0131 iddias\u0131yla KPSS iptal edilmi\u015f ve di\u011fer oturumlar da ertelenmi\u015fti. KPSS s\u0131nav\u0131n\u0131n iptalinin ard\u0131ndan g\u00f6zler \u00d6SYM\u2019nin a\u00e7\u0131klayaca\u011f\u0131 yeni s\u0131nav takvimine \u00e7evrilmi\u015fti. Yeni \u00d6SYM Ba\u015fkan\u0131 Prof. Dr. Bayram Ali Ersoy, yeni s\u0131nav takviminin yak\u0131nda a\u00e7\u0131klanaca\u011f\u0131n\u0131 duyurmu\u015ftu. Bug\u00fcn ise \u00d6SYM2den yap\u0131lan a\u00e7\u0131klama ile yeni s\u0131nav takvimi a\u00e7\u0131kland\u0131. &hellip;<\/p>\n","protected":false},"author":6,"featured_media":32913,"comment_status":"closed","ping_status":"closed","sticky":false,"template":"","format":"standard","meta":{"footnotes":""},"categories":[1],"tags":[],"class_list":["post-32912","post","type-post","status-publish","format-standard","has-post-thumbnail","hentry","category-genel"],"amp_enabled":true,"_links":{"self":[{"href":"https:\/\/adanaseshaber.com.tr\/index.php?rest_route=\/wp\/v2\/posts\/32912","targetHints":{"allow":["GET"]}}],"collection":[{"href":"https:\/\/adanaseshaber.com.tr\/index.php?rest_route=\/wp\/v2\/posts"}],"about":[{"href":"https:\/\/adanaseshaber.com.tr\/index.php?rest_route=\/wp\/v2\/types\/post"}],"author":[{"embeddable":true,"href":"https:\/\/adanaseshaber.com.tr\/index.php?rest_route=\/wp\/v2\/users\/6"}],"replies":[{"embeddable":true,"href":"https:\/\/adanaseshaber.com.tr\/index.php?rest_route=%2Fwp%2Fv2%2Fcomments&post=32912"}],"version-history":[{"count":2,"href":"https:\/\/adanaseshaber.com.tr\/index.php?rest_route=\/wp\/v2\/posts\/32912\/revisions"}],"predecessor-version":[{"id":32916,"href":"https:\/\/adanaseshaber.com.tr\/index.php?rest_route=\/wp\/v2\/posts\/32912\/revisions\/32916"}],"wp:featuredmedia":[{"embeddable":true,"href":"https:\/\/adanaseshaber.com.tr\/index.php?rest_route=\/wp\/v2\/media\/32913"}],"wp:attachment":[{"href":"https:\/\/adanaseshaber.com.tr\/index.php?rest_route=%2Fwp%2Fv2%2Fmedia&parent=32912"}],"wp:term":[{"taxonomy":"category","embeddable":true,"href":"https:\/\/adanaseshaber.com.tr\/index.php?rest_route=%2Fwp%2Fv2%2Fcategories&post=32912"},{"taxonomy":"post_tag","embeddable":true,"href":"https:\/\/adanaseshaber.com.tr\/index.php?rest_route=%2Fwp%2Fv2%2Ftags&post=32912"}],"curies":[{"name":"wp","href":"https:\/\/api.w.org\/{rel}","templated":true}]}}