{"id":32977,"date":"2022-08-08T21:20:41","date_gmt":"2022-08-08T18:20:41","guid":{"rendered":"https:\/\/www.adanaseshaber.com\/?p=32977"},"modified":"2022-08-08T21:20:54","modified_gmt":"2022-08-08T18:20:54","slug":"eski-fenerbahceli-alex-de-souzadan-arda-guler-paylasimi","status":"publish","type":"post","link":"https:\/\/adanaseshaber.com.tr\/?p=32977","title":{"rendered":"Eski Fenerbah\u00e7eli Alex de Souza\u2019dan Arda G\u00fcler payla\u015f\u0131m\u0131"},"content":{"rendered":"<p>Fenerbah\u00e7e\u2019nin gen\u00e7 y\u0131ld\u0131z\u0131 Arda G\u00fcler, yeni sezonda 10 numaral\u0131 forman\u0131n sahibi oldu. Fenerbah\u00e7eli taraftarlar\u0131n sevgisini kazanan ve ba\u015far\u0131l\u0131 performans\u0131yla her ma\u00e7 ad\u0131ndan s\u00f6z ettiren gen\u00e7 yetenek hayaline kavu\u015ftu. Fenerbah\u00e7e\u2019de y\u0131llarca 10 numaral\u0131 formayla ye\u015fil sahalara \u00e7\u0131kan Alex de Souza\u2019dan Arda G\u00fcler payla\u015f\u0131m\u0131 geldi. Eski Fenerbah\u00e7eli Alex, Arda G\u00fcler\u2019e ba\u015far\u0131lar diledi. 17 ya\u015f\u0131ndaki gen\u00e7 yetenek Arda G\u00fcler, ba\u015far\u0131l\u0131 performans\u0131yla g\u00f6z doldurmaya devam ediyor. Hem Fenerbah\u00e7eli taraftarlar hem de futbolseverler taraf\u0131ndan \u00e7ok b\u00fcy\u00fck bir \u015fekilde desteklenen Arda, yeni sezonda 10 numaral\u0131 formay\u0131 ta\u015f\u0131yacak. Hayali ger\u00e7ek olan Arda G\u00fcler\u2019e Fenerbah\u00e7e\u2019nin efsane futbolcusu Alex de Souza\u2019dan destek geldi. Alex, sosyal medya hesab\u0131ndan yapt\u0131\u011f\u0131 payla\u015f\u0131mla Arda\u2019ya ba\u015far\u0131lar diledi. \u0130\u015fte detaylar\u2026<\/p>\n<p><strong>ALEX\u2019TEN ARDA\u2019YA DESTEK<\/strong><\/p>\n<p>Fenerbah\u00e7e\u2019de y\u0131llarca 10 numaral\u0131 formay\u0131 ta\u015f\u0131yan efsane futbolcu Alex de Souza, gen\u00e7 yetenek Arda G\u00fcler\u2019e yapt\u0131\u011f\u0131 payla\u015f\u0131mla destek verdi. Fenerbah\u00e7e\u2019nin efsane ismi Alex, sosysl medya \u00fczerinden yapt\u0131\u011f\u0131 payla\u015f\u0131mla yeni sezonda 10 numaral\u0131 formay\u0131 ta\u015f\u0131yacak olan Arda G\u00fcler\u2019e T\u00fcrk\u00e7e olarak ba\u015far\u0131lar diledi.<\/p>\n<p><img loading=\"lazy\" decoding=\"async\" class=\"aligncenter wp-image-32979 size-full\" src=\"https:\/\/adanaseshaber.com.tr\/wp-content\/uploads\/2022\/08\/eski-fenerbahceli-alex-de-souzadan-arda-guler-paylasimi-1.jpg\" alt=\"\" width=\"1280\" height=\"720\" srcset=\"https:\/\/adanaseshaber.com.tr\/wp-content\/uploads\/2022\/08\/eski-fenerbahceli-alex-de-souzadan-arda-guler-paylasimi-1.jpg 1280w, https:\/\/adanaseshaber.com.tr\/wp-content\/uploads\/2022\/08\/eski-fenerbahceli-alex-de-souzadan-arda-guler-paylasimi-1-300x169.jpg 300w, https:\/\/adanaseshaber.com.tr\/wp-content\/uploads\/2022\/08\/eski-fenerbahceli-alex-de-souzadan-arda-guler-paylasimi-1-1024x576.jpg 1024w, https:\/\/adanaseshaber.com.tr\/wp-content\/uploads\/2022\/08\/eski-fenerbahceli-alex-de-souzadan-arda-guler-paylasimi-1-768x432.jpg 768w, https:\/\/adanaseshaber.com.tr\/wp-content\/uploads\/2022\/08\/eski-fenerbahceli-alex-de-souzadan-arda-guler-paylasimi-1-390x220.jpg 390w\" sizes=\"auto, (max-width: 1280px) 100vw, 1280px\" \/><\/p>\n<p><strong>10 NUMARA ARDA G\u00dcLER\u2019\u0130N<\/strong><\/p>\n<p>Fenerbah\u00e7e, Spor Totot S\u00fcper Lig\u2019in yeni sezonunda 10 numaral\u0131 formay\u0131 gen\u00e7 futbolcu Arda G\u00fcler\u2019e verdi. Sar\u0131-lacivertli kul\u00fcpten yap\u0131lan a\u00e7\u0131klamada, \u2018Futbol A tak\u0131m\u0131m\u0131zda 10 numaral\u0131 formay\u0131 17 ya\u015f\u0131ndaki ba\u015far\u0131l\u0131 gen\u00e7 oyuncumuz Arda G\u00fcler giyecek. Arda G\u00fcler\u2019e 10 numaral\u0131 formas\u0131, Ba\u015fkan\u0131m\u0131z Ali Ko\u00e7 ile Teknik Direkt\u00f6r\u00fcm\u00fcz Jorge Jesus taraf\u0131ndan takdim edildi. Gen\u00e7 oyuncumuza ba\u015far\u0131lar dileyen Ali Ko\u00e7, kariyerinde hep daha \u00e7ok \u00e7al\u0131\u015fmas\u0131 gerekti\u011fini s\u00f6yledi. Teknik Direkt\u00f6r\u00fcm\u00fcz Jorge Jesus da Arda\u2019y\u0131 tebrik etti. Gen\u00e7 ya\u015fta g\u00f6sterdi\u011fi performansla b\u00fcy\u00fck be\u011feni toplayan Arda G\u00fcler\u2019e, Fenerbah\u00e7e tarihine ge\u00e7en 10 numaral\u0131 oyuncular aras\u0131na ad\u0131n\u0131 yazd\u0131raca\u011f\u0131na g\u00f6n\u00fclden inand\u0131\u011f\u0131m\u0131z zaferlerle dolu ser\u00fcveninde ba\u015far\u0131lar dileriz.\u2019 ifadelerine yer verildi.<\/p>\n","protected":false},"excerpt":{"rendered":"<p>Fenerbah\u00e7e\u2019nin gen\u00e7 y\u0131ld\u0131z\u0131 Arda G\u00fcler, yeni sezonda 10 numaral\u0131 forman\u0131n sahibi oldu. Fenerbah\u00e7eli taraftarlar\u0131n sevgisini kazanan ve ba\u015far\u0131l\u0131 performans\u0131yla her ma\u00e7 ad\u0131ndan s\u00f6z ettiren gen\u00e7 yetenek hayaline kavu\u015ftu. Fenerbah\u00e7e\u2019de y\u0131llarca 10 numaral\u0131 formayla ye\u015fil sahalara \u00e7\u0131kan Alex de Souza\u2019dan Arda G\u00fcler payla\u015f\u0131m\u0131 geldi. Eski Fenerbah\u00e7eli Alex, Arda G\u00fcler\u2019e ba\u015far\u0131lar diledi. 17 ya\u015f\u0131ndaki gen\u00e7 yetenek Arda &hellip;<\/p>\n","protected":false},"author":6,"featured_media":32978,"comment_status":"closed","ping_status":"closed","sticky":false,"template":"","format":"standard","meta":{"footnotes":""},"categories":[5],"tags":[],"class_list":["post-32977","post","type-post","status-publish","format-standard","has-post-thumbnail","hentry","category-spor"],"amp_enabled":true,"_links":{"self":[{"href":"https:\/\/adanaseshaber.com.tr\/index.php?rest_route=\/wp\/v2\/posts\/32977","targetHints":{"allow":["GET"]}}],"collection":[{"href":"https:\/\/adanaseshaber.com.tr\/index.php?rest_route=\/wp\/v2\/posts"}],"about":[{"href":"https:\/\/adanaseshaber.com.tr\/index.php?rest_route=\/wp\/v2\/types\/post"}],"author":[{"embeddable":true,"href":"https:\/\/adanaseshaber.com.tr\/index.php?rest_route=\/wp\/v2\/users\/6"}],"replies":[{"embeddable":true,"href":"https:\/\/adanaseshaber.com.tr\/index.php?rest_route=%2Fwp%2Fv2%2Fcomments&post=32977"}],"version-history":[{"count":2,"href":"https:\/\/adanaseshaber.com.tr\/index.php?rest_route=\/wp\/v2\/posts\/32977\/revisions"}],"predecessor-version":[{"id":32981,"href":"https:\/\/adanaseshaber.com.tr\/index.php?rest_route=\/wp\/v2\/posts\/32977\/revisions\/32981"}],"wp:featuredmedia":[{"embeddable":true,"href":"https:\/\/adanaseshaber.com.tr\/index.php?rest_route=\/wp\/v2\/media\/32978"}],"wp:attachment":[{"href":"https:\/\/adanaseshaber.com.tr\/index.php?rest_route=%2Fwp%2Fv2%2Fmedia&parent=32977"}],"wp:term":[{"taxonomy":"category","embeddable":true,"href":"https:\/\/adanaseshaber.com.tr\/index.php?rest_route=%2Fwp%2Fv2%2Fcategories&post=32977"},{"taxonomy":"post_tag","embeddable":true,"href":"https:\/\/adanaseshaber.com.tr\/index.php?rest_route=%2Fwp%2Fv2%2Ftags&post=32977"}],"curies":[{"name":"wp","href":"https:\/\/api.w.org\/{rel}","templated":true}]}}